{"id":101475,"date":"2010-09-06T00:00:00","date_gmt":"2010-09-06T00:00:00","guid":{"rendered":"https:\/\/www.deberes.net\/tesis\/sin-categoria\/la-filosfia-en-el-cine-de-ciencia-ficcion\/"},"modified":"2010-09-06T00:00:00","modified_gmt":"2010-09-06T00:00:00","slug":"la-filosfia-en-el-cine-de-ciencia-ficcion","status":"publish","type":"post","link":"https:\/\/www.deberes.net\/tesis\/filosofia-de-las-ciencias-sociales\/la-filosfia-en-el-cine-de-ciencia-ficcion\/","title":{"rendered":"La filosfia en el cine de ciencia ficcion"},"content":{"rendered":"<h2>Tesis doctoral de <strong> Sergio Jimenez Cruz <\/strong><\/h2>\n<p>El objeto de este estudio es mostrar la orientaci\u00f3n interdisciplinaria de la filosof\u00eda respecto al cine, y viceversa, centr\u00e1ndonos en  los problemas epistemol\u00f3gicos y  la filosof\u00eda de la mente del cine de ciencia ficci\u00f3n norteamericano del periodo 1985-2010. Por ello hemos descartado gran parte de las tem\u00e1ticas vinculadas a la filosof\u00eda -quince para ser precisos- y no ha sido por evidenciar su falta de importancia. De hecho, consideramos que es necesario un an\u00e1lisis m\u00e1s completo y exhaustivo de la filosof\u00eda pol\u00edtica, la \u00e9tica,  la l\u00f3gica o la antropolog\u00eda  en obras concretas, teniendo como tel\u00f3n de fondo el reto del cambio tecnol\u00f3gico en un marco futuro. Esta objeci\u00f3n, m\u00e1s que un obst\u00e1culo, es una premisa necesaria para justificar la riqueza que proporciona taleste objeto de investigaci\u00f3n, abierto a desarrollos ulteriores   en el primer cap\u00edtulo analizamos la funci\u00f3n de la imagen cinematogr\u00e1fica y el discurso verbal, a juicio de directores de cine y pensadores, constatando los antagonismos entre  formalistas y cognitivistas respecto a este arte del siglo xxi. A continuaci\u00f3n, consideramos el cinemat\u00f3grafo como herramienta de observaci\u00f3n, a juicio de  henry bergson y g. Deleuze, ya que el cine y la ciencia permiten explicar los procesos psicol\u00f3gicos del conocimiento y la creaci\u00f3n de tiempos. Apelamos a films del periodo -como atrapados en el tiempo- y observamos un \u00e1rea intermedia, una superficie de intersecci\u00f3n entre los conjuntos formados por la filosof\u00eda, el cine y la ciencia. En el cap\u00edtulo iii nos centramos en la noci\u00f3n de espacio, y, m\u00e1s concretamente, la naturaleza de la realidad, el realismo ingenuo, el realismo cient\u00edfico, el idealismo y el convencionalismo de las leyes cient\u00edficas en obras que inauguran la noci\u00f3n de ciberespacio como: tron, the third floor, dark city, existenz, the truman show y the matrix. Por \u00faltimo, en el cuarto cap\u00edtulo, la res cogitans cartesiana, el yo pensante es sometido, de nuevo, a una revisi\u00f3n en el contexto de la filosof\u00eda de la mente. Tras una previa consideraci\u00f3n hist\u00f3rica sobre la evoluci\u00f3n del dualismo hacia un monismo materialista y el reduccionismo de la neurociencia, hemos descrito los t\u00f3picos de la ciencia ficci\u00f3n y su posicionamiento filos\u00f3fico a trav\u00e9s de numerosas producciones, que ilustran posicionan una visi\u00f3n de la inteligencia artificial acordeen relaci\u00f3n al funcionalismo, as\u00ed como unas peculiares propuestas y preguntas en la filosof\u00eda de la mente, relativas a turing, searle, penrose y la teor\u00eda computacional de la mente. Para finalizar, tras realizar este recorrido panor\u00e1mico, inevitablemente incompleto, en las conclusiones hemos intentado deducir algunas consecuencias en cuatro n\u00facleos tem\u00e1ticos o polos: concepto-imagen cinematogr\u00e1fica\/ espacio-tiempo\/ realismo-idealismo\/ mente-cuerpo.  en s\u00edntesis, hemos postulado a partir del subg\u00e9nero cinematogr\u00e1fico de la ciencia ficci\u00f3n una perspectiva del conjunto de las relaciones arte-pensamiento en una clave transdisciplinaria, decant\u00e1ndonos hacia el cognitivismo del arte, y una visi\u00f3n del arte, entendido, nietzscheanamente, como pensamiento. Seguimos, pues, los pasos de  f. Nietzsche, quien aboga por la hibridaci\u00f3n inevitable de la filosof\u00eda con el arte en una apuesta que le conduce a la creaci\u00f3n de centauros. \u00c2\u00bfc\u00f3mo y por qu\u00e9 una producci\u00f3n art\u00edstica realiza un acercamiento intuitivo y po\u00e9tico de a la realidad? A nuestro juicio, hemos observado la conexi\u00f3n entre la literatura del subg\u00e9nero y el cine, ya que gran parte de los guiones, scripts, de la ciencia ficci\u00f3n est\u00e1n inspirados en la literatura, y nono pudiendo eludenir un contenido fuertemente dieg\u00e9tico, aunque use recursos propios, como el montaje. Al igual que la literatura, la ciencia ficci\u00f3n intuye futuribles, y sugiere experimentos mentales, t\u00e9cnicos y filos\u00f3fiicos,  por lo que sugerimos que los diferentes lenguajes: el art\u00edstico, el filos\u00f3fico y el cient\u00edfico poseen un conjunto o \u00e1rea com\u00fan donde los conceptos pueden transformarseson reconvertibles en im\u00e1genes y en funci<\/p>\n<p>&nbsp;<\/p>\n<h3>Datos acad\u00e9micos de la tesis doctoral \u00ab<strong>La filosfia en el cine de ciencia ficcion<\/strong>\u00ab<\/h3>\n<ul>\n<li><strong>T\u00edtulo de la tesis:<\/strong>\u00a0 La filosfia en el cine de ciencia ficcion <\/li>\n<li><strong>Autor:<\/strong>\u00a0 Sergio Jimenez Cruz <\/li>\n<li><strong>Universidad:<\/strong>\u00a0 Nacional de educaci\u00f3n a distancia<\/li>\n<li><strong>Fecha de lectura de la tesis:<\/strong>\u00a0 09\/06\/2010<\/li>\n<\/ul>\n<p>&nbsp;<\/p>\n<h3>Direcci\u00f3n y tribunal<\/h3>\n<ul>\n<li><strong>Director de la tesis<\/strong>\n<ul>\n<li>Diego S\u00e1nchez Meca<\/li>\n<\/ul>\n<\/li>\n<li><strong>Tribunal<\/strong>\n<ul>\n<li>Presidente del tribunal: quintin Racionero carmona <\/li>\n<li>felic\u00edsimo Valbuena de la fuente (vocal)<\/li>\n<li>Luis enrique De Santiago guervos (vocal)<\/li>\n<li>sixto Jos\u00e9 Castro rodriguez (vocal)<\/li>\n<\/ul>\n<\/li>\n<\/ul>\n<p>&nbsp;<\/p>\n","protected":false},"excerpt":{"rendered":"<p>Tesis doctoral de Sergio Jimenez Cruz El objeto de este estudio es mostrar la orientaci\u00f3n interdisciplinaria de la filosof\u00eda respecto [&hellip;]<\/p>\n","protected":false},"author":1,"featured_media":0,"comment_status":"open","ping_status":"open","sticky":false,"template":"","format":"standard","meta":{"site-sidebar-layout":"default","site-content-layout":"","ast-site-content-layout":"","site-content-style":"default","site-sidebar-style":"default","ast-global-header-display":"","ast-banner-title-visibility":"","ast-main-header-display":"","ast-hfb-above-header-display":"","ast-hfb-below-header-display":"","ast-hfb-mobile-header-display":"","site-post-title":"","ast-breadcrumbs-content":"","ast-featured-img":"","footer-sml-layout":"","theme-transparent-header-meta":"","adv-header-id-meta":"","stick-header-meta":"","header-above-stick-meta":"","header-main-stick-meta":"","header-below-stick-meta":"","astra-migrate-meta-layouts":"default","ast-page-background-enabled":"default","ast-page-background-meta":{"desktop":{"background-color":"var(--ast-global-color-4)","background-image":"","background-repeat":"repeat","background-position":"center center","background-size":"auto","background-attachment":"scroll","background-type":"","background-media":"","overlay-type":"","overlay-color":"","overlay-gradient":""},"tablet":{"background-color":"","background-image":"","background-repeat":"repeat","background-position":"center center","background-size":"auto","background-attachment":"scroll","background-type":"","background-media":"","overlay-type":"","overlay-color":"","overlay-gradient":""},"mobile":{"background-color":"","background-image":"","background-repeat":"repeat","background-position":"center center","background-size":"auto","background-attachment":"scroll","background-type":"","background-media":"","overlay-type":"","overlay-color":"","overlay-gradient":""}},"ast-content-background-meta":{"desktop":{"background-color":"var(--ast-global-color-5)","background-image":"","background-repeat":"repeat","background-position":"center center","background-size":"auto","background-attachment":"scroll","background-type":"","background-media":"","overlay-type":"","overlay-color":"","overlay-gradient":""},"tablet":{"background-color":"var(--ast-global-color-5)","background-image":"","background-repeat":"repeat","background-position":"center center","background-size":"auto","background-attachment":"scroll","background-type":"","background-media":"","overlay-type":"","overlay-color":"","overlay-gradient":""},"mobile":{"background-color":"var(--ast-global-color-5)","background-image":"","background-repeat":"repeat","background-position":"center center","background-size":"auto","background-attachment":"scroll","background-type":"","background-media":"","overlay-type":"","overlay-color":"","overlay-gradient":""}},"footnotes":""},"categories":[5250,17070],"tags":[17243,7172,51184,51149,206227,117333],"class_list":["post-101475","post","type-post","status-publish","format-standard","hentry","category-filosofia-de-las-ciencias-sociales","category-nacional-de-educacion-a-distancia","tag-diego-sanchez-meca","tag-felicisimo-valbuena-de-la-fuente","tag-luis-enrique-de-santiago-guervos","tag-quintin-racionero-carmona","tag-sergio-jimenez-cruz","tag-sixto-jose-castro-rodriguez"],"_links":{"self":[{"href":"https:\/\/www.deberes.net\/tesis\/wp-json\/wp\/v2\/posts\/101475","targetHints":{"allow":["GET"]}}],"collection":[{"href":"https:\/\/www.deberes.net\/tesis\/wp-json\/wp\/v2\/posts"}],"about":[{"href":"https:\/\/www.deberes.net\/tesis\/wp-json\/wp\/v2\/types\/post"}],"author":[{"embeddable":true,"href":"https:\/\/www.deberes.net\/tesis\/wp-json\/wp\/v2\/users\/1"}],"replies":[{"embeddable":true,"href":"https:\/\/www.deberes.net\/tesis\/wp-json\/wp\/v2\/comments?post=101475"}],"version-history":[{"count":0,"href":"https:\/\/www.deberes.net\/tesis\/wp-json\/wp\/v2\/posts\/101475\/revisions"}],"wp:attachment":[{"href":"https:\/\/www.deberes.net\/tesis\/wp-json\/wp\/v2\/media?parent=101475"}],"wp:term":[{"taxonomy":"category","embeddable":true,"href":"https:\/\/www.deberes.net\/tesis\/wp-json\/wp\/v2\/categories?post=101475"},{"taxonomy":"post_tag","embeddable":true,"href":"https:\/\/www.deberes.net\/tesis\/wp-json\/wp\/v2\/tags?post=101475"}],"curies":[{"name":"wp","href":"https:\/\/api.w.org\/{rel}","templated":true}]}}