{"id":101484,"date":"2010-09-06T00:00:00","date_gmt":"2010-09-06T00:00:00","guid":{"rendered":"https:\/\/www.deberes.net\/tesis\/sin-categoria\/analisis-de-la-relacion-entre-contabilidad-y-fiscalidad-en-la-imposicion-de-la-renta-empresarial-a-traves-de-la-evolcion-de-la-normativa-fiscal-y-contable-en-espana\/"},"modified":"2010-09-06T00:00:00","modified_gmt":"2010-09-06T00:00:00","slug":"analisis-de-la-relacion-entre-contabilidad-y-fiscalidad-en-la-imposicion-de-la-renta-empresarial-a-traves-de-la-evolcion-de-la-normativa-fiscal-y-contable-en-espana","status":"publish","type":"post","link":"https:\/\/www.deberes.net\/tesis\/derecho-fiscal\/analisis-de-la-relacion-entre-contabilidad-y-fiscalidad-en-la-imposicion-de-la-renta-empresarial-a-traves-de-la-evolcion-de-la-normativa-fiscal-y-contable-en-espana\/","title":{"rendered":"An\u00e1lisis de la relaci\u00f3n entre contabilidad y fiscalidad en la imposici\u00f3n de la renta empresarial a traves de la evolci\u00f3n de la normativa fiscal y contable en espa\u00f1a"},"content":{"rendered":"<h2>Tesis doctoral de <strong> Emilio Navarro Heras <\/strong><\/h2>\n<p>La tesis analiza la evolucion entre la contabilidad y el impuesto sobre sociedades en espa\u00f1a, con el objetivo de establecer su evolucion  y reflejar el grado de injerencia acutal de la fiscalidad sobre la contabilidad. Como segundo objetivo se analiza los efectos focales derivados del cambio contable en 2007<\/p>\n<p>&nbsp;<\/p>\n<h3>Datos acad\u00e9micos de la tesis doctoral \u00ab<strong>An\u00e1lisis de la relaci\u00f3n entre contabilidad y fiscalidad en la imposici\u00f3n de la renta empresarial a traves de la evolci\u00f3n de la normativa fiscal y contable en espa\u00f1a<\/strong>\u00ab<\/h3>\n<ul>\n<li><strong>T\u00edtulo de la tesis:<\/strong>\u00a0 An\u00e1lisis de la relaci\u00f3n entre contabilidad y fiscalidad en la imposici\u00f3n de la renta empresarial a traves de la evolci\u00f3n de la normativa fiscal y contable en espa\u00f1a <\/li>\n<li><strong>Autor:<\/strong>\u00a0 Emilio Navarro Heras <\/li>\n<li><strong>Universidad:<\/strong>\u00a0 Rey juan carlos<\/li>\n<li><strong>Fecha de lectura de la tesis:<\/strong>\u00a0 09\/06\/2010<\/li>\n<\/ul>\n<p>&nbsp;<\/p>\n<h3>Direcci\u00f3n y tribunal<\/h3>\n<ul>\n<li><strong>Director de la tesis<\/strong>\n<ul>\n<li>Mar\u00eda Alvarado Riquelme<\/li>\n<\/ul>\n<\/li>\n<li><strong>Tribunal<\/strong>\n<ul>\n<li>Presidente del tribunal: pedro Rivero torre <\/li>\n<li>tomas Miguel Pizarro montero (vocal)<\/li>\n<li>Jos\u00e9 Luis Sanchez-fernandez valderrama (vocal)<\/li>\n<li>pablo Chico de la camara (vocal)<\/li>\n<\/ul>\n<\/li>\n<\/ul>\n<p>&nbsp;<\/p>\n","protected":false},"excerpt":{"rendered":"<p>Tesis doctoral de Emilio Navarro Heras La tesis analiza la evolucion entre la contabilidad y el impuesto sobre sociedades en [&hellip;]<\/p>\n","protected":false},"author":1,"featured_media":0,"comment_status":"open","ping_status":"open","sticky":false,"template":"","format":"standard","meta":{"site-sidebar-layout":"default","site-content-layout":"","ast-site-content-layout":"","site-content-style":"default","site-sidebar-style":"default","ast-global-header-display":"","ast-banner-title-visibility":"","ast-main-header-display":"","ast-hfb-above-header-display":"","ast-hfb-below-header-display":"","ast-hfb-mobile-header-display":"","site-post-title":"","ast-breadcrumbs-content":"","ast-featured-img":"","footer-sml-layout":"","theme-transparent-header-meta":"","adv-header-id-meta":"","stick-header-meta":"","header-above-stick-meta":"","header-main-stick-meta":"","header-below-stick-meta":"","astra-migrate-meta-layouts":"default","ast-page-background-enabled":"default","ast-page-background-meta":{"desktop":{"background-color":"var(--ast-global-color-4)","background-image":"","background-repeat":"repeat","background-position":"center center","background-size":"auto","background-attachment":"scroll","background-type":"","background-media":"","overlay-type":"","overlay-color":"","overlay-gradient":""},"tablet":{"background-color":"","background-image":"","background-repeat":"repeat","background-position":"center center","background-size":"auto","background-attachment":"scroll","background-type":"","background-media":"","overlay-type":"","overlay-color":"","overlay-gradient":""},"mobile":{"background-color":"","background-image":"","background-repeat":"repeat","background-position":"center center","background-size":"auto","background-attachment":"scroll","background-type":"","background-media":"","overlay-type":"","overlay-color":"","overlay-gradient":""}},"ast-content-background-meta":{"desktop":{"background-color":"var(--ast-global-color-5)","background-image":"","background-repeat":"repeat","background-position":"center center","background-size":"auto","background-attachment":"scroll","background-type":"","background-media":"","overlay-type":"","overlay-color":"","overlay-gradient":""},"tablet":{"background-color":"var(--ast-global-color-5)","background-image":"","background-repeat":"repeat","background-position":"center center","background-size":"auto","background-attachment":"scroll","background-type":"","background-media":"","overlay-type":"","overlay-color":"","overlay-gradient":""},"mobile":{"background-color":"var(--ast-global-color-5)","background-image":"","background-repeat":"repeat","background-position":"center center","background-size":"auto","background-attachment":"scroll","background-type":"","background-media":"","overlay-type":"","overlay-color":"","overlay-gradient":""}},"footnotes":""},"categories":[1699,797,6837,36610],"tags":[206241,3466,92339,43899,5836,159205],"class_list":["post-101484","post","type-post","status-publish","format-standard","hentry","category-contabilidad-financiera","category-derecho-fiscal","category-politica-fiscal-y-deuda-publica","category-rey-juan-carlos","tag-emilio-navarro-heras","tag-jose-luis-sanchez-fernandez-valderrama","tag-maria-alvarado-riquelme","tag-pablo-chico-de-la-camara","tag-pedro-rivero-torre","tag-tomas-miguel-pizarro-montero"],"_links":{"self":[{"href":"https:\/\/www.deberes.net\/tesis\/wp-json\/wp\/v2\/posts\/101484","targetHints":{"allow":["GET"]}}],"collection":[{"href":"https:\/\/www.deberes.net\/tesis\/wp-json\/wp\/v2\/posts"}],"about":[{"href":"https:\/\/www.deberes.net\/tesis\/wp-json\/wp\/v2\/types\/post"}],"author":[{"embeddable":true,"href":"https:\/\/www.deberes.net\/tesis\/wp-json\/wp\/v2\/users\/1"}],"replies":[{"embeddable":true,"href":"https:\/\/www.deberes.net\/tesis\/wp-json\/wp\/v2\/comments?post=101484"}],"version-history":[{"count":0,"href":"https:\/\/www.deberes.net\/tesis\/wp-json\/wp\/v2\/posts\/101484\/revisions"}],"wp:attachment":[{"href":"https:\/\/www.deberes.net\/tesis\/wp-json\/wp\/v2\/media?parent=101484"}],"wp:term":[{"taxonomy":"category","embeddable":true,"href":"https:\/\/www.deberes.net\/tesis\/wp-json\/wp\/v2\/categories?post=101484"},{"taxonomy":"post_tag","embeddable":true,"href":"https:\/\/www.deberes.net\/tesis\/wp-json\/wp\/v2\/tags?post=101484"}],"curies":[{"name":"wp","href":"https:\/\/api.w.org\/{rel}","templated":true}]}}