{"id":101500,"date":"2010-10-06T00:00:00","date_gmt":"2010-10-06T00:00:00","guid":{"rendered":"https:\/\/www.deberes.net\/tesis\/sin-categoria\/aspectos-socioecamicos-ambientais-e-pola%c2%adticos-da-gesta-o-oficial-dos-resa%c2%adduos-solidos-de-natal-brasil-apartir-de-2003\/"},"modified":"2010-10-06T00:00:00","modified_gmt":"2010-10-06T00:00:00","slug":"aspectos-socioecamicos-ambientais-e-pola%c2%adticos-da-gesta-o-oficial-dos-resa%c2%adduos-solidos-de-natal-brasil-apartir-de-2003","status":"publish","type":"post","link":"https:\/\/www.deberes.net\/tesis\/barcelona\/aspectos-socioecamicos-ambientais-e-pola%c2%adticos-da-gesta-o-oficial-dos-resa%c2%adduos-solidos-de-natal-brasil-apartir-de-2003\/","title":{"rendered":"Aspectos socioec\u00c1\u00b4micos, ambientais e pol\u00edticos da gest\u00c1\u00a0o oficial dos res\u00edduos s\u00f3lidos de  natal\/brasil, apartir de 2003"},"content":{"rendered":"<h2>Tesis doctoral de <strong> F\u00c1\u00a0bio Fonseca Figueiredo <\/strong><\/h2>\n<p>Resumen de la tesis:\to modelo de produ\u00ed\u00a7\u00ed\u00a3o e consumo da sociedade global possui como caracter\u00edsticas o uso excessivo dos recursos naturais e contamina\u00ed\u00a7\u00ed\u00a3o ambiental. Como uma das modalidades dessa contamina\u00ed\u00a7\u00ed\u00a3o, a gera\u00ed\u00a7\u00ed\u00a3o ampliada de res\u00edduos s\u00f3lidos vem se tornando uma das principais preocupa\u00ed\u00a7\u00ed\u00b5es da agenda ambiental contempor\u00ed\u00a2nea. As administra\u00ed\u00a7\u00ed\u00b5es p\u00fablicas de pa\u00edses centrais e perif\u00e9ricos t\u00ed\u00aam formulado suas pol\u00edticas de gest\u00ed\u00a3o de res\u00edduos segundo os modelos de preven\u00ed\u00a7\u00ed\u00a3o e controle destes, usando como principal estrat\u00e9gia o desenvolvimento de iniciativas que contribuem \u00ed\u00a0 reciclagem dos materiais, visando explorar as possibilidades ambientais, econ\u00ed\u00b4micas e sociais da atividade, bem como o tratamento final de res\u00edduos em aterros sanit\u00e1rios. Apesar da justifica do uso da reciclagem e dos aterros sanit\u00e1rios, tem-se constatado uma intensa explora\u00ed\u00a7\u00ed\u00a3o capitalista na gest\u00ed\u00a3o dos res\u00edduos, sobretudo nos pa\u00edses perif\u00e9ricos, que se revela: nos contratos firmados com as empresas prestadoras de servi\u00ed\u00a7os de res\u00edduos e nas prec\u00e1rias condi\u00ed\u00a7\u00ed\u00b5es laborais dos separadores de recicl\u00e1veis. No brasil, discute-se desde 2007 propostas \u00ed\u00a0 formula\u00ed\u00a7\u00ed\u00a3o da pol\u00edtica nacional para res\u00edduos s\u00f3lidos, na qual a participa\u00ed\u00a7\u00ed\u00a3o de separadores de recicl\u00e1veis na gest\u00ed\u00a3o oficial dos res\u00edduos ser\u00e1 a principal caracter\u00edstica da futura lei. A presente investiga\u00ed\u00a7\u00ed\u00a3o analisa os aspectos socioecon\u00ed\u00b4micos, ambientais e pol\u00edticos da gest\u00ed\u00a3o dos res\u00edduos da cidade de natal\/brasil, desenvolvida pela administra\u00ed\u00a7\u00ed\u00a3o local a partir de 2003. Caracterizado como um estudo de caso, foram utilizados como procedimentos metodol\u00f3gicos a consulta a documentos oficiais e informes diversos; a observa\u00ed\u00a7\u00ed\u00a3o direta dos aspectos estruturais do trabalho dos separadores que atuam na coleta seletiva de natal e a participa\u00ed\u00a7\u00ed\u00a3o a uma oficina de sensibiliza\u00ed\u00a7\u00ed\u00a3o ambiental oferecida pela prefeitura. Tamb\u00e9m, entrevistas semi-estruturadas com quest\u00ed\u00b5es semi-abertas, sendo entrevistados onze separadores e um representante da administra\u00ed\u00a7\u00ed\u00a3o p\u00fablica. O discurso oficial ressalta os aspectos ambientais, econ\u00ed\u00b4micos e principalmente sociais da sua gest\u00ed\u00a3o de res\u00edduos, que acercando-se das propostas da futura lei federal faz da gest\u00ed\u00a3o dos res\u00edduos de natal um modelo nacional. Contudo, o fracasso do programa de coleta seletiva revelado nos baixos \u00edndices de recupera\u00ed\u00a7\u00ed\u00a3o de materiais, a aus\u00ed\u00aancia de estrat\u00e9gias de preven\u00ed\u00a7\u00ed\u00a3o ambientais, a maior participa\u00ed\u00a7\u00ed\u00a3o do setor privado na gest\u00ed\u00a3o e ainda o aumento exagerado dos gastos p\u00fablicos com os servi\u00ed\u00a7os do aterro sanit\u00e1rio, demonstram que a pol\u00edtica da prefeitura de natal se presta mais ao controle dos res\u00edduos na cidade que \u00ed\u00a0 gest\u00ed\u00a3o no marco da preven\u00ed\u00a7\u00ed\u00a3o de res\u00edduos. A participa\u00ed\u00a7\u00ed\u00a3o de quatro associa\u00ed\u00a7\u00ed\u00b5es de separadores na coleta seletiva oficial tampouco tem concretizado o objetivo da inclus\u00ed\u00a3o socioecon\u00ed\u00b4mica daqueles sujeitos, j\u00e1 que eles continuam em situa\u00ed\u00a7\u00ed\u00a3o de exclus\u00ed\u00a3o no contexto da sociedade local, sendo, somente, reconhecida a formaliza\u00ed\u00a7\u00ed\u00a3o da sua atua\u00ed\u00a7\u00ed\u00a3o. Tais verifica\u00ed\u00a7\u00ed\u00b5es denotam o ambientalismo econ\u00ed\u00b4mico na gest\u00ed\u00a3o dos res\u00edduos de natal, onde o discurso oficial usa elementos da quest\u00ed\u00a3o ambiental para justificar a reprodu\u00ed\u00a7\u00ed\u00a3o do capital no setor dos res\u00edduos da cidade.<\/p>\n<p>&nbsp;<\/p>\n<h3>Datos acad\u00e9micos de la tesis doctoral \u00ab<strong>Aspectos socioec\u00c1\u00b4micos, ambientais e pol\u00edticos da gest\u00c1\u00a0o oficial dos res\u00edduos s\u00f3lidos de  natal\/brasil, apartir de 2003<\/strong>\u00ab<\/h3>\n<ul>\n<li><strong>T\u00edtulo de la tesis:<\/strong>\u00a0 Aspectos socioec\u00c1\u00b4micos, ambientais e pol\u00edticos da gest\u00c1\u00a0o oficial dos res\u00edduos s\u00f3lidos de  natal\/brasil, apartir de 2003 <\/li>\n<li><strong>Autor:<\/strong>\u00a0 F\u00c1\u00a0bio Fonseca Figueiredo <\/li>\n<li><strong>Universidad:<\/strong>\u00a0 Barcelona<\/li>\n<li><strong>Fecha de lectura de la tesis:<\/strong>\u00a0 10\/06\/2010<\/li>\n<\/ul>\n<p>&nbsp;<\/p>\n<h3>Direcci\u00f3n y tribunal<\/h3>\n<ul>\n<li><strong>Director de la tesis<\/strong>\n<ul>\n<li>Ma. Angels Ali\u00f3 Torres<\/li>\n<\/ul>\n<\/li>\n<li><strong>Tribunal<\/strong>\n<ul>\n<li>Presidente del tribunal: horacio Capel saez <\/li>\n<li>augusto c\u00e9sar Pinheiro da silva (vocal)<\/li>\n<li>  (vocal)<\/li>\n<li>  (vocal)<\/li>\n<\/ul>\n<\/li>\n<\/ul>\n<p>&nbsp;<\/p>\n","protected":false},"excerpt":{"rendered":"<p>Tesis doctoral de F\u00c1\u00a0bio Fonseca Figueiredo Resumen de la tesis: o modelo de produ\u00ed\u00a7\u00ed\u00a3o e consumo da sociedade global possui [&hellip;]<\/p>\n","protected":false},"author":1,"featured_media":0,"comment_status":"open","ping_status":"open","sticky":false,"template":"","format":"standard","meta":{"site-sidebar-layout":"default","site-content-layout":"","ast-site-content-layout":"","site-content-style":"default","site-sidebar-style":"default","ast-global-header-display":"","ast-banner-title-visibility":"","ast-main-header-display":"","ast-hfb-above-header-display":"","ast-hfb-below-header-display":"","ast-hfb-mobile-header-display":"","site-post-title":"","ast-breadcrumbs-content":"","ast-featured-img":"","footer-sml-layout":"","theme-transparent-header-meta":"","adv-header-id-meta":"","stick-header-meta":"","header-above-stick-meta":"","header-main-stick-meta":"","header-below-stick-meta":"","astra-migrate-meta-layouts":"default","ast-page-background-enabled":"default","ast-page-background-meta":{"desktop":{"background-color":"var(--ast-global-color-4)","background-image":"","background-repeat":"repeat","background-position":"center center","background-size":"auto","background-attachment":"scroll","background-type":"","background-media":"","overlay-type":"","overlay-color":"","overlay-gradient":""},"tablet":{"background-color":"","background-image":"","background-repeat":"repeat","background-position":"center center","background-size":"auto","background-attachment":"scroll","background-type":"","background-media":"","overlay-type":"","overlay-color":"","overlay-gradient":""},"mobile":{"background-color":"","background-image":"","background-repeat":"repeat","background-position":"center center","background-size":"auto","background-attachment":"scroll","background-type":"","background-media":"","overlay-type":"","overlay-color":"","overlay-gradient":""}},"ast-content-background-meta":{"desktop":{"background-color":"var(--ast-global-color-5)","background-image":"","background-repeat":"repeat","background-position":"center center","background-size":"auto","background-attachment":"scroll","background-type":"","background-media":"","overlay-type":"","overlay-color":"","overlay-gradient":""},"tablet":{"background-color":"var(--ast-global-color-5)","background-image":"","background-repeat":"repeat","background-position":"center center","background-size":"auto","background-attachment":"scroll","background-type":"","background-media":"","overlay-type":"","overlay-color":"","overlay-gradient":""},"mobile":{"background-color":"var(--ast-global-color-5)","background-image":"","background-repeat":"repeat","background-position":"center center","background-size":"auto","background-attachment":"scroll","background-type":"","background-media":"","overlay-type":"","overlay-color":"","overlay-gradient":""}},"footnotes":""},"categories":[951,6217,6713,24577,41921],"tags":[206265,206264,1404,124609],"class_list":["post-101500","post","type-post","status-publish","format-standard","hentry","category-barcelona","category-cambio-y-desarrollo-social","category-desarrollo-socioeconomico","category-evolucion-de-las-sociedades","category-politicas-sociales-publicas","tag-augusto-cesar-pinheiro-da-silva","tag-fa-bio-fonseca-figueiredo","tag-horacio-capel-saez","tag-ma-angels-alio-torres"],"_links":{"self":[{"href":"https:\/\/www.deberes.net\/tesis\/wp-json\/wp\/v2\/posts\/101500","targetHints":{"allow":["GET"]}}],"collection":[{"href":"https:\/\/www.deberes.net\/tesis\/wp-json\/wp\/v2\/posts"}],"about":[{"href":"https:\/\/www.deberes.net\/tesis\/wp-json\/wp\/v2\/types\/post"}],"author":[{"embeddable":true,"href":"https:\/\/www.deberes.net\/tesis\/wp-json\/wp\/v2\/users\/1"}],"replies":[{"embeddable":true,"href":"https:\/\/www.deberes.net\/tesis\/wp-json\/wp\/v2\/comments?post=101500"}],"version-history":[{"count":0,"href":"https:\/\/www.deberes.net\/tesis\/wp-json\/wp\/v2\/posts\/101500\/revisions"}],"wp:attachment":[{"href":"https:\/\/www.deberes.net\/tesis\/wp-json\/wp\/v2\/media?parent=101500"}],"wp:term":[{"taxonomy":"category","embeddable":true,"href":"https:\/\/www.deberes.net\/tesis\/wp-json\/wp\/v2\/categories?post=101500"},{"taxonomy":"post_tag","embeddable":true,"href":"https:\/\/www.deberes.net\/tesis\/wp-json\/wp\/v2\/tags?post=101500"}],"curies":[{"name":"wp","href":"https:\/\/api.w.org\/{rel}","templated":true}]}}