{"id":101610,"date":"2018-03-11T10:23:28","date_gmt":"2018-03-11T10:23:28","guid":{"rendered":"https:\/\/www.deberes.net\/tesis\/sin-categoria\/literatura-y-musica-un-modelo-didactico-de-interpretacion-intertextual-en-educacion-secundaria\/"},"modified":"2018-03-11T10:23:28","modified_gmt":"2018-03-11T10:23:28","slug":"literatura-y-musica-un-modelo-didactico-de-interpretacion-intertextual-en-educacion-secundaria","status":"publish","type":"post","link":"https:\/\/www.deberes.net\/tesis\/lengua-y-literatura\/literatura-y-musica-un-modelo-didactico-de-interpretacion-intertextual-en-educacion-secundaria\/","title":{"rendered":"Literatura y m\u00fasica. un modelo did\u00e1ctico de interpretaci\u00f3n intertextual en educaci\u00f3n secundaria"},"content":{"rendered":"<h2>Tesis doctoral de <strong> Mar\u00eda  Dolores Escobar Martinez <\/strong><\/h2>\n<p>La profunda relaci\u00f3n existente entre la m\u00fasica, el lenguaje y la literatura a trav\u00e9s de la historia se ha manifestado en diversos niveles de interacci\u00f3n, capaces de inspirar y justificar el dise\u00f1o de intervenciones did\u00e1cticas musicales para la educaci\u00f3n literaria en secundaria. La presente investigaci\u00f3n propone la utilizaci\u00f3n de t\u00e9cnicas interdisciplinares m\u00fasico-literarias como parte de un modelo did\u00e1ctico de interpretaci\u00f3n intertextual que contribuya a mejorar las competencias ling\u00ed\u00bc\u00edsticas y literarias en el alumnado de educaci\u00f3n secundaria.<\/p>\n<p>&nbsp;<\/p>\n<h3>Datos acad\u00e9micos de la tesis doctoral \u00ab<strong>Literatura y m\u00fasica. un modelo did\u00e1ctico de interpretaci\u00f3n intertextual en educaci\u00f3n secundaria<\/strong>\u00ab<\/h3>\n<ul>\n<li><strong>T\u00edtulo de la tesis:<\/strong>\u00a0 Literatura y m\u00fasica. un modelo did\u00e1ctico de interpretaci\u00f3n intertextual en educaci\u00f3n secundaria <\/li>\n<li><strong>Autor:<\/strong>\u00a0 Mar\u00eda  Dolores Escobar Martinez <\/li>\n<li><strong>Universidad:<\/strong>\u00a0 Murcia<\/li>\n<li><strong>Fecha de lectura de la tesis:<\/strong>\u00a0 14\/06\/2010<\/li>\n<\/ul>\n<p>&nbsp;<\/p>\n<h3>Direcci\u00f3n y tribunal<\/h3>\n<ul>\n<li><strong>Director de la tesis<\/strong>\n<ul>\n<li>Pedro Guerrero Ruiz<\/li>\n<\/ul>\n<\/li>\n<li><strong>Tribunal<\/strong>\n<ul>\n<li>Presidente del tribunal: Antonio Mendoza fillola <\/li>\n<li>Mar\u00eda no P\u00e9rez prieto (vocal)<\/li>\n<li>gregorio Vicente nicolas (vocal)<\/li>\n<li>Juan  Jos\u00e9 Pastor comin (vocal)<\/li>\n<\/ul>\n<\/li>\n<\/ul>\n<p>&nbsp;<\/p>\n","protected":false},"excerpt":{"rendered":"<p>Tesis doctoral de Mar\u00eda Dolores Escobar Martinez La profunda relaci\u00f3n existente entre la m\u00fasica, el lenguaje y la literatura a [&hellip;]<\/p>\n","protected":false},"author":1,"featured_media":0,"comment_status":"open","ping_status":"open","sticky":false,"template":"","format":"standard","meta":{"site-sidebar-layout":"default","site-content-layout":"","ast-site-content-layout":"","site-content-style":"default","site-sidebar-style":"default","ast-global-header-display":"","ast-banner-title-visibility":"","ast-main-header-display":"","ast-hfb-above-header-display":"","ast-hfb-below-header-display":"","ast-hfb-mobile-header-display":"","site-post-title":"","ast-breadcrumbs-content":"","ast-featured-img":"","footer-sml-layout":"","theme-transparent-header-meta":"","adv-header-id-meta":"","stick-header-meta":"","header-above-stick-meta":"","header-main-stick-meta":"","header-below-stick-meta":"","astra-migrate-meta-layouts":"default","ast-page-background-enabled":"default","ast-page-background-meta":{"desktop":{"background-color":"var(--ast-global-color-4)","background-image":"","background-repeat":"repeat","background-position":"center center","background-size":"auto","background-attachment":"scroll","background-type":"","background-media":"","overlay-type":"","overlay-color":"","overlay-gradient":""},"tablet":{"background-color":"","background-image":"","background-repeat":"repeat","background-position":"center center","background-size":"auto","background-attachment":"scroll","background-type":"","background-media":"","overlay-type":"","overlay-color":"","overlay-gradient":""},"mobile":{"background-color":"","background-image":"","background-repeat":"repeat","background-position":"center center","background-size":"auto","background-attachment":"scroll","background-type":"","background-media":"","overlay-type":"","overlay-color":"","overlay-gradient":""}},"ast-content-background-meta":{"desktop":{"background-color":"var(--ast-global-color-5)","background-image":"","background-repeat":"repeat","background-position":"center center","background-size":"auto","background-attachment":"scroll","background-type":"","background-media":"","overlay-type":"","overlay-color":"","overlay-gradient":""},"tablet":{"background-color":"var(--ast-global-color-5)","background-image":"","background-repeat":"repeat","background-position":"center center","background-size":"auto","background-attachment":"scroll","background-type":"","background-media":"","overlay-type":"","overlay-color":"","overlay-gradient":""},"mobile":{"background-color":"var(--ast-global-color-5)","background-image":"","background-repeat":"repeat","background-position":"center center","background-size":"auto","background-attachment":"scroll","background-type":"","background-media":"","overlay-type":"","overlay-color":"","overlay-gradient":""}},"footnotes":""},"categories":[636,8235,9132],"tags":[19750,199203,141360,206456,25873,35581],"class_list":["post-101610","post","type-post","status-publish","format-standard","hentry","category-lengua-y-literatura","category-murcia","category-musica-y-musicologia","tag-antonio-mendoza-fillola","tag-gregorio-vicente-nicolas","tag-juan-jose-pastor-comin","tag-maria-dolores-escobar-Martinez","tag-maria-no-perez-prieto","tag-pedro-guerrero-ruiz"],"_links":{"self":[{"href":"https:\/\/www.deberes.net\/tesis\/wp-json\/wp\/v2\/posts\/101610","targetHints":{"allow":["GET"]}}],"collection":[{"href":"https:\/\/www.deberes.net\/tesis\/wp-json\/wp\/v2\/posts"}],"about":[{"href":"https:\/\/www.deberes.net\/tesis\/wp-json\/wp\/v2\/types\/post"}],"author":[{"embeddable":true,"href":"https:\/\/www.deberes.net\/tesis\/wp-json\/wp\/v2\/users\/1"}],"replies":[{"embeddable":true,"href":"https:\/\/www.deberes.net\/tesis\/wp-json\/wp\/v2\/comments?post=101610"}],"version-history":[{"count":0,"href":"https:\/\/www.deberes.net\/tesis\/wp-json\/wp\/v2\/posts\/101610\/revisions"}],"wp:attachment":[{"href":"https:\/\/www.deberes.net\/tesis\/wp-json\/wp\/v2\/media?parent=101610"}],"wp:term":[{"taxonomy":"category","embeddable":true,"href":"https:\/\/www.deberes.net\/tesis\/wp-json\/wp\/v2\/categories?post=101610"},{"taxonomy":"post_tag","embeddable":true,"href":"https:\/\/www.deberes.net\/tesis\/wp-json\/wp\/v2\/tags?post=101610"}],"curies":[{"name":"wp","href":"https:\/\/api.w.org\/{rel}","templated":true}]}}