{"id":101620,"date":"2018-03-11T10:23:28","date_gmt":"2018-03-11T10:23:28","guid":{"rendered":"https:\/\/www.deberes.net\/tesis\/sin-categoria\/sentido-del-proyecto-aefectivo\/"},"modified":"2018-03-11T10:23:28","modified_gmt":"2018-03-11T10:23:28","slug":"sentido-del-proyecto-aefectivo","status":"publish","type":"post","link":"https:\/\/www.deberes.net\/tesis\/barcelona\/sentido-del-proyecto-aefectivo\/","title":{"rendered":"Sentido del proyecto aefectivo"},"content":{"rendered":"<h2>Tesis doctoral de <strong> Roberto Marcelo Falc\u00f3n Vignoli <\/strong><\/h2>\n<p>Tem\u00e1tica. esta investigaci\u00f3n indaga sobre el ser, manifestaci\u00f3n y sentido de toda acci\u00f3n inteligentemente creadora o proyecto entendido como trayecto, como intersticio germinal eyectado por la conciencia sist\u00e9mica de la humanidad. Para ello, ha sido necesario entretejer miradas filos\u00f3ficas, sociol\u00f3gicas y ecol\u00f3gicas, ya que tal realidad ha permitido situar todo proceso conformador y sus efectos sist\u00e9micos. Por lo tanto, el estado de alerta sobre esta situaci\u00f3n que involucra relaciones complejas entre inteligencias que proyectan, ser o verbo conformador, transformaci\u00f3n, manifestaci\u00f3n, efectos y sentido sist\u00e9mico, ha potenciado la investigaci\u00f3n que se ofrece, raz\u00f3n por la cual se nomina: sentido del proyecto \u00ed\u00a6fectivo. En definitiva, nos encontramos ante un trabajo que indaga sobre la sustancia de todo verbo manifestado concientemente por las potencias afectivamente inteligentes de la sociedad, por ende, sobre sus consecuencias y sentido sist\u00e9mico.  metodolog\u00eda utilizada. el presente trabajo es un trayecto de indagaci\u00f3n ontol\u00f3gica que se ha encaminado en descubrir la realidad sustancial que sostendr\u00eda todo movimiento concientemente creador. Por lo tanto, se ha desplegado un camino de b\u00fasqueda te\u00f3rica entre diversos pensadores con la finalidad de comprender y potenciar la verdadera esencia de toda acci\u00f3n capaz de conformar lo necesario seg\u00fan contexto social. En este sentido, hemos confiado fundamentalmente para tal proceso en tres pensamientos espec\u00edficos: la sociolog\u00eda del imaginario de michel maffesoli, las ideas sobre el rizoma de gilles delleuze\/felix guattari y la invenci\u00f3n de lo cotidiano de michel de certeau. Es as\u00ed, que estamos inmersos en un tri\u00e1ngulo cardinal desde lo imaginario, lo rizom\u00e1tico y lo cotidiano, que ha permitido dar sentido a todas las acciones de indagaci\u00f3n, organizaci\u00f3n, conformaci\u00f3n y manifestaci\u00f3n de este trabajo. De este modo y a grandes rasgos, es posible establecer que estamos ante una gu\u00eda trina que tiene presente la importancia de los imaginarios sociales, los trayectos vitales individuales y el valor singular de los acontecimientos cotidianos. Realidad entretejida, que indudablemente ha orientado durante todo el tiempo de indagaci\u00f3n, facilitando as\u00ed la emergencia de la tesis que felizmente se ofrece.   organizaci\u00f3n de la tesis. este trabajo orbita en torno a un eje central que es el ser, su manifestaci\u00f3n y su sentido, raz\u00f3n por la cual se ha organizado en tres estadios reflexivos o partes \u00edntimamente unidas, vinculadas l\u00f3gicamente a su introducci\u00f3n, s\u00edntesis y conclusi\u00f3n. Por lo tanto, la parte i: pensamiento del par\u00e9ntesis, indaga sobre la realidad potencial de todo verbo creador, entendido como fuerza comunicable que origina y nutre las transformaciones sociales, es decir, sus posibilidades de reinvenci\u00f3n cotidiana; la parte ii: pensamiento sobre el patrimonio, examina el verbo activo o manifiesto en realidades hipertextuales, concebidas como potencias capaces de facilitar la aparici\u00f3n de espacios \u00abpoliidentitarios\u00bb, de patrimonios colectivos, donde habitar\u00eda creativamente la humanidad; mientras que la parte iii: pensamiento sobre el sentido, analiza la raz\u00f3n de ser del verbo creador, es decir, de todo movimiento capaz de reinventar concientemente la sociedad. En definitiva, estar\u00edamos ante el sentido de aquellas potencias verbales y sus efectos que posibilitar\u00edan una repetici\u00f3n restauradora de todo nicho vital, que siempre ser\u00eda eyectada por un tejido inmunol\u00f3gico o conciencia sist\u00e9mica social que propiciar\u00eda los tr\u00e1nsitos de una humanidad reunida \u00edntimamente con la naturaleza.<\/p>\n<p>&nbsp;<\/p>\n<h3>Datos acad\u00e9micos de la tesis doctoral \u00ab<strong>Sentido del proyecto aefectivo<\/strong>\u00ab<\/h3>\n<ul>\n<li><strong>T\u00edtulo de la tesis:<\/strong>\u00a0 Sentido del proyecto aefectivo <\/li>\n<li><strong>Autor:<\/strong>\u00a0 Roberto Marcelo Falc\u00f3n Vignoli <\/li>\n<li><strong>Universidad:<\/strong>\u00a0 Barcelona<\/li>\n<li><strong>Fecha de lectura de la tesis:<\/strong>\u00a0 14\/06\/2010<\/li>\n<\/ul>\n<p>&nbsp;<\/p>\n<h3>Direcci\u00f3n y tribunal<\/h3>\n<ul>\n<li><strong>Director de la tesis<\/strong>\n<ul>\n<li>Bego\u00f1a Simon Ortoll<\/li>\n<\/ul>\n<\/li>\n<li><strong>Tribunal<\/strong>\n<ul>\n<li>Presidente del tribunal: pilar Perez camarero <\/li>\n<li>M\u00aa del roser Calaf masachs (vocal)<\/li>\n<li>  (vocal)<\/li>\n<li>  (vocal)<\/li>\n<\/ul>\n<\/li>\n<\/ul>\n<p>&nbsp;<\/p>\n","protected":false},"excerpt":{"rendered":"<p>Tesis doctoral de Roberto Marcelo Falc\u00f3n Vignoli Tem\u00e1tica. esta investigaci\u00f3n indaga sobre el ser, manifestaci\u00f3n y sentido de toda acci\u00f3n [&hellip;]<\/p>\n","protected":false},"author":1,"featured_media":0,"comment_status":"open","ping_status":"open","sticky":false,"template":"","format":"standard","meta":{"site-sidebar-layout":"default","site-content-layout":"","ast-site-content-layout":"","site-content-style":"default","site-sidebar-style":"default","ast-global-header-display":"","ast-banner-title-visibility":"","ast-main-header-display":"","ast-hfb-above-header-display":"","ast-hfb-below-header-display":"","ast-hfb-mobile-header-display":"","site-post-title":"","ast-breadcrumbs-content":"","ast-featured-img":"","footer-sml-layout":"","theme-transparent-header-meta":"","adv-header-id-meta":"","stick-header-meta":"","header-above-stick-meta":"","header-main-stick-meta":"","header-below-stick-meta":"","astra-migrate-meta-layouts":"default","ast-page-background-enabled":"default","ast-page-background-meta":{"desktop":{"background-color":"var(--ast-global-color-4)","background-image":"","background-repeat":"repeat","background-position":"center center","background-size":"auto","background-attachment":"scroll","background-type":"","background-media":"","overlay-type":"","overlay-color":"","overlay-gradient":""},"tablet":{"background-color":"","background-image":"","background-repeat":"repeat","background-position":"center center","background-size":"auto","background-attachment":"scroll","background-type":"","background-media":"","overlay-type":"","overlay-color":"","overlay-gradient":""},"mobile":{"background-color":"","background-image":"","background-repeat":"repeat","background-position":"center center","background-size":"auto","background-attachment":"scroll","background-type":"","background-media":"","overlay-type":"","overlay-color":"","overlay-gradient":""}},"ast-content-background-meta":{"desktop":{"background-color":"var(--ast-global-color-5)","background-image":"","background-repeat":"repeat","background-position":"center center","background-size":"auto","background-attachment":"scroll","background-type":"","background-media":"","overlay-type":"","overlay-color":"","overlay-gradient":""},"tablet":{"background-color":"var(--ast-global-color-5)","background-image":"","background-repeat":"repeat","background-position":"center center","background-size":"auto","background-attachment":"scroll","background-type":"","background-media":"","overlay-type":"","overlay-color":"","overlay-gradient":""},"mobile":{"background-color":"var(--ast-global-color-5)","background-image":"","background-repeat":"repeat","background-position":"center center","background-size":"auto","background-attachment":"scroll","background-type":"","background-media":"","overlay-type":"","overlay-color":"","overlay-gradient":""}},"footnotes":""},"categories":[951,4510],"tags":[119162,195257,56048,206470],"class_list":["post-101620","post","type-post","status-publish","format-standard","hentry","category-barcelona","category-estetica-de-las-bellas-artes","tag-begona-simon-ortoll","tag-ma-del-roser-calaf-masachs","tag-pilar-perez-camarero","tag-roberto-marcelo-falcon-vignoli"],"_links":{"self":[{"href":"https:\/\/www.deberes.net\/tesis\/wp-json\/wp\/v2\/posts\/101620","targetHints":{"allow":["GET"]}}],"collection":[{"href":"https:\/\/www.deberes.net\/tesis\/wp-json\/wp\/v2\/posts"}],"about":[{"href":"https:\/\/www.deberes.net\/tesis\/wp-json\/wp\/v2\/types\/post"}],"author":[{"embeddable":true,"href":"https:\/\/www.deberes.net\/tesis\/wp-json\/wp\/v2\/users\/1"}],"replies":[{"embeddable":true,"href":"https:\/\/www.deberes.net\/tesis\/wp-json\/wp\/v2\/comments?post=101620"}],"version-history":[{"count":0,"href":"https:\/\/www.deberes.net\/tesis\/wp-json\/wp\/v2\/posts\/101620\/revisions"}],"wp:attachment":[{"href":"https:\/\/www.deberes.net\/tesis\/wp-json\/wp\/v2\/media?parent=101620"}],"wp:term":[{"taxonomy":"category","embeddable":true,"href":"https:\/\/www.deberes.net\/tesis\/wp-json\/wp\/v2\/categories?post=101620"},{"taxonomy":"post_tag","embeddable":true,"href":"https:\/\/www.deberes.net\/tesis\/wp-json\/wp\/v2\/tags?post=101620"}],"curies":[{"name":"wp","href":"https:\/\/api.w.org\/{rel}","templated":true}]}}