{"id":101642,"date":"2018-03-11T10:23:33","date_gmt":"2018-03-11T10:23:33","guid":{"rendered":"https:\/\/www.deberes.net\/tesis\/sin-categoria\/estudio-de-celulas-stem-mesenquimales-en-pacientes-con-osteoporosis\/"},"modified":"2018-03-11T10:23:33","modified_gmt":"2018-03-11T10:23:33","slug":"estudio-de-celulas-stem-mesenquimales-en-pacientes-con-osteoporosis","status":"publish","type":"post","link":"https:\/\/www.deberes.net\/tesis\/bioquimica-molecular\/estudio-de-celulas-stem-mesenquimales-en-pacientes-con-osteoporosis\/","title":{"rendered":"Estudio de c\u00e9lulas stem mesenquimales en pacientes con osteoporosis"},"content":{"rendered":"<h2>Tesis doctoral de <strong> M\u00c2\u00ba Sandra Muntion Olave <\/strong><\/h2>\n<p>La osteoporosis es la enfermedad \u00f3sea m\u00e1s frecuente, presenta disminuci\u00f3n de la masa \u00f3sea acopa\u00f1ada de alteraciones estructurales del hueso, con mayor riesgo de francturas especialmente de cadera,<\/p>\n<p>&nbsp;<\/p>\n<h3>Datos acad\u00e9micos de la tesis doctoral \u00ab<strong>Estudio de c\u00e9lulas stem mesenquimales en pacientes con osteoporosis<\/strong>\u00ab<\/h3>\n<ul>\n<li><strong>T\u00edtulo de la tesis:<\/strong>\u00a0 Estudio de c\u00e9lulas stem mesenquimales en pacientes con osteoporosis <\/li>\n<li><strong>Autor:<\/strong>\u00a0 M\u00c2\u00ba Sandra Muntion Olave <\/li>\n<li><strong>Universidad:<\/strong>\u00a0 Salamanca<\/li>\n<li><strong>Fecha de lectura de la tesis:<\/strong>\u00a0 14\/06\/2010<\/li>\n<\/ul>\n<p>&nbsp;<\/p>\n<h3>Direcci\u00f3n y tribunal<\/h3>\n<ul>\n<li><strong>Director de la tesis<\/strong>\n<ul>\n<li>Mar\u00eda  Consuelo Juan a Del Ca\u00f1izo Fernandez Roldan<\/li>\n<\/ul>\n<\/li>\n<li><strong>Tribunal<\/strong>\n<ul>\n<li>Presidente del tribunal: Jes\u00fas fernando San Miguel izquierdo <\/li>\n<li>Luis Mar\u00eda Ferrandez portal (vocal)<\/li>\n<li>Rafael Gonzalez diaz (vocal)<\/li>\n<li>Rafael Ramos galea (vocal)<\/li>\n<\/ul>\n<\/li>\n<\/ul>\n<p>&nbsp;<\/p>\n","protected":false},"excerpt":{"rendered":"<p>Tesis doctoral de M\u00c2\u00ba Sandra Muntion Olave La osteoporosis es la enfermedad \u00f3sea m\u00e1s frecuente, presenta disminuci\u00f3n de la masa [&hellip;]<\/p>\n","protected":false},"author":1,"featured_media":0,"comment_status":"open","ping_status":"open","sticky":false,"template":"","format":"standard","meta":{"site-sidebar-layout":"default","site-content-layout":"","ast-site-content-layout":"","site-content-style":"default","site-sidebar-style":"default","ast-global-header-display":"","ast-banner-title-visibility":"","ast-main-header-display":"","ast-hfb-above-header-display":"","ast-hfb-below-header-display":"","ast-hfb-mobile-header-display":"","site-post-title":"","ast-breadcrumbs-content":"","ast-featured-img":"","footer-sml-layout":"","theme-transparent-header-meta":"","adv-header-id-meta":"","stick-header-meta":"","header-above-stick-meta":"","header-main-stick-meta":"","header-below-stick-meta":"","astra-migrate-meta-layouts":"default","ast-page-background-enabled":"default","ast-page-background-meta":{"desktop":{"background-color":"var(--ast-global-color-4)","background-image":"","background-repeat":"repeat","background-position":"center center","background-size":"auto","background-attachment":"scroll","background-type":"","background-media":"","overlay-type":"","overlay-color":"","overlay-gradient":""},"tablet":{"background-color":"","background-image":"","background-repeat":"repeat","background-position":"center center","background-size":"auto","background-attachment":"scroll","background-type":"","background-media":"","overlay-type":"","overlay-color":"","overlay-gradient":""},"mobile":{"background-color":"","background-image":"","background-repeat":"repeat","background-position":"center center","background-size":"auto","background-attachment":"scroll","background-type":"","background-media":"","overlay-type":"","overlay-color":"","overlay-gradient":""}},"ast-content-background-meta":{"desktop":{"background-color":"var(--ast-global-color-5)","background-image":"","background-repeat":"repeat","background-position":"center center","background-size":"auto","background-attachment":"scroll","background-type":"","background-media":"","overlay-type":"","overlay-color":"","overlay-gradient":""},"tablet":{"background-color":"var(--ast-global-color-5)","background-image":"","background-repeat":"repeat","background-position":"center center","background-size":"auto","background-attachment":"scroll","background-type":"","background-media":"","overlay-type":"","overlay-color":"","overlay-gradient":""},"mobile":{"background-color":"var(--ast-global-color-5)","background-image":"","background-repeat":"repeat","background-position":"center center","background-size":"auto","background-attachment":"scroll","background-type":"","background-media":"","overlay-type":"","overlay-color":"","overlay-gradient":""}},"footnotes":""},"categories":[115,9399,9386,254],"tags":[9596,9591,9401,206499,206500,206501],"class_list":["post-101642","post","type-post","status-publish","format-standard","hentry","category-bioquimica-molecular","category-cultivo-celular","category-salamanca","category-traumatologia","tag-jesus-fernando-san-miguel-izquierdo","tag-luis-maria-ferrandez-portal","tag-maria-consuelo-juan-a-del-canizo-fernandez-roldan","tag-mao-sandra-muntion-olave","tag-rafael-gonzalez-diaz","tag-rafael-ramos-galea"],"_links":{"self":[{"href":"https:\/\/www.deberes.net\/tesis\/wp-json\/wp\/v2\/posts\/101642","targetHints":{"allow":["GET"]}}],"collection":[{"href":"https:\/\/www.deberes.net\/tesis\/wp-json\/wp\/v2\/posts"}],"about":[{"href":"https:\/\/www.deberes.net\/tesis\/wp-json\/wp\/v2\/types\/post"}],"author":[{"embeddable":true,"href":"https:\/\/www.deberes.net\/tesis\/wp-json\/wp\/v2\/users\/1"}],"replies":[{"embeddable":true,"href":"https:\/\/www.deberes.net\/tesis\/wp-json\/wp\/v2\/comments?post=101642"}],"version-history":[{"count":0,"href":"https:\/\/www.deberes.net\/tesis\/wp-json\/wp\/v2\/posts\/101642\/revisions"}],"wp:attachment":[{"href":"https:\/\/www.deberes.net\/tesis\/wp-json\/wp\/v2\/media?parent=101642"}],"wp:term":[{"taxonomy":"category","embeddable":true,"href":"https:\/\/www.deberes.net\/tesis\/wp-json\/wp\/v2\/categories?post=101642"},{"taxonomy":"post_tag","embeddable":true,"href":"https:\/\/www.deberes.net\/tesis\/wp-json\/wp\/v2\/tags?post=101642"}],"curies":[{"name":"wp","href":"https:\/\/api.w.org\/{rel}","templated":true}]}}