{"id":101723,"date":"2018-03-11T10:23:38","date_gmt":"2018-03-11T10:23:38","guid":{"rendered":"https:\/\/www.deberes.net\/tesis\/sin-categoria\/analisis-de-la-innovacion-y-la-propiedad-intelectual-en-las-universidades-brasilenas-estudio-comparado-universidad-federal-de-goias-y-universidd-de-brasilia\/"},"modified":"2018-03-11T10:23:38","modified_gmt":"2018-03-11T10:23:38","slug":"analisis-de-la-innovacion-y-la-propiedad-intelectual-en-las-universidades-brasilenas-estudio-comparado-universidad-federal-de-goias-y-universidd-de-brasilia","status":"publish","type":"post","link":"https:\/\/www.deberes.net\/tesis\/linguistica\/analisis-de-la-innovacion-y-la-propiedad-intelectual-en-las-universidades-brasilenas-estudio-comparado-universidad-federal-de-goias-y-universidd-de-brasilia\/","title":{"rendered":"An\u00e1lisis de la innovaci\u00f3n y la propiedad intelectual en las universidades brasile\u00f1as. estudio comparado: universidad federal de goi\u00e1s y universidd de brasilia"},"content":{"rendered":"<h2>Tesis doctoral de <strong> Geni Anastacio Sabino <\/strong><\/h2>\n<p>Este trabajo analiza sobre la importancia de la implementaci\u00f3n de una pol\u00edtica de protecci\u00f3n de la propiedad intelectual y la diseminaci\u00f3n de esa cultura en las universidades, pues la definici\u00f3n de esa pol\u00edtica actualmente es un requisito esencial para que las universidades inviertan en investigaciones tecnol\u00f3gicas patentables que puedan ser transferidas para el sector productivo. la cuesti\u00f3n y la discusi\u00f3n sobre la propiedad intelectual ha movilizado un n\u00famero cada vez mayor de sectores de la sociedad brasile\u00f1a donde la capitalizaci\u00f3n del conocimiento tambi\u00e9n viene volvi\u00e9ndose la base para el desarrollo econ\u00f3mico y social. A trav\u00e9s de la fundamentaci\u00f3n te\u00f3rica se analiza el sistema de innovaci\u00f3n tecnol\u00f3gica brasile\u00f1a y contextualiza las universidades p\u00fablicas brasile\u00f1as, que ya cuentan con n\u00facleos de innovaci\u00f3n tecnol\u00f3gica y con una pol\u00edtica de protecci\u00f3n de la propiedad intelectual visando la promoci\u00f3n de sus investigaciones patentables para el mercado productivo. la tesis presenta la investigaci\u00f3n realizada en el \u00e1mbito de la universidad federal de goi\u00e1s (ufg) y universidad de brasilia (unb)-brasil, a trav\u00e9s de un an\u00e1lisis comparativo busc\u00f3 testar que la existencia de una pol\u00edtica institucional de protecci\u00f3n a la propiedad intelectual resulta en un mayor n\u00famero de registro de patentes por parte de las universidades. Participaron de la encuesta profesores\/investigadores de los diversos institutos, facultades y escuelas de las dos universidades. Y sugiere una pol\u00edtica de protecci\u00f3n de los bienes in<\/p>\n<p>&nbsp;<\/p>\n<h3>Datos acad\u00e9micos de la tesis doctoral \u00ab<strong>An\u00e1lisis de la innovaci\u00f3n y la propiedad intelectual en las universidades brasile\u00f1as. estudio comparado: universidad federal de goi\u00e1s y universidd de brasilia<\/strong>\u00ab<\/h3>\n<ul>\n<li><strong>T\u00edtulo de la tesis:<\/strong>\u00a0 An\u00e1lisis de la innovaci\u00f3n y la propiedad intelectual en las universidades brasile\u00f1as. estudio comparado: universidad federal de goi\u00e1s y universidd de brasilia <\/li>\n<li><strong>Autor:<\/strong>\u00a0 Geni Anastacio Sabino <\/li>\n<li><strong>Universidad:<\/strong>\u00a0 Murcia<\/li>\n<li><strong>Fecha de lectura de la tesis:<\/strong>\u00a0 17\/06\/2010<\/li>\n<\/ul>\n<p>&nbsp;<\/p>\n<h3>Direcci\u00f3n y tribunal<\/h3>\n<ul>\n<li><strong>Director de la tesis<\/strong>\n<ul>\n<li>Mar\u00eda  Dolores Ayuso Garcia<\/li>\n<\/ul>\n<\/li>\n<li><strong>Tribunal<\/strong>\n<ul>\n<li>Presidente del tribunal: mercedes Caridad sebastian <\/li>\n<li>fern\u00e1ndo Ramos sim\u00f3n (vocal)<\/li>\n<li>Miguel angel Marzal garcia-quismondo (vocal)<\/li>\n<li>Fernando Martin rubio (vocal)<\/li>\n<\/ul>\n<\/li>\n<\/ul>\n<p>&nbsp;<\/p>\n","protected":false},"excerpt":{"rendered":"<p>Tesis doctoral de Geni Anastacio Sabino Este trabajo analiza sobre la importancia de la implementaci\u00f3n de una pol\u00edtica de protecci\u00f3n [&hellip;]<\/p>\n","protected":false},"author":1,"featured_media":0,"comment_status":"open","ping_status":"open","sticky":false,"template":"","format":"standard","meta":{"site-sidebar-layout":"default","site-content-layout":"","ast-site-content-layout":"","site-content-style":"default","site-sidebar-style":"default","ast-global-header-display":"","ast-banner-title-visibility":"","ast-main-header-display":"","ast-hfb-above-header-display":"","ast-hfb-below-header-display":"","ast-hfb-mobile-header-display":"","site-post-title":"","ast-breadcrumbs-content":"","ast-featured-img":"","footer-sml-layout":"","theme-transparent-header-meta":"","adv-header-id-meta":"","stick-header-meta":"","header-above-stick-meta":"","header-main-stick-meta":"","header-below-stick-meta":"","astra-migrate-meta-layouts":"default","ast-page-background-enabled":"default","ast-page-background-meta":{"desktop":{"background-color":"var(--ast-global-color-4)","background-image":"","background-repeat":"repeat","background-position":"center center","background-size":"auto","background-attachment":"scroll","background-type":"","background-media":"","overlay-type":"","overlay-color":"","overlay-gradient":""},"tablet":{"background-color":"","background-image":"","background-repeat":"repeat","background-position":"center center","background-size":"auto","background-attachment":"scroll","background-type":"","background-media":"","overlay-type":"","overlay-color":"","overlay-gradient":""},"mobile":{"background-color":"","background-image":"","background-repeat":"repeat","background-position":"center center","background-size":"auto","background-attachment":"scroll","background-type":"","background-media":"","overlay-type":"","overlay-color":"","overlay-gradient":""}},"ast-content-background-meta":{"desktop":{"background-color":"var(--ast-global-color-5)","background-image":"","background-repeat":"repeat","background-position":"center center","background-size":"auto","background-attachment":"scroll","background-type":"","background-media":"","overlay-type":"","overlay-color":"","overlay-gradient":""},"tablet":{"background-color":"var(--ast-global-color-5)","background-image":"","background-repeat":"repeat","background-position":"center center","background-size":"auto","background-attachment":"scroll","background-type":"","background-media":"","overlay-type":"","overlay-color":"","overlay-gradient":""},"mobile":{"background-color":"var(--ast-global-color-5)","background-image":"","background-repeat":"repeat","background-position":"center center","background-size":"auto","background-attachment":"scroll","background-type":"","background-media":"","overlay-type":"","overlay-color":"","overlay-gradient":""}},"footnotes":""},"categories":[17291,59,8235],"tags":[4013,7827,206630,24930,6939,206631],"class_list":["post-101723","post","type-post","status-publish","format-standard","hentry","category-liderazgo-social","category-linguistica","category-murcia","tag-fernando-martin-rubio","tag-fernando-ramos-simon","tag-geni-anastacio-sabino","tag-maria-dolores-ayuso-garcia","tag-mercedes-caridad-sebastian","tag-miguel-angel-marzal-garcia-quismondo"],"_links":{"self":[{"href":"https:\/\/www.deberes.net\/tesis\/wp-json\/wp\/v2\/posts\/101723","targetHints":{"allow":["GET"]}}],"collection":[{"href":"https:\/\/www.deberes.net\/tesis\/wp-json\/wp\/v2\/posts"}],"about":[{"href":"https:\/\/www.deberes.net\/tesis\/wp-json\/wp\/v2\/types\/post"}],"author":[{"embeddable":true,"href":"https:\/\/www.deberes.net\/tesis\/wp-json\/wp\/v2\/users\/1"}],"replies":[{"embeddable":true,"href":"https:\/\/www.deberes.net\/tesis\/wp-json\/wp\/v2\/comments?post=101723"}],"version-history":[{"count":0,"href":"https:\/\/www.deberes.net\/tesis\/wp-json\/wp\/v2\/posts\/101723\/revisions"}],"wp:attachment":[{"href":"https:\/\/www.deberes.net\/tesis\/wp-json\/wp\/v2\/media?parent=101723"}],"wp:term":[{"taxonomy":"category","embeddable":true,"href":"https:\/\/www.deberes.net\/tesis\/wp-json\/wp\/v2\/categories?post=101723"},{"taxonomy":"post_tag","embeddable":true,"href":"https:\/\/www.deberes.net\/tesis\/wp-json\/wp\/v2\/tags?post=101723"}],"curies":[{"name":"wp","href":"https:\/\/api.w.org\/{rel}","templated":true}]}}