{"id":101836,"date":"2018-03-11T10:23:47","date_gmt":"2018-03-11T10:23:47","guid":{"rendered":"https:\/\/www.deberes.net\/tesis\/sin-categoria\/la-ficcion-del-autor-moderno\/"},"modified":"2018-03-11T10:23:47","modified_gmt":"2018-03-11T10:23:47","slug":"la-ficcion-del-autor-moderno","status":"publish","type":"post","link":"https:\/\/www.deberes.net\/tesis\/analisis-literario\/la-ficcion-del-autor-moderno\/","title":{"rendered":"La ficci\u00f3n del autor moderno"},"content":{"rendered":"<h2>Tesis doctoral de <strong> Mar\u00eda Elena Ant\u00f3n Rem\u00edrez <\/strong><\/h2>\n<p>Este trabajo ha partido de la reflexi\u00f3n en tomo a la realidad de la interrelaci\u00f3n hist\u00f3rica entre la autobiograf\u00eda y la l\u00edrica, reflejada tanto en la pr\u00e1ctica literaria como en la cr\u00edtica. En la pr\u00e1ctica, dicha relaci\u00f3n, casual o intencional, se revela en un creciente intercambio de elementos formales y funcionales, favorecido por la comunidad de ambos \u00abtipos de texto\u00bb en el car\u00e1cter autorreferencial de su escritura. Las analog\u00edas entre autobiograf\u00eda y l\u00edrica no parecen afectar a la persistencia de una lectura diferenciada de los textos articulados de acuerdo con las expectativas de uno y otro g\u00e9nero. Por otro lado, en la cr\u00edtica, esta relaci\u00f3n de intercambio de rasgos da lugar con frecuencia a una confusi\u00f3n terminol\u00f3gica por la que el principio funcional de estos textos (la autorreferencialidad) es interpretado como elemento tem\u00e1tico. Esta tesis se sustenta sobre la convicci\u00f3n de que el g\u00e9nero desempe\u00f1a siempre un papel activo en la configuraci\u00f3n del sentido de un texto. El an\u00e1lisis de la mezcla de criterios en la teor\u00eda y la cr\u00edtica me ha conducido a la aceptaci\u00f3n de un criterio literario \u00fanico y de una teor\u00eda gen\u00e9rica no esencialista. Estas conclusiones me permiten aceptar la posibilidad de que autobiograf\u00eda y l\u00edrica funcionen como g\u00e9neros literarios distintos, pese a la coincidencia parcial en sus formas ling\u00ed\u00bc\u00edsticas y en su funci\u00f3n autorreferencial.  la hip\u00f3tesis te\u00f3rica se ha apoyado en la observaci\u00f3n concreta de algunos casos de la escritura de la modernidad para cuyo an\u00e1lisis puede resultar especialmente iluminadora: la obra de carmen conde y de ernestina de champourcin. Aunque no se trata de casos aislados, he elegido la obra de champourcin y conde por ilustrar con especial claridad la realidad de una escritura fluctuante en cuanto al g\u00e9nero de cada obra e incluso en cuanto a la ambig\u00ed\u00bcedad de los pactos desarrollados en el interior de algunas de ellas. La consideraci\u00f3n del papel de la interrelaci\u00f3n gen\u00e9rica en la configuraci\u00f3n del sentido permite, adem\u00e1s, una interpretaci\u00f3n coherente de su obra en el contexto de escritura de su \u00e9poca, corrige lecturas biografistas y formalistas, y facilita la lectura de algunos poemarios de extrema complejidad sem\u00e1ntica. M\u00e1s all\u00e1 del an\u00e1lisis de estos casos concretos, mi hip\u00f3tesis te\u00f3rica re fuerza la opci\u00f3n de la cr\u00edtica por una metodolog\u00eda de an\u00e1lisis estil\u00edstico y pragm\u00e1tico. Otorga as\u00ed mayor protagonismo a rasgos que en otros m\u00e9todos se encuentran en segundo plano, y permite una comprensi\u00f3n m\u00e1s profunda y din\u00e1mica de su relaci\u00f3n con la totalidad de la obra.<\/p>\n<p>&nbsp;<\/p>\n<h3>Datos acad\u00e9micos de la tesis doctoral \u00ab<strong>La ficci\u00f3n del autor moderno<\/strong>\u00ab<\/h3>\n<ul>\n<li><strong>T\u00edtulo de la tesis:<\/strong>\u00a0 La ficci\u00f3n del autor moderno <\/li>\n<li><strong>Autor:<\/strong>\u00a0 Mar\u00eda Elena Ant\u00f3n Rem\u00edrez <\/li>\n<li><strong>Universidad:<\/strong>\u00a0 Navarra<\/li>\n<li><strong>Fecha de lectura de la tesis:<\/strong>\u00a0 21\/06\/2010<\/li>\n<\/ul>\n<p>&nbsp;<\/p>\n<h3>Direcci\u00f3n y tribunal<\/h3>\n<ul>\n<li><strong>Director de la tesis<\/strong>\n<ul>\n<li>Rosa Mar\u00eda Fern\u00e1ndez Urtasun<\/li>\n<\/ul>\n<\/li>\n<li><strong>Tribunal<\/strong>\n<ul>\n<li>Presidente del tribunal: Juan Herrero cecilia <\/li>\n<li>Jaime Nubiola aguilar (vocal)<\/li>\n<li>Luis Mart\u00ednez-falero galindo (vocal)<\/li>\n<li>Manuel Alberca serrano (vocal)<\/li>\n<\/ul>\n<\/li>\n<\/ul>\n<p>&nbsp;<\/p>\n","protected":false},"excerpt":{"rendered":"<p>Tesis doctoral de Mar\u00eda Elena Ant\u00f3n Rem\u00edrez Este trabajo ha partido de la reflexi\u00f3n en tomo a la realidad de [&hellip;]<\/p>\n","protected":false},"author":1,"featured_media":0,"comment_status":"open","ping_status":"open","sticky":false,"template":"","format":"standard","meta":{"site-sidebar-layout":"default","site-content-layout":"","ast-site-content-layout":"","site-content-style":"default","site-sidebar-style":"default","ast-global-header-display":"","ast-banner-title-visibility":"","ast-main-header-display":"","ast-hfb-above-header-display":"","ast-hfb-below-header-display":"","ast-hfb-mobile-header-display":"","site-post-title":"","ast-breadcrumbs-content":"","ast-featured-img":"","footer-sml-layout":"","theme-transparent-header-meta":"","adv-header-id-meta":"","stick-header-meta":"","header-above-stick-meta":"","header-main-stick-meta":"","header-below-stick-meta":"","astra-migrate-meta-layouts":"default","ast-page-background-enabled":"default","ast-page-background-meta":{"desktop":{"background-color":"var(--ast-global-color-4)","background-image":"","background-repeat":"repeat","background-position":"center center","background-size":"auto","background-attachment":"scroll","background-type":"","background-media":"","overlay-type":"","overlay-color":"","overlay-gradient":""},"tablet":{"background-color":"","background-image":"","background-repeat":"repeat","background-position":"center center","background-size":"auto","background-attachment":"scroll","background-type":"","background-media":"","overlay-type":"","overlay-color":"","overlay-gradient":""},"mobile":{"background-color":"","background-image":"","background-repeat":"repeat","background-position":"center center","background-size":"auto","background-attachment":"scroll","background-type":"","background-media":"","overlay-type":"","overlay-color":"","overlay-gradient":""}},"ast-content-background-meta":{"desktop":{"background-color":"var(--ast-global-color-5)","background-image":"","background-repeat":"repeat","background-position":"center center","background-size":"auto","background-attachment":"scroll","background-type":"","background-media":"","overlay-type":"","overlay-color":"","overlay-gradient":""},"tablet":{"background-color":"var(--ast-global-color-5)","background-image":"","background-repeat":"repeat","background-position":"center center","background-size":"auto","background-attachment":"scroll","background-type":"","background-media":"","overlay-type":"","overlay-color":"","overlay-gradient":""},"mobile":{"background-color":"var(--ast-global-color-5)","background-image":"","background-repeat":"repeat","background-position":"center center","background-size":"auto","background-attachment":"scroll","background-type":"","background-media":"","overlay-type":"","overlay-color":"","overlay-gradient":""}},"footnotes":""},"categories":[148,149,2965,713,17749],"tags":[17996,206671,192383,24701,206838,121838],"class_list":["post-101836","post","type-post","status-publish","format-standard","hentry","category-analisis-literario","category-critica-de-textos","category-estilo-y-estetica-literarios","category-historia-de-la-literatura","category-navarra","tag-jaime-nubiola-aguilar","tag-juan-herrero-cecilia","tag-luis-Martinez-falero-galindo","tag-manuel-alberca-serrano","tag-maria-elena-anton-remirez","tag-rosa-maria-fernandez-urtasun"],"_links":{"self":[{"href":"https:\/\/www.deberes.net\/tesis\/wp-json\/wp\/v2\/posts\/101836","targetHints":{"allow":["GET"]}}],"collection":[{"href":"https:\/\/www.deberes.net\/tesis\/wp-json\/wp\/v2\/posts"}],"about":[{"href":"https:\/\/www.deberes.net\/tesis\/wp-json\/wp\/v2\/types\/post"}],"author":[{"embeddable":true,"href":"https:\/\/www.deberes.net\/tesis\/wp-json\/wp\/v2\/users\/1"}],"replies":[{"embeddable":true,"href":"https:\/\/www.deberes.net\/tesis\/wp-json\/wp\/v2\/comments?post=101836"}],"version-history":[{"count":0,"href":"https:\/\/www.deberes.net\/tesis\/wp-json\/wp\/v2\/posts\/101836\/revisions"}],"wp:attachment":[{"href":"https:\/\/www.deberes.net\/tesis\/wp-json\/wp\/v2\/media?parent=101836"}],"wp:term":[{"taxonomy":"category","embeddable":true,"href":"https:\/\/www.deberes.net\/tesis\/wp-json\/wp\/v2\/categories?post=101836"},{"taxonomy":"post_tag","embeddable":true,"href":"https:\/\/www.deberes.net\/tesis\/wp-json\/wp\/v2\/tags?post=101836"}],"curies":[{"name":"wp","href":"https:\/\/api.w.org\/{rel}","templated":true}]}}