{"id":101846,"date":"2018-03-11T10:23:47","date_gmt":"2018-03-11T10:23:47","guid":{"rendered":"https:\/\/www.deberes.net\/tesis\/sin-categoria\/semiotica-de-la-sospecha-analisis-del-caso-maddie\/"},"modified":"2018-03-11T10:23:47","modified_gmt":"2018-03-11T10:23:47","slug":"semiotica-de-la-sospecha-analisis-del-caso-maddie","status":"publish","type":"post","link":"https:\/\/www.deberes.net\/tesis\/sin-categoria\/semiotica-de-la-sospecha-analisis-del-caso-maddie\/","title":{"rendered":"Semi\u00f3tica de la sospecha. an\u00e1lisis del caso maddie"},"content":{"rendered":"<h2>Tesis doctoral de <strong> Rayco Gonzalez Gonzalez <\/strong><\/h2>\n<p>La sospecha es un fen\u00f3meno cuya definici\u00f3n debe centrarse en dos niveles fundamentales: el cognitivo (en que se situar\u00eda entre la certeza y la duda) y el interaccional (en que se situar\u00eda entre la confianza y la desconfianza). El inter\u00e9s manifiesto q ue este tema posee dentro del \u00e1mbito de los medios de comunicaci\u00f3n debe focalizarse en determinados casos, en los que podemos hablar, por ejemplo, de \u00abteor\u00edas de la conspiraci\u00f3n\u00bb. desde estos dos niveles, y utilizando tres paradigmas fundamentales, c omo son la sociolog\u00eda interaccional de erving goffman, la semi\u00f3tica de la cultura de yuri m. Lotman y el paradigma indiciario de carlo ginzburg (\u00e9ste \u00faltimo ligado a la teor\u00eda semi\u00f3tica del indicio), he analizado aspectos te\u00f3ricos de la sospecha, ana lizando en la \u00faltima parte de mi trabajo un caso medi\u00e1tico de gran calado, como fue el caso maddie. mi intenci\u00f3n es introducir una definici\u00f3n del concepto que permite, a su vez, establecer una tipolog\u00eda cultural, basada en el mismo (culturas de lectu ra indicial, lectura simb\u00f3lica, lectura ic\u00f3nica, etc. De la realidad), y cuya descripci\u00f3n nos puede servir para una mayor comprensi\u00f3n de los medios de comunicaci\u00f3n, sus efectos y sus construcciones ret\u00f3ricas.<\/p>\n<p>&nbsp;<\/p>\n<h3>Datos acad\u00e9micos de la tesis doctoral \u00ab<strong>Semi\u00f3tica de la sospecha. an\u00e1lisis del caso maddie<\/strong>\u00ab<\/h3>\n<ul>\n<li><strong>T\u00edtulo de la tesis:<\/strong>\u00a0 Semi\u00f3tica de la sospecha. an\u00e1lisis del caso maddie <\/li>\n<li><strong>Autor:<\/strong>\u00a0 Rayco Gonzalez Gonzalez <\/li>\n<li><strong>Universidad:<\/strong>\u00a0 Complutense de Madrid<\/li>\n<li><strong>Fecha de lectura de la tesis:<\/strong>\u00a0 21\/06\/2010<\/li>\n<\/ul>\n<p>&nbsp;<\/p>\n<h3>Direcci\u00f3n y tribunal<\/h3>\n<ul>\n<li><strong>Director de la tesis<\/strong>\n<ul>\n<li>Jorge  Luis Lozano Hern\u00e1ndez<\/li>\n<\/ul>\n<\/li>\n<li><strong>Tribunal<\/strong>\n<ul>\n<li>Presidente del tribunal: joaqu\u00edn Garrido medina <\/li>\n<li>francesco Sedda (vocal)<\/li>\n<li>santos Zunzunegui diez (vocal)<\/li>\n<li>Manuel \u00e1ngel V\u00e1zquez medel (vocal)<\/li>\n<\/ul>\n<\/li>\n<\/ul>\n<p>&nbsp;<\/p>\n","protected":false},"excerpt":{"rendered":"<p>Tesis doctoral de Rayco Gonzalez Gonzalez La sospecha es un fen\u00f3meno cuya definici\u00f3n debe centrarse en dos niveles fundamentales: el [&hellip;]<\/p>\n","protected":false},"author":1,"featured_media":0,"comment_status":"open","ping_status":"open","sticky":false,"template":"","format":"standard","meta":{"site-sidebar-layout":"default","site-content-layout":"","ast-site-content-layout":"","site-content-style":"default","site-sidebar-style":"default","ast-global-header-display":"","ast-banner-title-visibility":"","ast-main-header-display":"","ast-hfb-above-header-display":"","ast-hfb-below-header-display":"","ast-hfb-mobile-header-display":"","site-post-title":"","ast-breadcrumbs-content":"","ast-featured-img":"","footer-sml-layout":"","theme-transparent-header-meta":"","adv-header-id-meta":"","stick-header-meta":"","header-above-stick-meta":"","header-main-stick-meta":"","header-below-stick-meta":"","astra-migrate-meta-layouts":"default","ast-page-background-enabled":"default","ast-page-background-meta":{"desktop":{"background-color":"var(--ast-global-color-4)","background-image":"","background-repeat":"repeat","background-position":"center center","background-size":"auto","background-attachment":"scroll","background-type":"","background-media":"","overlay-type":"","overlay-color":"","overlay-gradient":""},"tablet":{"background-color":"","background-image":"","background-repeat":"repeat","background-position":"center center","background-size":"auto","background-attachment":"scroll","background-type":"","background-media":"","overlay-type":"","overlay-color":"","overlay-gradient":""},"mobile":{"background-color":"","background-image":"","background-repeat":"repeat","background-position":"center center","background-size":"auto","background-attachment":"scroll","background-type":"","background-media":"","overlay-type":"","overlay-color":"","overlay-gradient":""}},"ast-content-background-meta":{"desktop":{"background-color":"var(--ast-global-color-5)","background-image":"","background-repeat":"repeat","background-position":"center center","background-size":"auto","background-attachment":"scroll","background-type":"","background-media":"","overlay-type":"","overlay-color":"","overlay-gradient":""},"tablet":{"background-color":"var(--ast-global-color-5)","background-image":"","background-repeat":"repeat","background-position":"center center","background-size":"auto","background-attachment":"scroll","background-type":"","background-media":"","overlay-type":"","overlay-color":"","overlay-gradient":""},"mobile":{"background-color":"var(--ast-global-color-5)","background-image":"","background-repeat":"repeat","background-position":"center center","background-size":"auto","background-attachment":"scroll","background-type":"","background-media":"","overlay-type":"","overlay-color":"","overlay-gradient":""}},"footnotes":""},"categories":[1],"tags":[206852,4821,199678,10913,206851,5038],"class_list":["post-101846","post","type-post","status-publish","format-standard","hentry","category-sin-categoria","tag-francesco-sedda","tag-joaquin-garrido-medina","tag-jorge-luis-lozano-hernandez","tag-manuel-angel-vazquez-medel","tag-rayco-gonzalez-gonzalez","tag-santos-zunzunegui-diez"],"_links":{"self":[{"href":"https:\/\/www.deberes.net\/tesis\/wp-json\/wp\/v2\/posts\/101846","targetHints":{"allow":["GET"]}}],"collection":[{"href":"https:\/\/www.deberes.net\/tesis\/wp-json\/wp\/v2\/posts"}],"about":[{"href":"https:\/\/www.deberes.net\/tesis\/wp-json\/wp\/v2\/types\/post"}],"author":[{"embeddable":true,"href":"https:\/\/www.deberes.net\/tesis\/wp-json\/wp\/v2\/users\/1"}],"replies":[{"embeddable":true,"href":"https:\/\/www.deberes.net\/tesis\/wp-json\/wp\/v2\/comments?post=101846"}],"version-history":[{"count":0,"href":"https:\/\/www.deberes.net\/tesis\/wp-json\/wp\/v2\/posts\/101846\/revisions"}],"wp:attachment":[{"href":"https:\/\/www.deberes.net\/tesis\/wp-json\/wp\/v2\/media?parent=101846"}],"wp:term":[{"taxonomy":"category","embeddable":true,"href":"https:\/\/www.deberes.net\/tesis\/wp-json\/wp\/v2\/categories?post=101846"},{"taxonomy":"post_tag","embeddable":true,"href":"https:\/\/www.deberes.net\/tesis\/wp-json\/wp\/v2\/tags?post=101846"}],"curies":[{"name":"wp","href":"https:\/\/api.w.org\/{rel}","templated":true}]}}