{"id":10185,"date":"1996-01-01T00:00:00","date_gmt":"1996-01-01T00:00:00","guid":{"rendered":"https:\/\/www.deberes.net\/tesis\/1996\/01\/01\/la-tecnologia-de-la-informacio-com-a-area-disciplinar-en-el-disseny-del-curriculum-de-la-formacio-de-professionals-i-usuaris-de-la-documentacio-i-informacio\/"},"modified":"1996-01-01T00:00:00","modified_gmt":"1996-01-01T00:00:00","slug":"la-tecnologia-de-la-informacio-com-a-area-disciplinar-en-el-disseny-del-curriculum-de-la-formacio-de-professionals-i-usuaris-de-la-documentacio-i-informacio","status":"publish","type":"post","link":"https:\/\/www.deberes.net\/tesis\/linguistica\/la-tecnologia-de-la-informacio-com-a-area-disciplinar-en-el-disseny-del-curriculum-de-la-formacio-de-professionals-i-usuaris-de-la-documentacio-i-informacio\/","title":{"rendered":"La tecnolog\u00eda de la informacio com a area disciplinar en el disseny del curriculum de la formacio de professionals i usuaris de la documentacio i informacio."},"content":{"rendered":"<h2>Tesis doctoral de <strong> Mar\u00eda  Montserrat Sebastia Salat <\/strong><\/h2>\n<p>Proyecto que estudia la sociolog\u00eda de las profesiones de la documentacion y de la informacion bajo el impacto de las tecnolog\u00edas de la informacion y de la comunicacion, proponiendo como sintesis una propuesta abierta de dise\u00f1o curricular para la formacion de profesionales especialistas en la tecnolog\u00eda de la informacion: los infotecnologos.Estudio del marco espa\u00f1ol de los estudios en el area de la biblioteconomia, la documentacion y las ciencias de la documentacion. Exploracion cronologica de la introducion curricular de la tecnolog\u00eda de la informacion en el area de las ciencias de la documentacion.  recopilacion exhaustiva de las principales fuentes sobre el dise\u00f1o curricular en el area de las ciencias de la documentacion.  repertorio de 1.410 referencias bibliograficas.<\/p>\n<p>&nbsp;<\/p>\n<h3>Datos acad\u00e9micos de la tesis doctoral \u00ab<strong>La tecnolog\u00eda de la informacio com a area disciplinar en el disseny del curriculum de la formacio de professionals i usuaris de la documentacio i informacio.<\/strong>\u00ab<\/h3>\n<ul>\n<li><strong>T\u00edtulo de la tesis:<\/strong>\u00a0 La tecnolog\u00eda de la informacio com a area disciplinar en el disseny del curriculum de la formacio de professionals i usuaris de la documentacio i informacio. <\/li>\n<li><strong>Autor:<\/strong>\u00a0 Mar\u00eda  Montserrat Sebastia Salat <\/li>\n<li><strong>Universidad:<\/strong>\u00a0 Barcelona<\/li>\n<li><strong>Fecha de lectura de la tesis:<\/strong>\u00a0 01\/01\/1996<\/li>\n<\/ul>\n<p>&nbsp;<\/p>\n<h3>Direcci\u00f3n y tribunal<\/h3>\n<ul>\n<li><strong>Director de la tesis<\/strong>\n<ul>\n<li> Rodriguez Illera Jos\u00e9 Luis<\/li>\n<\/ul>\n<\/li>\n<li><strong>Tribunal<\/strong>\n<ul>\n<li>Presidente del tribunal: Miquel Mart\u00ednez Mart\u00edn <\/li>\n<li>Mercedes Caridad Sebastian (vocal)<\/li>\n<li>Jordi Adell Segura (vocal)<\/li>\n<li>Santiago Riera Tuebols (vocal)<\/li>\n<\/ul>\n<\/li>\n<\/ul>\n<p>&nbsp;<\/p>\n","protected":false},"excerpt":{"rendered":"<p>Tesis doctoral de Mar\u00eda Montserrat Sebastia Salat Proyecto que estudia la sociolog\u00eda de las profesiones de la documentacion y de [&hellip;]<\/p>\n","protected":false},"author":1,"featured_media":0,"comment_status":"open","ping_status":"open","sticky":false,"template":"","format":"standard","meta":{"site-sidebar-layout":"default","site-content-layout":"","ast-site-content-layout":"","site-content-style":"default","site-sidebar-style":"default","ast-global-header-display":"","ast-banner-title-visibility":"","ast-main-header-display":"","ast-hfb-above-header-display":"","ast-hfb-below-header-display":"","ast-hfb-mobile-header-display":"","site-post-title":"","ast-breadcrumbs-content":"","ast-featured-img":"","footer-sml-layout":"","theme-transparent-header-meta":"","adv-header-id-meta":"","stick-header-meta":"","header-above-stick-meta":"","header-main-stick-meta":"","header-below-stick-meta":"","astra-migrate-meta-layouts":"default","ast-page-background-enabled":"default","ast-page-background-meta":{"desktop":{"background-color":"var(--ast-global-color-4)","background-image":"","background-repeat":"repeat","background-position":"center center","background-size":"auto","background-attachment":"scroll","background-type":"","background-media":"","overlay-type":"","overlay-color":"","overlay-gradient":""},"tablet":{"background-color":"","background-image":"","background-repeat":"repeat","background-position":"center center","background-size":"auto","background-attachment":"scroll","background-type":"","background-media":"","overlay-type":"","overlay-color":"","overlay-gradient":""},"mobile":{"background-color":"","background-image":"","background-repeat":"repeat","background-position":"center center","background-size":"auto","background-attachment":"scroll","background-type":"","background-media":"","overlay-type":"","overlay-color":"","overlay-gradient":""}},"ast-content-background-meta":{"desktop":{"background-color":"var(--ast-global-color-5)","background-image":"","background-repeat":"repeat","background-position":"center center","background-size":"auto","background-attachment":"scroll","background-type":"","background-media":"","overlay-type":"","overlay-color":"","overlay-gradient":""},"tablet":{"background-color":"var(--ast-global-color-5)","background-image":"","background-repeat":"repeat","background-position":"center center","background-size":"auto","background-attachment":"scroll","background-type":"","background-media":"","overlay-type":"","overlay-color":"","overlay-gradient":""},"mobile":{"background-color":"var(--ast-global-color-5)","background-image":"","background-repeat":"repeat","background-position":"center center","background-size":"auto","background-attachment":"scroll","background-type":"","background-media":"","overlay-type":"","overlay-color":"","overlay-gradient":""}},"footnotes":""},"categories":[951,952,59,60,1141,1340,1341],"tags":[34283,34282,6939,9443,33783,33592],"class_list":["post-10185","post","type-post","status-publish","format-standard","hentry","category-barcelona","category-documentacion-automatizada","category-linguistica","category-linguistica-aplicada","category-pedagogia","category-planes-de-estudios","category-teoria-y-metodos-educativos","tag-jordi-adell-segura","tag-maria-montserrat-sebastia-salat","tag-mercedes-caridad-sebastian","tag-miquel-Martinez-martin","tag-rodriguez-illera-jose-luis","tag-santiago-riera-tuebols"],"_links":{"self":[{"href":"https:\/\/www.deberes.net\/tesis\/wp-json\/wp\/v2\/posts\/10185","targetHints":{"allow":["GET"]}}],"collection":[{"href":"https:\/\/www.deberes.net\/tesis\/wp-json\/wp\/v2\/posts"}],"about":[{"href":"https:\/\/www.deberes.net\/tesis\/wp-json\/wp\/v2\/types\/post"}],"author":[{"embeddable":true,"href":"https:\/\/www.deberes.net\/tesis\/wp-json\/wp\/v2\/users\/1"}],"replies":[{"embeddable":true,"href":"https:\/\/www.deberes.net\/tesis\/wp-json\/wp\/v2\/comments?post=10185"}],"version-history":[{"count":0,"href":"https:\/\/www.deberes.net\/tesis\/wp-json\/wp\/v2\/posts\/10185\/revisions"}],"wp:attachment":[{"href":"https:\/\/www.deberes.net\/tesis\/wp-json\/wp\/v2\/media?parent=10185"}],"wp:term":[{"taxonomy":"category","embeddable":true,"href":"https:\/\/www.deberes.net\/tesis\/wp-json\/wp\/v2\/categories?post=10185"},{"taxonomy":"post_tag","embeddable":true,"href":"https:\/\/www.deberes.net\/tesis\/wp-json\/wp\/v2\/tags?post=10185"}],"curies":[{"name":"wp","href":"https:\/\/api.w.org\/{rel}","templated":true}]}}