{"id":101914,"date":"2018-03-11T10:23:52","date_gmt":"2018-03-11T10:23:52","guid":{"rendered":"https:\/\/www.deberes.net\/tesis\/sin-categoria\/analisis-desde-la-teoria-de-la-conducta-planeada-de-los-predictores-del-ejercicio-fa%c2%adsico-en-personas-mayores-de-55-anos\/"},"modified":"2018-03-11T10:23:52","modified_gmt":"2018-03-11T10:23:52","slug":"analisis-desde-la-teoria-de-la-conducta-planeada-de-los-predictores-del-ejercicio-fa%c2%adsico-en-personas-mayores-de-55-anos","status":"publish","type":"post","link":"https:\/\/www.deberes.net\/tesis\/madurez\/analisis-desde-la-teoria-de-la-conducta-planeada-de-los-predictores-del-ejercicio-fa%c2%adsico-en-personas-mayores-de-55-anos\/","title":{"rendered":"An\u00e1lisis desde la teor\u00eda de la conducta planeada de los predictores del ejercicio f\u00edsico en personas mayores de 55 a\u00f1os"},"content":{"rendered":"<h2>Tesis doctoral de <strong> Beatriz Bonete L\u00f3pez <\/strong><\/h2>\n<p>El futuro prospectivo que presenta el instituto nacional de estad\u00edstica (ine) en sus \u00faltimos datos correspondientes al padr\u00f3n del a\u00f1o 2010 para la espa\u00f1a del siglo xxi, y que ven\u00eda advirtiendo desde a\u00f1os anteriores en sus estimaciones demogr\u00e1ficas, es que nos enfrentamos a una naci\u00f3n que ha incrementado cuantitativamente su poblaci\u00f3n, encontr\u00e1ndose \u00e9sta considerablemente m\u00e1s envejecida. Se prev\u00e9, y cada vez m\u00e1s cierta y cercanamente, que espa\u00f1a ser\u00e1 en el a\u00f1o 2050, la naci\u00f3n m\u00e1s a\u00f1osa de europa (ine, 2010) y el segundo pa\u00eds del mundo m\u00e1s envejecido del mundo por detr\u00e1s de jap\u00f3n (d\u00edaz, 2009). Este veterano panorama social reclama con urgencia respuestas de la comunidad cient\u00edfica y de los \u00e1mbitos aplicados relacionados con la tercera edad, porque adem\u00e1s de que las necesidades atencionales sociales y sanitarias se ver\u00e1n indudablemente alteradas, los profesionales tambi\u00e9n deber\u00e1n familiarizarse con el nuevo perfil de la persona mayor, diferente al que coexiste en nuestros d\u00edas. El hecho que acabamos de presentar ya no solo supone un reto afrontarlo, como escuchamos de un tiempo a esta parte en los medios cient\u00edficos, sino que la relevancia de la situaci\u00f3n exige cambios muchos m\u00e1s esenciales y profundos, como la forma de conceptualizar, entender y afrontar el envejecimiento.   como hemos visto, el envejecimiento en el ser humano debe ser considerado como un proceso natural, que act\u00faa de forma gradual con cambios y transformaciones que acontecen a nivel biol\u00f3gico, psicol\u00f3gico y social (mu\u00f1oz, 2006), pero debemos considerar que la forma de envejecer es espec\u00edfica para cada individuo y depende de variables tan diversas como la herencia gen\u00e9tica, la forma de vida durante la infancia y la juventud, las enfermedades padecidas a lo largo de la vida, la calidad y la cantidad de trabajo soportados, y los h\u00e1bitos nocivos o saludables mantenidos (garc\u00e9s de los fayos, 2003). La interacci\u00f3n de estos factores ofrecer\u00e1 como resultado un continuum que abraca desde el envejecimiento m\u00e1s patol\u00f3gico, al envejecimiento m\u00e1s satisfactorio, donde cada persona mayor es un agente activo de los cambios que ocurren en su cuerpo, en su mente y en su entorno social.   aunando estos dos aspectos que hemos mencionado, como son el envejecimiento poblacional y el reconocimiento del potencial de las personas mayores; en las \u00faltimas d\u00e9cadas el inter\u00e9s cient\u00edfico en el estudio del proceso de envejecer ha experimentado un crecimiento exponencial, al que no es ajeno la psicolog\u00eda.   ante este panorama actual nace la psicogerontolog\u00eda, que hoy en d\u00eda se puede resaltar que es un campo aplicado de gran relevancia para poder contribuir, desde el conocimiento psicol\u00f3gico, al bienestar y la calidad de vida de los ciudadanos m\u00e1s longevos de nuestra sociedad (sanduvete, 2004). Bajo la perspectiva de promover la calidad de vida, es cuando atendemos a la demanda de investigar en aspectos relacionados con la promoci\u00f3n de la salud y la prevenci\u00f3n de la enfermedad en esta etapa de la vida.   la evidencia emp\u00edrica ha se\u00f1alado que si alg\u00fan h\u00e1bito saludable despunta en la actualidad como protector de la dependencia (g\u00e1zquez, rubio, p\u00e9rez y lucas, 2008), siendo a su vez promotor del bienestar general de las personas, \u00e9ste es el ejercicio f\u00edsico, partiendo de la premisa de que el ser humano es un individuo activo en un ambiente activo.   la teor\u00eda de la conducta planeada como modelo social-cognitivo que mejor predice el h\u00e1bito saludable de practicar ejercicio f\u00edsico, aunque en las investigaciones realizadas hasta el momento con poblaci\u00f3n mayor de 55 a\u00f1os es escasa en comparaci\u00f3n con muestras de otras edades.   el objetivo general de la investigaci\u00f3n realizada reside en evaluar el poder explicativo de las variables que integran la teor\u00eda de la conducta planeada sobre la conducta de hacer ejercicio f\u00edsico de forma regular en una muestra personas mayores de 55 a\u00f1os. Sobre la base del marco te\u00f3rico que se desarrolla realizamos la siguiente afirmaci\u00f3n en t\u00e9rminos de hip\u00f3tesis general: las variables que integran la teor\u00eda de la conducta planificada tendr\u00e1n un alto poder explicativo sobre la conducta de hacer ejercicio f\u00edsico en sujetos mayores de 55 a\u00f1os. La muestra evaluada est\u00e1 compuesta por 310 sujetos mayores de 55 a\u00f1os de las provincias de alicante y Valencia. Los participantes en este estudio eran, por un lado, alumnos de las aulas universitarias de la experiencia, y por otro lado, residentes en centros geri\u00e1tricos. Las variables del modelo fueron evaluadas mediante un cuestionario realizado ad hoc con unos \u00edndices de validez y fiabilidad adecuados.   el an\u00e1lisis estad\u00edstico consisti\u00f3 en un modelo de ecuaciones estructurales para corroborar nuestra hip\u00f3tesis de partida. La teor\u00eda de la conducta planeada en el \u00e1mbito del ejercicio f\u00edsico aplicada con personas mayores, demuestra ser un marco explicativo de factible aplicaci\u00f3n, adem\u00e1s de ser discriminates entre los sujetos menores de 70 a\u00f1os y mayores de 70 a\u00f1os. Sin embargo, no podemos concluir este trabajo sin puntualizar algunos aspectos. Si bien el ajuste de los datos al modelo de la teor\u00eda de la conducta planificada ha sido \u00f3ptimo, la relaci\u00f3n entre algunas variables implicadas no ha resultado ser significativa e, incluso, en ocasiones ha sido contradictoria a los resultados esperados. Un ejemplo de ello, lo podemos apreciar en los datos mostrados con la muestra completa, en los cuales la predicci\u00f3n de la actitud hacia la intenci\u00f3n y de la intenci\u00f3n hacia la conducta tiene es bastante baja.   dados los resultados obtenidos, consideramos que, a la hora de dise\u00f1ar programas de promoci\u00f3n de la salud y prevenci\u00f3n de la enfermedad relacionados con el ejercicio f\u00edsico con esta poblaci\u00f3n se deber\u00eda:n tener en cuenta los siguientes aspectos  a)en sujetos menores de 70 a\u00f1os, los programas para el fomento del ejercicio f\u00edsico han de incluir estrategias para aumentar el control conductual percibido. Para conseguir esto, en primer lugar, hay que motivar y dar a conocer a los usuarios los beneficios de realizar estos programas, as\u00ed como que los mismos sean conocidos por una amplia mayor\u00eda de esta poblaci\u00f3n. Seguidamente, hay que tener en cuenta que se han de eliminar las barreras u obst\u00e1culos que impidan la realizaci\u00f3n de la conducta meta, realizar medidas objetivas pre y post del ejercicio para que la persona conozca los logros alcanzados y, por ejemplo, utilizar t\u00e9cnicas de biofeedback para que los sujetos perciban el control que ejercen sobre su propio cuerpo. Tambi\u00e9n, tal y como hemos concluido en nuestro estudio, para este grupo de poblaci\u00f3n, habr\u00e1 que incidir sobre la norma subjetiva, entendida \u00e9sta como la influencia que ejercen los familiares y grupos de iguales en cada persona. Para ello, se pueden fomentar actividades intergeneracionales entre varios miembros de la familia, o instar a que las personas hagan ejercicio en compa\u00f1\u00eda, y as\u00ed aumentar la realizaci\u00f3n de la conducta meta.  b)en sujetos mayores de 70 a\u00f1os, como la conducta no se encuentra bajo control volitivo del sujeto, deberemos realizar acciones de supervisi\u00f3n de la misma para aumentar su frecuencia. As\u00ed, pensamos que para esta poblaci\u00f3n el seguimiento por parte de los profesionales de la salud ha de ser m\u00e1s continuo, por ejemplo aumentando la frecuencia de las citas con el m\u00e9dico y el personal sanitario, o llevando los sujetos un autoregistro de las actividades realizadas.   un aspecto sobre el que se deber\u00eda seguir investigando es sobre el car\u00e1cter volitivo o no volitivo de la conducta de practicar ejercicio f\u00edsico, ya que este hecho ha resultado ser fundamental a la hora de explicar el papel de las diferentes variables en el modelo. Esta investigaci\u00f3n ha aportado la evidencia de que la conducta volitiva se encuentra asociada negativamente a la edad y en relaci\u00f3n con la conducta de hace ejercicio f\u00edsico, aunque este hecho podr\u00eda estar influenciado tambi\u00e9n en gran medida por el contexto del que proviene la muestra. Creemos que, para conocer m\u00e1s las caracter\u00edsticas diferenciales que existen a lo largo del amplio periodo que abarca la vejez, y tal y como se ha evidenciado en nuestro estudio, en pr\u00f3ximas investigaciones deber\u00edamos contar con un mayor tama\u00f1o muestral, y as\u00ed subdividir la muestra en los subgrupos de edad que se sugieren en la literatura cient\u00edfica sobre el envejecimiento. A su vez, y con el fin de generalizar los resultados, habr\u00eda que seleccionar una muestra que resida en contextos diferentes a las residencias de tercera edad y que no realice una formaci\u00f3n tan espec\u00edfica como son los participantes de los programas universitarios para mayores.       tal y como se dijo en el estudio, se seleccion\u00f3 a estos dos grupos de poblaci\u00f3n por ser representativos, por un lado de personas que realizan un envejecimiento activo como es el caso de las personas que acuden a un programa de estudios universitarios para mayores, y personas que viven un envejecimiento normal. Sin embargo, ser\u00eda m\u00e1s enriquecedor y nos arrojar\u00eda una visi\u00f3n m\u00e1s real de las diferentes formas de vivir la vejez, que en posteriores investigaciones se abarcase un mayor n\u00famero de estilos de envejecimiento.<\/p>\n<p>&nbsp;<\/p>\n<h3>Datos acad\u00e9micos de la tesis doctoral \u00ab<strong>An\u00e1lisis desde la teor\u00eda de la conducta planeada de los predictores del ejercicio f\u00edsico en personas mayores de 55 a\u00f1os<\/strong>\u00ab<\/h3>\n<ul>\n<li><strong>T\u00edtulo de la tesis:<\/strong>\u00a0 An\u00e1lisis desde la teor\u00eda de la conducta planeada de los predictores del ejercicio f\u00edsico en personas mayores de 55 a\u00f1os <\/li>\n<li><strong>Autor:<\/strong>\u00a0 Beatriz Bonete L\u00f3pez <\/li>\n<li><strong>Universidad:<\/strong>\u00a0 Miguel hern\u00e1ndez de elche<\/li>\n<li><strong>Fecha de lectura de la tesis:<\/strong>\u00a0 22\/06\/2010<\/li>\n<\/ul>\n<p>&nbsp;<\/p>\n<h3>Direcci\u00f3n y tribunal<\/h3>\n<ul>\n<li><strong>Director de la tesis<\/strong>\n<ul>\n<li>Esther Sitges Maci\u00e1<\/li>\n<\/ul>\n<\/li>\n<li><strong>Tribunal<\/strong>\n<ul>\n<li>Presidente del tribunal: Jes\u00fas Rodriguez marin <\/li>\n<li>Antonio Cano vindel (vocal)<\/li>\n<li>Jos\u00e9 Miguel Latorre postigo (vocal)<\/li>\n<li>Antonio S\u00e1nchez cabaco (vocal)<\/li>\n<\/ul>\n<\/li>\n<\/ul>\n<p>&nbsp;<\/p>\n","protected":false},"excerpt":{"rendered":"<p>Tesis doctoral de Beatriz Bonete L\u00f3pez El futuro prospectivo que presenta el instituto nacional de estad\u00edstica (ine) en sus \u00faltimos [&hellip;]<\/p>\n","protected":false},"author":1,"featured_media":0,"comment_status":"open","ping_status":"open","sticky":false,"template":"","format":"standard","meta":{"site-sidebar-layout":"default","site-content-layout":"","ast-site-content-layout":"","site-content-style":"default","site-sidebar-style":"default","ast-global-header-display":"","ast-banner-title-visibility":"","ast-main-header-display":"","ast-hfb-above-header-display":"","ast-hfb-below-header-display":"","ast-hfb-mobile-header-display":"","site-post-title":"","ast-breadcrumbs-content":"","ast-featured-img":"","footer-sml-layout":"","theme-transparent-header-meta":"","adv-header-id-meta":"","stick-header-meta":"","header-above-stick-meta":"","header-main-stick-meta":"","header-below-stick-meta":"","astra-migrate-meta-layouts":"default","ast-page-background-enabled":"default","ast-page-background-meta":{"desktop":{"background-color":"var(--ast-global-color-4)","background-image":"","background-repeat":"repeat","background-position":"center center","background-size":"auto","background-attachment":"scroll","background-type":"","background-media":"","overlay-type":"","overlay-color":"","overlay-gradient":""},"tablet":{"background-color":"","background-image":"","background-repeat":"repeat","background-position":"center center","background-size":"auto","background-attachment":"scroll","background-type":"","background-media":"","overlay-type":"","overlay-color":"","overlay-gradient":""},"mobile":{"background-color":"","background-image":"","background-repeat":"repeat","background-position":"center center","background-size":"auto","background-attachment":"scroll","background-type":"","background-media":"","overlay-type":"","overlay-color":"","overlay-gradient":""}},"ast-content-background-meta":{"desktop":{"background-color":"var(--ast-global-color-5)","background-image":"","background-repeat":"repeat","background-position":"center center","background-size":"auto","background-attachment":"scroll","background-type":"","background-media":"","overlay-type":"","overlay-color":"","overlay-gradient":""},"tablet":{"background-color":"var(--ast-global-color-5)","background-image":"","background-repeat":"repeat","background-position":"center center","background-size":"auto","background-attachment":"scroll","background-type":"","background-media":"","overlay-type":"","overlay-color":"","overlay-gradient":""},"mobile":{"background-color":"var(--ast-global-color-5)","background-image":"","background-repeat":"repeat","background-position":"center center","background-size":"auto","background-attachment":"scroll","background-type":"","background-media":"","overlay-type":"","overlay-color":"","overlay-gradient":""}},"footnotes":""},"categories":[11382,37169],"tags":[5268,43221,206958,177558,11866,143209],"class_list":["post-101914","post","type-post","status-publish","format-standard","hentry","category-madurez","category-miguel-hernandez-de-elche","tag-antonio-cano-vindel","tag-antonio-sanchez-cabaco","tag-beatriz-bonete-lopez","tag-esther-sitges-macia","tag-jesus-rodriguez-marin","tag-jose-miguel-latorre-postigo"],"_links":{"self":[{"href":"https:\/\/www.deberes.net\/tesis\/wp-json\/wp\/v2\/posts\/101914","targetHints":{"allow":["GET"]}}],"collection":[{"href":"https:\/\/www.deberes.net\/tesis\/wp-json\/wp\/v2\/posts"}],"about":[{"href":"https:\/\/www.deberes.net\/tesis\/wp-json\/wp\/v2\/types\/post"}],"author":[{"embeddable":true,"href":"https:\/\/www.deberes.net\/tesis\/wp-json\/wp\/v2\/users\/1"}],"replies":[{"embeddable":true,"href":"https:\/\/www.deberes.net\/tesis\/wp-json\/wp\/v2\/comments?post=101914"}],"version-history":[{"count":0,"href":"https:\/\/www.deberes.net\/tesis\/wp-json\/wp\/v2\/posts\/101914\/revisions"}],"wp:attachment":[{"href":"https:\/\/www.deberes.net\/tesis\/wp-json\/wp\/v2\/media?parent=101914"}],"wp:term":[{"taxonomy":"category","embeddable":true,"href":"https:\/\/www.deberes.net\/tesis\/wp-json\/wp\/v2\/categories?post=101914"},{"taxonomy":"post_tag","embeddable":true,"href":"https:\/\/www.deberes.net\/tesis\/wp-json\/wp\/v2\/tags?post=101914"}],"curies":[{"name":"wp","href":"https:\/\/api.w.org\/{rel}","templated":true}]}}