{"id":101949,"date":"2018-03-11T10:23:57","date_gmt":"2018-03-11T10:23:57","guid":{"rendered":"https:\/\/www.deberes.net\/tesis\/sin-categoria\/la-insercion-de-cuba-en-la-economa%c2%ada-mundial-analisis-de-su-evolucion-e-impacto\/"},"modified":"2018-03-11T10:23:57","modified_gmt":"2018-03-11T10:23:57","slug":"la-insercion-de-cuba-en-la-economa%c2%ada-mundial-analisis-de-su-evolucion-e-impacto","status":"publish","type":"post","link":"https:\/\/www.deberes.net\/tesis\/sin-categoria\/la-insercion-de-cuba-en-la-economa%c2%ada-mundial-analisis-de-su-evolucion-e-impacto\/","title":{"rendered":"La inserci\u00f3n de cuba en la econom\u00edamundial: an\u00e1lisis de su evoluci\u00f3n e impacto"},"content":{"rendered":"<h2>Tesis doctoral de <strong> Pierre Fils-aime <\/strong><\/h2>\n<p>Despu\u00e9s de la ca\u00edda del muro de berl\u00edn y el colapso del campo socialista, me ha parecido muy sugerente explorar el tema: inserci\u00f3n de cuba en la econom\u00eda mundial. An\u00e1lisis de su evoluci\u00f3n e impacto, al observar las distintas posiciones en cuanto a su  situaci\u00f3n econ\u00f3mica y pol\u00edtica en el marco del actual proceso de globalizaci\u00f3n y cu\u00e1l podr\u00eda ser su margen de maniobra para reinsertarse en aras de sacarle provecho a las oportunidades proporcionadas por dicho proceso al mismo tiempo que busca minim izar los impactos negativos.  existe consenso, desde \u00f3pticas diferentes, para aceptar la existencia objetiva de una \u00c2\u00bfeconom\u00eda globalizada\u00c2\u00bf donde cuba tiene que reinsertarse. Es tambi\u00e9n incuestionable que los patrones para esta rearticulaci\u00f3n han vari ado radicalmente, en lo fundamental, al necesitarse de \u00c2\u00bfnuevos anclajes\u00c2\u00bf en sustituci\u00f3n de los desaparecidos con el derrumbe del socialismo en europa.   por tanto, dada la multiplicidad de criterios en torno a la situaci\u00f3n de cambio en la cuba actual , este estudio trat\u00f3 de vislumbrar algunos aspectos no contemplados en el discurso tanto oficial como de observadores desde cualquier campo que se encuentren. Partimos del enfoque sobre el hecho de que la problem\u00e1tica abordada es fruto de la intersec ci\u00f3n entre las espec\u00edficas de subdesarrollo, socialismo y globalizaci\u00f3n en el contexto latinoamericano y para un pa\u00eds concreto, cuba.  es notorio que la mayor parte de los pa\u00edses que a\u00fan no han salido del subdesarrollo obedecen a muchas restricciones  fundamentales que han limitado su nivel alcanzable de desarrollo. Una de ella desprende del nivel bajo de ahorro que les dificulta llevar a cabo pol\u00edticas que les permitan movilizar recursos dom\u00e9sticos suficientes, o complementar recursos dom\u00e9sticos  con recursos externos, ello ha seguido inhibiendo su desarrollo. Y eso es v\u00e1lido para cuba. partimos del supuesto de que el desarrollo significa crecimiento m\u00e1s cambio: hay dimensiones esenciales cualitativas en el proceso de desarrollo que se extie nden m\u00e1s all\u00e1 del crecimiento o la extensi\u00f3n de una econom\u00eda por un simple proceso expansionista. Subrayamos esta diferencia cualitativa porque aparece sobre todo en el mejor funcionamiento probable de los factores de producci\u00f3n y las mejores t\u00e9cnica s de producci\u00f3n &#8211; en el creciente control sobre la naturaleza, en el desarrollo de instituciones y un cambio de actitudes y valores. Por tanto, el an\u00e1lisis nos llevar\u00e1 a evaluar la capacidad de cuba para elegir su alternativa de desarrollo ya que ell<\/p>\n<p>&nbsp;<\/p>\n<h3>Datos acad\u00e9micos de la tesis doctoral \u00ab<strong>La inserci\u00f3n de cuba en la econom\u00edamundial: an\u00e1lisis de su evoluci\u00f3n e impacto<\/strong>\u00ab<\/h3>\n<ul>\n<li><strong>T\u00edtulo de la tesis:<\/strong>\u00a0 La inserci\u00f3n de cuba en la econom\u00edamundial: an\u00e1lisis de su evoluci\u00f3n e impacto <\/li>\n<li><strong>Autor:<\/strong>\u00a0 Pierre Fils-aime <\/li>\n<li><strong>Universidad:<\/strong>\u00a0 Complutense de Madrid<\/li>\n<li><strong>Fecha de lectura de la tesis:<\/strong>\u00a0 23\/06\/2010<\/li>\n<\/ul>\n<p>&nbsp;<\/p>\n<h3>Direcci\u00f3n y tribunal<\/h3>\n<ul>\n<li><strong>Director de la tesis<\/strong>\n<ul>\n<li>tablas Mart\u00ednez Gonz\u00e1lez<\/li>\n<\/ul>\n<\/li>\n<li><strong>Tribunal<\/strong>\n<ul>\n<li>Presidente del tribunal: Jorge  \u00f3scar Fonseca castro <\/li>\n<li>gonzalo Ram\u00edrez de haro v\u00e1ldez (vocal)<\/li>\n<li>Santiago Alvarez cantalapiedra (vocal)<\/li>\n<li>bibiana Medialdea garcia (vocal)<\/li>\n<\/ul>\n<\/li>\n<\/ul>\n<p>&nbsp;<\/p>\n","protected":false},"excerpt":{"rendered":"<p>Tesis doctoral de Pierre Fils-aime Despu\u00e9s de la ca\u00edda del muro de berl\u00edn y el colapso del campo socialista, me [&hellip;]<\/p>\n","protected":false},"author":1,"featured_media":0,"comment_status":"open","ping_status":"open","sticky":false,"template":"","format":"standard","meta":{"site-sidebar-layout":"default","site-content-layout":"","ast-site-content-layout":"","site-content-style":"default","site-sidebar-style":"default","ast-global-header-display":"","ast-banner-title-visibility":"","ast-main-header-display":"","ast-hfb-above-header-display":"","ast-hfb-below-header-display":"","ast-hfb-mobile-header-display":"","site-post-title":"","ast-breadcrumbs-content":"","ast-featured-img":"","footer-sml-layout":"","theme-transparent-header-meta":"","adv-header-id-meta":"","stick-header-meta":"","header-above-stick-meta":"","header-main-stick-meta":"","header-below-stick-meta":"","astra-migrate-meta-layouts":"default","ast-page-background-enabled":"default","ast-page-background-meta":{"desktop":{"background-color":"var(--ast-global-color-4)","background-image":"","background-repeat":"repeat","background-position":"center center","background-size":"auto","background-attachment":"scroll","background-type":"","background-media":"","overlay-type":"","overlay-color":"","overlay-gradient":""},"tablet":{"background-color":"","background-image":"","background-repeat":"repeat","background-position":"center center","background-size":"auto","background-attachment":"scroll","background-type":"","background-media":"","overlay-type":"","overlay-color":"","overlay-gradient":""},"mobile":{"background-color":"","background-image":"","background-repeat":"repeat","background-position":"center center","background-size":"auto","background-attachment":"scroll","background-type":"","background-media":"","overlay-type":"","overlay-color":"","overlay-gradient":""}},"ast-content-background-meta":{"desktop":{"background-color":"var(--ast-global-color-5)","background-image":"","background-repeat":"repeat","background-position":"center center","background-size":"auto","background-attachment":"scroll","background-type":"","background-media":"","overlay-type":"","overlay-color":"","overlay-gradient":""},"tablet":{"background-color":"var(--ast-global-color-5)","background-image":"","background-repeat":"repeat","background-position":"center center","background-size":"auto","background-attachment":"scroll","background-type":"","background-media":"","overlay-type":"","overlay-color":"","overlay-gradient":""},"mobile":{"background-color":"var(--ast-global-color-5)","background-image":"","background-repeat":"repeat","background-position":"center center","background-size":"auto","background-attachment":"scroll","background-type":"","background-media":"","overlay-type":"","overlay-color":"","overlay-gradient":""}},"footnotes":""},"categories":[1],"tags":[197789,193914,122675,207009,42826,42827],"class_list":["post-101949","post","type-post","status-publish","format-standard","hentry","category-sin-categoria","tag-bibiana-medialdea-garcia","tag-gonzalo-ramirez-de-haro-valdez","tag-jorge-oscar-fonseca-castro","tag-pierre-fils-aime","tag-santiago-alvarez-cantalapiedra","tag-tablas-Martinez-gonzalez"],"_links":{"self":[{"href":"https:\/\/www.deberes.net\/tesis\/wp-json\/wp\/v2\/posts\/101949","targetHints":{"allow":["GET"]}}],"collection":[{"href":"https:\/\/www.deberes.net\/tesis\/wp-json\/wp\/v2\/posts"}],"about":[{"href":"https:\/\/www.deberes.net\/tesis\/wp-json\/wp\/v2\/types\/post"}],"author":[{"embeddable":true,"href":"https:\/\/www.deberes.net\/tesis\/wp-json\/wp\/v2\/users\/1"}],"replies":[{"embeddable":true,"href":"https:\/\/www.deberes.net\/tesis\/wp-json\/wp\/v2\/comments?post=101949"}],"version-history":[{"count":0,"href":"https:\/\/www.deberes.net\/tesis\/wp-json\/wp\/v2\/posts\/101949\/revisions"}],"wp:attachment":[{"href":"https:\/\/www.deberes.net\/tesis\/wp-json\/wp\/v2\/media?parent=101949"}],"wp:term":[{"taxonomy":"category","embeddable":true,"href":"https:\/\/www.deberes.net\/tesis\/wp-json\/wp\/v2\/categories?post=101949"},{"taxonomy":"post_tag","embeddable":true,"href":"https:\/\/www.deberes.net\/tesis\/wp-json\/wp\/v2\/tags?post=101949"}],"curies":[{"name":"wp","href":"https:\/\/api.w.org\/{rel}","templated":true}]}}