{"id":102004,"date":"2018-03-11T10:24:01","date_gmt":"2018-03-11T10:24:01","guid":{"rendered":"https:\/\/www.deberes.net\/tesis\/sin-categoria\/la-formacion-del-laicado-en-santiago-de-chile-desarrollo-y-evaluacion\/"},"modified":"2018-03-11T10:24:01","modified_gmt":"2018-03-11T10:24:01","slug":"la-formacion-del-laicado-en-santiago-de-chile-desarrollo-y-evaluacion","status":"publish","type":"post","link":"https:\/\/www.deberes.net\/tesis\/pedagogia\/la-formacion-del-laicado-en-santiago-de-chile-desarrollo-y-evaluacion\/","title":{"rendered":"La formaci\u00f3n del laicado en santiago de chile: desarrollo y evaluaci\u00f3n."},"content":{"rendered":"<h2>Tesis doctoral de <strong> M\u00aa Cristina Men\u00e9ndez Vega <\/strong><\/h2>\n<p>La formaci\u00f3n del laicado, que constituye la mayor parte de los miembros de la iglesia cat\u00f3lica, es un tema poco estudiado desde el punto de vista de las ciencias de la educaci\u00f3n. Sin embargo, resulta de capital importancia para entender la organizaci\u00f3n eclesial y el mantenimiento de su estructura, as\u00ed como para su evoluci\u00f3n y cambio, especialmente desde que los cambios socioculturales han provocado la necesidad de que el laicado se convierta en agente activo en el desarrollo de la misi\u00f3n de la iglesia, como se\u00f1al\u00f3 el concilio vaticano ii. Por otra parte, desde el punto de vista social y educativo, no se puede obviar la importancia de una formaci\u00f3n que ata\u00f1e a un amplio colectivo de ciudadanos, que inciden en la estructura de una organizaci\u00f3n tan relevante socialmente como la iglesia cat\u00f3lica, que est\u00e1 orientada al desarrollo de las personas por encima de cualquier dimensi\u00f3n utilitaria y que tendr\u00e1, por lo tanto, efectos en muchas otras dimensiones de su participaci\u00f3n social.  la arquidi\u00f3cesis de santiago de chile cuenta con una larga tradici\u00f3n en actividades orientadas a la formaci\u00f3n del laicado. Estas actividades se organizaron y estructuraron, a partir del a\u00f1o 2001, en el plan de formaci\u00f3n para laicos de dicha arquidi\u00f3cesis. Este plan hace una propuesta integral para la formaci\u00f3n del laicado atendiendo a la especificidad propia de la presencia en el mundo y a una concepci\u00f3n comunitaria y participativa de la iglesia. El plan se ha venido implementando en la arquidi\u00f3cesis desde su publicaci\u00f3n y ha orientado la formaci\u00f3n de al menos 20.000 personas.   la presente tesis analiza esta propuesta formativa desde el contexto del rol del laicado en la iglesia cat\u00f3lica y de la capacidad de la formaci\u00f3n de producir cambios significativos en la vida de las personas y las organizaciones, y realiza una evaluaci\u00f3n sistem\u00e1tica del plan de formaci\u00f3n de laicos tal y como se ha venido implementando, utilizando el modelo de emergent realist evaluation (ere) como un modelo especialmente indicado para evaluar programas de car\u00e1cter social y democr\u00e1tico, en la perspectiva de la mejora social. La evaluaci\u00f3n tiene como primer objetivo la mejora del programa y de la organizaci\u00f3n, y como finalidades secundarias, que contextualizan y sit\u00faan las propuestas de mejora, la evaluaci\u00f3n de la calidad y el valor del programa y la adecuaci\u00f3n de la implementaci\u00f3n realizada a las especificaciones contenidas en la propuesta general del plan.<\/p>\n<p>&nbsp;<\/p>\n<h3>Datos acad\u00e9micos de la tesis doctoral \u00ab<strong>La formaci\u00f3n del laicado en santiago de chile: desarrollo y evaluaci\u00f3n.<\/strong>\u00ab<\/h3>\n<ul>\n<li><strong>T\u00edtulo de la tesis:<\/strong>\u00a0 La formaci\u00f3n del laicado en santiago de chile: desarrollo y evaluaci\u00f3n. <\/li>\n<li><strong>Autor:<\/strong>\u00a0 M\u00aa Cristina Men\u00e9ndez Vega <\/li>\n<li><strong>Universidad:<\/strong>\u00a0 Oviedo<\/li>\n<li><strong>Fecha de lectura de la tesis:<\/strong>\u00a0 24\/06\/2010<\/li>\n<\/ul>\n<p>&nbsp;<\/p>\n<h3>Direcci\u00f3n y tribunal<\/h3>\n<ul>\n<li><strong>Director de la tesis<\/strong>\n<ul>\n<li>Jos\u00e9 Luis San Fabian Maroto<\/li>\n<\/ul>\n<\/li>\n<li><strong>Tribunal<\/strong>\n<ul>\n<li>Presidente del tribunal: Francisco m. de Miguel d\u00edaz <\/li>\n<li>Mar\u00eda  lourdes Montero mesa (vocal)<\/li>\n<li>Marta Ruiz corbella (vocal)<\/li>\n<li>julia Boronat mundina (vocal)<\/li>\n<\/ul>\n<\/li>\n<\/ul>\n<p>&nbsp;<\/p>\n","protected":false},"excerpt":{"rendered":"<p>Tesis doctoral de M\u00aa Cristina Men\u00e9ndez Vega La formaci\u00f3n del laicado, que constituye la mayor parte de los miembros de [&hellip;]<\/p>\n","protected":false},"author":1,"featured_media":0,"comment_status":"open","ping_status":"open","sticky":false,"template":"","format":"standard","meta":{"site-sidebar-layout":"default","site-content-layout":"","ast-site-content-layout":"","site-content-style":"default","site-sidebar-style":"default","ast-global-header-display":"","ast-banner-title-visibility":"","ast-main-header-display":"","ast-hfb-above-header-display":"","ast-hfb-below-header-display":"","ast-hfb-mobile-header-display":"","site-post-title":"","ast-breadcrumbs-content":"","ast-featured-img":"","footer-sml-layout":"","theme-transparent-header-meta":"","adv-header-id-meta":"","stick-header-meta":"","header-above-stick-meta":"","header-main-stick-meta":"","header-below-stick-meta":"","astra-migrate-meta-layouts":"default","ast-page-background-enabled":"default","ast-page-background-meta":{"desktop":{"background-color":"var(--ast-global-color-4)","background-image":"","background-repeat":"repeat","background-position":"center center","background-size":"auto","background-attachment":"scroll","background-type":"","background-media":"","overlay-type":"","overlay-color":"","overlay-gradient":""},"tablet":{"background-color":"","background-image":"","background-repeat":"repeat","background-position":"center center","background-size":"auto","background-attachment":"scroll","background-type":"","background-media":"","overlay-type":"","overlay-color":"","overlay-gradient":""},"mobile":{"background-color":"","background-image":"","background-repeat":"repeat","background-position":"center center","background-size":"auto","background-attachment":"scroll","background-type":"","background-media":"","overlay-type":"","overlay-color":"","overlay-gradient":""}},"ast-content-background-meta":{"desktop":{"background-color":"var(--ast-global-color-5)","background-image":"","background-repeat":"repeat","background-position":"center center","background-size":"auto","background-attachment":"scroll","background-type":"","background-media":"","overlay-type":"","overlay-color":"","overlay-gradient":""},"tablet":{"background-color":"var(--ast-global-color-5)","background-image":"","background-repeat":"repeat","background-position":"center center","background-size":"auto","background-attachment":"scroll","background-type":"","background-media":"","overlay-type":"","overlay-color":"","overlay-gradient":""},"mobile":{"background-color":"var(--ast-global-color-5)","background-image":"","background-repeat":"repeat","background-position":"center center","background-size":"auto","background-attachment":"scroll","background-type":"","background-media":"","overlay-type":"","overlay-color":"","overlay-gradient":""}},"footnotes":""},"categories":[13042,1184,8846,1141],"tags":[142408,8009,55426,8125,63378,207087],"class_list":["post-102004","post","type-post","status-publish","format-standard","hentry","category-educacion-de-adultos","category-organizacion-y-planificacion-de-la-educacion","category-oviedo","category-pedagogia","tag-francisco-m-de-miguel-diaz","tag-jose-luis-san-fabian-maroto","tag-julia-boronat-mundina","tag-maria-lourdes-montero-mesa","tag-marta-ruiz-corbella","tag-ma-cristina-menendez-vega"],"_links":{"self":[{"href":"https:\/\/www.deberes.net\/tesis\/wp-json\/wp\/v2\/posts\/102004","targetHints":{"allow":["GET"]}}],"collection":[{"href":"https:\/\/www.deberes.net\/tesis\/wp-json\/wp\/v2\/posts"}],"about":[{"href":"https:\/\/www.deberes.net\/tesis\/wp-json\/wp\/v2\/types\/post"}],"author":[{"embeddable":true,"href":"https:\/\/www.deberes.net\/tesis\/wp-json\/wp\/v2\/users\/1"}],"replies":[{"embeddable":true,"href":"https:\/\/www.deberes.net\/tesis\/wp-json\/wp\/v2\/comments?post=102004"}],"version-history":[{"count":0,"href":"https:\/\/www.deberes.net\/tesis\/wp-json\/wp\/v2\/posts\/102004\/revisions"}],"wp:attachment":[{"href":"https:\/\/www.deberes.net\/tesis\/wp-json\/wp\/v2\/media?parent=102004"}],"wp:term":[{"taxonomy":"category","embeddable":true,"href":"https:\/\/www.deberes.net\/tesis\/wp-json\/wp\/v2\/categories?post=102004"},{"taxonomy":"post_tag","embeddable":true,"href":"https:\/\/www.deberes.net\/tesis\/wp-json\/wp\/v2\/tags?post=102004"}],"curies":[{"name":"wp","href":"https:\/\/api.w.org\/{rel}","templated":true}]}}