{"id":102026,"date":"2018-03-11T10:24:01","date_gmt":"2018-03-11T10:24:01","guid":{"rendered":"https:\/\/www.deberes.net\/tesis\/sin-categoria\/medio-ambiente-y-derechos-fundamentales\/"},"modified":"2018-03-11T10:24:01","modified_gmt":"2018-03-11T10:24:01","slug":"medio-ambiente-y-derechos-fundamentales","status":"publish","type":"post","link":"https:\/\/www.deberes.net\/tesis\/ciencias-juridicas-y-derecho\/medio-ambiente-y-derechos-fundamentales\/","title":{"rendered":"Medio ambiente y derechos fundamentales"},"content":{"rendered":"<h2>Tesis doctoral de <strong> Fernando Sim\u00f3n Yarza <\/strong><\/h2>\n<p>Resumen de la tesis el presente estudio es un an\u00e1lisis de las posibilidades y los l\u00edmites de la conexi\u00f3n entre la protecci\u00f3n del medio ambiente y los derechos funda-mentales. En el primer cap\u00edtulo, se examinan a grandes rasgos todas las dimensiones constitucionales del medio ambiente y se indican las dificulta-des que impiden considerarlo como un derecho subjetivo. Asimismo, se estudia la naturaleza del art\u00edculo 45.1 de la constituci\u00f3n espa\u00f1ola, objeto de discusi\u00f3n en la doctrina jur\u00eddica. aunque la existencia de un derecho al medio ambiente como tal es rechazada, se reconocen derechos que pueden ser lesionados por las agre-siones en el entorno. Estas agresiones, sin embargo, no suelen provenir di-rectamente del estado, sino que son los sujetos privados (industrias, locales comerciales, etc.) La amenaza principal al medio ambiente. Por este motivo, el autor examina en el segundo cap\u00edtulo la doctrina alemana de los dere-chos como obligaciones estatales de protecci\u00f3n frente a sujetos privados. en el tercer cap\u00edtulo, se estudia la intensa aplicaci\u00f3n de la doctrina de las obligaciones de protecci\u00f3n por el tribunal europeo de derechos humanos, principalmente en cuestiones ambientales. Se analiza especial-mente el nuevo derecho a la calidad de vida o bienestar ambiental, creado en los a\u00f1os noventa, y aplicado en espa\u00f1a desde el a\u00f1o 2001. Desde entonces, muchos conflictos que tradicionalmente eran protegidos por el derecho civil se han convertido en cuestiones constitucionales. El autor examina cr\u00edticamente este problema en el cuarto cap\u00edtulo, y concluye la tesis se\u00f1a-lando en qu\u00e9 t\u00e9rminos es adecuada la conexi\u00f3n entre medio ambiente y de-rechos fundamentales.  dissertation summary this work analyzes the possibilities and limits of the relationship be-tween environmental protection and fundamental rights. Chapter one pro-vides a general overview of the constitutional dimensions of environmental protection and stresses the difficulties associated with a recognition of the environment as the object of an individual right. Within this context, the work additionally participates in the ongoing discussion regarding the ju-ridical nature of article 45.1 of the spanish constitution. although the possibility of an individual right to the environment as such is rejected, rights which may be violated by aggressions to the envi-ronment are acknowledged. These aggressions, however, are not usually provoked by the state; the main threats to the environment come, most commonly, from private subjects (industries, local commercial activity, and the like. For this reason, in chapter two, the author examines the german doctrine of fundamental rights as state duties of protection against private-subject aggression (grundrechtliche schutzpflichten).  chapter three examines the strict application of this doctrine by the european court of human rights, with particular emphasis on environ-mental issues. Detailed exploration within the chapter examines the new right to an environmental quality of life created in the 1990\u00c2\u00bfs by the court, and applied in spain as of the year, 2001. Since this time, many conflicts which, traditionally, were resolved by statutory and regulatory law have additionally become constitutional issues. The author examines critically this process in chapter four and concludes the work by elucidating the terms through which an appropriate relationship between the environment and fundamen-tal rights should be established.<\/p>\n<p>&nbsp;<\/p>\n<h3>Datos acad\u00e9micos de la tesis doctoral \u00ab<strong>Medio ambiente y derechos fundamentales<\/strong>\u00ab<\/h3>\n<ul>\n<li><strong>T\u00edtulo de la tesis:<\/strong>\u00a0 Medio ambiente y derechos fundamentales <\/li>\n<li><strong>Autor:<\/strong>\u00a0 Fernando Sim\u00f3n Yarza <\/li>\n<li><strong>Universidad:<\/strong>\u00a0 Navarra<\/li>\n<li><strong>Fecha de lectura de la tesis:<\/strong>\u00a0 25\/06\/2010<\/li>\n<\/ul>\n<p>&nbsp;<\/p>\n<h3>Direcci\u00f3n y tribunal<\/h3>\n<ul>\n<li><strong>Director de la tesis<\/strong>\n<ul>\n<li>Angel Jose Gomez Montoro<\/li>\n<\/ul>\n<\/li>\n<li><strong>Tribunal<\/strong>\n<ul>\n<li>Presidente del tribunal: manuel Arag\u00f3n reyes <\/li>\n<li>paloma Biglino campos (vocal)<\/li>\n<li>winfried Kluth (vocal)<\/li>\n<li>alfonso Fernande miranda campoamor (vocal)<\/li>\n<\/ul>\n<\/li>\n<\/ul>\n<p>&nbsp;<\/p>\n","protected":false},"excerpt":{"rendered":"<p>Tesis doctoral de Fernando Sim\u00f3n Yarza Resumen de la tesis el presente estudio es un an\u00e1lisis de las posibilidades y [&hellip;]<\/p>\n","protected":false},"author":1,"featured_media":0,"comment_status":"open","ping_status":"open","sticky":false,"template":"","format":"standard","meta":{"site-sidebar-layout":"default","site-content-layout":"","ast-site-content-layout":"","site-content-style":"default","site-sidebar-style":"default","ast-global-header-display":"","ast-banner-title-visibility":"","ast-main-header-display":"","ast-hfb-above-header-display":"","ast-hfb-below-header-display":"","ast-hfb-mobile-header-display":"","site-post-title":"","ast-breadcrumbs-content":"","ast-featured-img":"","footer-sml-layout":"","theme-transparent-header-meta":"","adv-header-id-meta":"","stick-header-meta":"","header-above-stick-meta":"","header-main-stick-meta":"","header-below-stick-meta":"","astra-migrate-meta-layouts":"default","ast-page-background-enabled":"default","ast-page-background-meta":{"desktop":{"background-color":"var(--ast-global-color-4)","background-image":"","background-repeat":"repeat","background-position":"center center","background-size":"auto","background-attachment":"scroll","background-type":"","background-media":"","overlay-type":"","overlay-color":"","overlay-gradient":""},"tablet":{"background-color":"","background-image":"","background-repeat":"repeat","background-position":"center center","background-size":"auto","background-attachment":"scroll","background-type":"","background-media":"","overlay-type":"","overlay-color":"","overlay-gradient":""},"mobile":{"background-color":"","background-image":"","background-repeat":"repeat","background-position":"center center","background-size":"auto","background-attachment":"scroll","background-type":"","background-media":"","overlay-type":"","overlay-color":"","overlay-gradient":""}},"ast-content-background-meta":{"desktop":{"background-color":"var(--ast-global-color-5)","background-image":"","background-repeat":"repeat","background-position":"center center","background-size":"auto","background-attachment":"scroll","background-type":"","background-media":"","overlay-type":"","overlay-color":"","overlay-gradient":""},"tablet":{"background-color":"var(--ast-global-color-5)","background-image":"","background-repeat":"repeat","background-position":"center center","background-size":"auto","background-attachment":"scroll","background-type":"","background-media":"","overlay-type":"","overlay-color":"","overlay-gradient":""},"mobile":{"background-color":"var(--ast-global-color-5)","background-image":"","background-repeat":"repeat","background-position":"center center","background-size":"auto","background-attachment":"scroll","background-type":"","background-media":"","overlay-type":"","overlay-color":"","overlay-gradient":""}},"footnotes":""},"categories":[612,17749],"tags":[137312,55209,207130,29538,44822,49487],"class_list":["post-102026","post","type-post","status-publish","format-standard","hentry","category-ciencias-juridicas-y-derecho","category-navarra","tag-alfonso-fernande-miranda-campoamor","tag-angel-jose-gomez-montoro","tag-fernando-simon-yarza","tag-manuel-aragon-reyes","tag-paloma-biglino-campos","tag-winfried-kluth"],"_links":{"self":[{"href":"https:\/\/www.deberes.net\/tesis\/wp-json\/wp\/v2\/posts\/102026","targetHints":{"allow":["GET"]}}],"collection":[{"href":"https:\/\/www.deberes.net\/tesis\/wp-json\/wp\/v2\/posts"}],"about":[{"href":"https:\/\/www.deberes.net\/tesis\/wp-json\/wp\/v2\/types\/post"}],"author":[{"embeddable":true,"href":"https:\/\/www.deberes.net\/tesis\/wp-json\/wp\/v2\/users\/1"}],"replies":[{"embeddable":true,"href":"https:\/\/www.deberes.net\/tesis\/wp-json\/wp\/v2\/comments?post=102026"}],"version-history":[{"count":0,"href":"https:\/\/www.deberes.net\/tesis\/wp-json\/wp\/v2\/posts\/102026\/revisions"}],"wp:attachment":[{"href":"https:\/\/www.deberes.net\/tesis\/wp-json\/wp\/v2\/media?parent=102026"}],"wp:term":[{"taxonomy":"category","embeddable":true,"href":"https:\/\/www.deberes.net\/tesis\/wp-json\/wp\/v2\/categories?post=102026"},{"taxonomy":"post_tag","embeddable":true,"href":"https:\/\/www.deberes.net\/tesis\/wp-json\/wp\/v2\/tags?post=102026"}],"curies":[{"name":"wp","href":"https:\/\/api.w.org\/{rel}","templated":true}]}}