{"id":102044,"date":"2018-03-11T10:24:06","date_gmt":"2018-03-11T10:24:06","guid":{"rendered":"https:\/\/www.deberes.net\/tesis\/sin-categoria\/jose-pablo-valiente-y-bravo-ilustracion-reformas-y-realismo-en-espana-y-america\/"},"modified":"2018-03-11T10:24:06","modified_gmt":"2018-03-11T10:24:06","slug":"jose-pablo-valiente-y-bravo-ilustracion-reformas-y-realismo-en-espana-y-america","status":"publish","type":"post","link":"https:\/\/www.deberes.net\/tesis\/biografias\/jose-pablo-valiente-y-bravo-ilustracion-reformas-y-realismo-en-espana-y-america\/","title":{"rendered":"Jos\u00e9 pablo valiente y bravo: ilustraci\u00f3n, reformas y realismo en espa\u00f1a y am\u00e9rica"},"content":{"rendered":"<h2>Tesis doctoral de <strong> Emma Dunia Vidal Prades <\/strong><\/h2>\n<p>Jos\u00e9 pablo valiente desarroll\u00f3 una brillante carrera profesional destacando en todas las ocupaciones que le fueron conferidas. Sin embargo, varias d\u00e9cadas despu\u00e9s de fallecer comenzaron una serie de ataques contra su persona, sobre todo en su ocupaci\u00f3n como intendente de la isla de cuba. A partir de estas premisas consideramos muy interesante averiguar si estas cr\u00edticas eran ciertas y si en sus anteriores ocupaciones y las posteriores tambi\u00e9n pudo haber sido una persona controvertida. Por ello nuestro estudio est\u00e1 estructurado siguiendo las distintas funciones que desempe\u00f1\u00f3. en el siglo xviii la pol\u00edtica era entend\u00eda desde el absolutismo. Con la llegada de carlos iii comenz\u00f3 un proceso reformista en distintos \u00e1mbitos de la vida p\u00fablica. Este reformismo marc\u00f3 el surgimiento de personas ilustradas dispuestas a promover una nueva forma de organizaci\u00f3n social. Comprobamos que una persona formada en el reformismo, sin ra\u00edces nobiliarias, lo impuls\u00f3 y lo aplic\u00f3 en distintas ocasiones durante su trayectoria profesional. Sin embargo, cuando tuvo la capacidad de decidir, de forma aut\u00f3noma, sin imposiciones, opt\u00f3 por hacer un retroceso contra la evoluci\u00f3n marcada por el reformismo y foment\u00f3 una vuelta a las estructuras administrativas propias del antiguo r\u00e9gimen. eran muchos los factores que condicionaban la actuaci\u00f3n de los miembros de la administraci\u00f3n destinados a los territorios ultramarinos. Por ello, un an\u00e1lisis global aportaba elementos necesarios para comprender lo que en principio se mostraba como un cambio radical en la actuaci\u00f3n, sin ning\u00fan detonante inmediato al proceso en que se observa.<\/p>\n<p>&nbsp;<\/p>\n<h3>Datos acad\u00e9micos de la tesis doctoral \u00ab<strong>Jos\u00e9 pablo valiente y bravo: ilustraci\u00f3n, reformas y realismo en espa\u00f1a y am\u00e9rica<\/strong>\u00ab<\/h3>\n<ul>\n<li><strong>T\u00edtulo de la tesis:<\/strong>\u00a0 Jos\u00e9 pablo valiente y bravo: ilustraci\u00f3n, reformas y realismo en espa\u00f1a y am\u00e9rica <\/li>\n<li><strong>Autor:<\/strong>\u00a0 Emma Dunia Vidal Prades <\/li>\n<li><strong>Universidad:<\/strong>\u00a0 Jaume i de castell\u00f3n<\/li>\n<li><strong>Fecha de lectura de la tesis:<\/strong>\u00a0 25\/06\/2010<\/li>\n<\/ul>\n<p>&nbsp;<\/p>\n<h3>Direcci\u00f3n y tribunal<\/h3>\n<ul>\n<li><strong>Director de la tesis<\/strong>\n<ul>\n<li>Jos\u00e9 Antonio Piqueras Arenas<\/li>\n<\/ul>\n<\/li>\n<li><strong>Tribunal<\/strong>\n<ul>\n<li>Presidente del tribunal: Manuel De paz s\u00e1nchez <\/li>\n<li>consuelo Naranjo orovio (vocal)<\/li>\n<li>salvador Bernabeu albert (vocal)<\/li>\n<li>josef Opatrn\u00ed\u00bd (vocal)<\/li>\n<\/ul>\n<\/li>\n<\/ul>\n<p>&nbsp;<\/p>\n","protected":false},"excerpt":{"rendered":"<p>Tesis doctoral de Emma Dunia Vidal Prades Jos\u00e9 pablo valiente desarroll\u00f3 una brillante carrera profesional destacando en todas las ocupaciones [&hellip;]<\/p>\n","protected":false},"author":1,"featured_media":0,"comment_status":"open","ping_status":"open","sticky":false,"template":"","format":"standard","meta":{"site-sidebar-layout":"default","site-content-layout":"","ast-site-content-layout":"","site-content-style":"default","site-sidebar-style":"default","ast-global-header-display":"","ast-banner-title-visibility":"","ast-main-header-display":"","ast-hfb-above-header-display":"","ast-hfb-below-header-display":"","ast-hfb-mobile-header-display":"","site-post-title":"","ast-breadcrumbs-content":"","ast-featured-img":"","footer-sml-layout":"","theme-transparent-header-meta":"","adv-header-id-meta":"","stick-header-meta":"","header-above-stick-meta":"","header-main-stick-meta":"","header-below-stick-meta":"","astra-migrate-meta-layouts":"default","ast-page-background-enabled":"default","ast-page-background-meta":{"desktop":{"background-color":"var(--ast-global-color-4)","background-image":"","background-repeat":"repeat","background-position":"center center","background-size":"auto","background-attachment":"scroll","background-type":"","background-media":"","overlay-type":"","overlay-color":"","overlay-gradient":""},"tablet":{"background-color":"","background-image":"","background-repeat":"repeat","background-position":"center center","background-size":"auto","background-attachment":"scroll","background-type":"","background-media":"","overlay-type":"","overlay-color":"","overlay-gradient":""},"mobile":{"background-color":"","background-image":"","background-repeat":"repeat","background-position":"center center","background-size":"auto","background-attachment":"scroll","background-type":"","background-media":"","overlay-type":"","overlay-color":"","overlay-gradient":""}},"ast-content-background-meta":{"desktop":{"background-color":"var(--ast-global-color-5)","background-image":"","background-repeat":"repeat","background-position":"center center","background-size":"auto","background-attachment":"scroll","background-type":"","background-media":"","overlay-type":"","overlay-color":"","overlay-gradient":""},"tablet":{"background-color":"var(--ast-global-color-5)","background-image":"","background-repeat":"repeat","background-position":"center center","background-size":"auto","background-attachment":"scroll","background-type":"","background-media":"","overlay-type":"","overlay-color":"","overlay-gradient":""},"mobile":{"background-color":"var(--ast-global-color-5)","background-image":"","background-repeat":"repeat","background-position":"center center","background-size":"auto","background-attachment":"scroll","background-type":"","background-media":"","overlay-type":"","overlay-color":"","overlay-gradient":""}},"footnotes":""},"categories":[954,1816,6049,18725],"tags":[50538,207154,47554,207155,147368,116448],"class_list":["post-102044","post","type-post","status-publish","format-standard","hentry","category-biografias","category-historia-contemporanea","category-historia-contemporanea-del-area-americana","category-jaume-i-de-castellon","tag-consuelo-naranjo-orovio","tag-emma-dunia-vidal-prades","tag-jose-antonio-piqueras-arenas","tag-josef-opatrni","tag-manuel-de-paz-sanchez","tag-salvador-bernabeu-albert"],"_links":{"self":[{"href":"https:\/\/www.deberes.net\/tesis\/wp-json\/wp\/v2\/posts\/102044","targetHints":{"allow":["GET"]}}],"collection":[{"href":"https:\/\/www.deberes.net\/tesis\/wp-json\/wp\/v2\/posts"}],"about":[{"href":"https:\/\/www.deberes.net\/tesis\/wp-json\/wp\/v2\/types\/post"}],"author":[{"embeddable":true,"href":"https:\/\/www.deberes.net\/tesis\/wp-json\/wp\/v2\/users\/1"}],"replies":[{"embeddable":true,"href":"https:\/\/www.deberes.net\/tesis\/wp-json\/wp\/v2\/comments?post=102044"}],"version-history":[{"count":0,"href":"https:\/\/www.deberes.net\/tesis\/wp-json\/wp\/v2\/posts\/102044\/revisions"}],"wp:attachment":[{"href":"https:\/\/www.deberes.net\/tesis\/wp-json\/wp\/v2\/media?parent=102044"}],"wp:term":[{"taxonomy":"category","embeddable":true,"href":"https:\/\/www.deberes.net\/tesis\/wp-json\/wp\/v2\/categories?post=102044"},{"taxonomy":"post_tag","embeddable":true,"href":"https:\/\/www.deberes.net\/tesis\/wp-json\/wp\/v2\/tags?post=102044"}],"curies":[{"name":"wp","href":"https:\/\/api.w.org\/{rel}","templated":true}]}}