{"id":102054,"date":"2018-03-11T10:24:06","date_gmt":"2018-03-11T10:24:06","guid":{"rendered":"https:\/\/www.deberes.net\/tesis\/sin-categoria\/la-participacion-de-las-cortes-generales-en-la-accion-exterior-del-estado-1979-2007\/"},"modified":"2018-03-11T10:24:06","modified_gmt":"2018-03-11T10:24:06","slug":"la-participacion-de-las-cortes-generales-en-la-accion-exterior-del-estado-1979-2007","status":"publish","type":"post","link":"https:\/\/www.deberes.net\/tesis\/derecho-internacional-publico\/la-participacion-de-las-cortes-generales-en-la-accion-exterior-del-estado-1979-2007\/","title":{"rendered":"La participaci\u00f3n de las cortes generales en la acci\u00f3n exterior del estado (1979-2007)"},"content":{"rendered":"<h2>Tesis doctoral de <strong> Ra\u00fal Ignacio Rodr\u00edguez Magdaleno <\/strong><\/h2>\n<p>Resumen   \tla acci\u00f3n exterior del estado se ha caracterizada por la preeminencia del ejecutivo frente a los parlamentos. La participaci\u00f3n de los parlamentos en la pol\u00edtica exterior se ha fundamentado en las previsiones constitucionales espec\u00edficas que los textos constitucionales han contenido en dos grandes apartados: tratados y declaraci\u00f3n de guerra. Con posteridad, la aparici\u00f3n de los procesos de integraci\u00f3n europea han generado previsiones constitucionales espec\u00edficas que prev\u00e9n un papel concreto para los parlamentos nacionales. Estos tres grandes \u00e1mbitos tienen una regulaci\u00f3n constitucional propia en la constituci\u00f3n espa\u00f1ola de 1978, art\u00edculos 63, 93 y 94. Esta tesis expone la manera en que las cortes generales se han servido de estos procedimientos previstos en la constituci\u00f3n para tomar parte en la pol\u00edtica exterior. Asimismo, se analiza la manera en que las cortes han empleado otras potestades t\u00edpicamente internas, como la legislativa y la de control-orientaci\u00f3n, para de tomar parte en la pol\u00edtica exterior. De igual manera se muestra c\u00f3mo la pol\u00edtica exterior se ha convertido en una pol\u00edtica partidista, como cualquier otro \u00e1mbito de la acci\u00f3n de las cortes generales.<\/p>\n<p>&nbsp;<\/p>\n<h3>Datos acad\u00e9micos de la tesis doctoral \u00ab<strong>La participaci\u00f3n de las cortes generales en la acci\u00f3n exterior del estado (1979-2007)<\/strong>\u00ab<\/h3>\n<ul>\n<li><strong>T\u00edtulo de la tesis:<\/strong>\u00a0 La participaci\u00f3n de las cortes generales en la acci\u00f3n exterior del estado (1979-2007) <\/li>\n<li><strong>Autor:<\/strong>\u00a0 Ra\u00fal Ignacio Rodr\u00edguez Magdaleno <\/li>\n<li><strong>Universidad:<\/strong>\u00a0 Oviedo<\/li>\n<li><strong>Fecha de lectura de la tesis:<\/strong>\u00a0 25\/06\/2010<\/li>\n<\/ul>\n<p>&nbsp;<\/p>\n<h3>Direcci\u00f3n y tribunal<\/h3>\n<ul>\n<li><strong>Director de la tesis<\/strong>\n<ul>\n<li>Mar\u00eda  De La Paz Andres Saenz De Santa Mar\u00eda<\/li>\n<\/ul>\n<\/li>\n<li><strong>Tribunal<\/strong>\n<ul>\n<li>Presidente del tribunal: Antonio Remiro brotons <\/li>\n<li>concepcion Escobar hernandez (vocal)<\/li>\n<li>rosa Riquelme cortado (vocal)<\/li>\n<li>Javier Rold\u00e1n barbero (vocal)<\/li>\n<\/ul>\n<\/li>\n<\/ul>\n<p>&nbsp;<\/p>\n","protected":false},"excerpt":{"rendered":"<p>Tesis doctoral de Ra\u00fal Ignacio Rodr\u00edguez Magdaleno Resumen la acci\u00f3n exterior del estado se ha caracterizada por la preeminencia del [&hellip;]<\/p>\n","protected":false},"author":1,"featured_media":0,"comment_status":"open","ping_status":"open","sticky":false,"template":"","format":"standard","meta":{"site-sidebar-layout":"default","site-content-layout":"","ast-site-content-layout":"","site-content-style":"default","site-sidebar-style":"default","ast-global-header-display":"","ast-banner-title-visibility":"","ast-main-header-display":"","ast-hfb-above-header-display":"","ast-hfb-below-header-display":"","ast-hfb-mobile-header-display":"","site-post-title":"","ast-breadcrumbs-content":"","ast-featured-img":"","footer-sml-layout":"","theme-transparent-header-meta":"","adv-header-id-meta":"","stick-header-meta":"","header-above-stick-meta":"","header-main-stick-meta":"","header-below-stick-meta":"","astra-migrate-meta-layouts":"default","ast-page-background-enabled":"default","ast-page-background-meta":{"desktop":{"background-color":"var(--ast-global-color-4)","background-image":"","background-repeat":"repeat","background-position":"center center","background-size":"auto","background-attachment":"scroll","background-type":"","background-media":"","overlay-type":"","overlay-color":"","overlay-gradient":""},"tablet":{"background-color":"","background-image":"","background-repeat":"repeat","background-position":"center center","background-size":"auto","background-attachment":"scroll","background-type":"","background-media":"","overlay-type":"","overlay-color":"","overlay-gradient":""},"mobile":{"background-color":"","background-image":"","background-repeat":"repeat","background-position":"center center","background-size":"auto","background-attachment":"scroll","background-type":"","background-media":"","overlay-type":"","overlay-color":"","overlay-gradient":""}},"ast-content-background-meta":{"desktop":{"background-color":"var(--ast-global-color-5)","background-image":"","background-repeat":"repeat","background-position":"center center","background-size":"auto","background-attachment":"scroll","background-type":"","background-media":"","overlay-type":"","overlay-color":"","overlay-gradient":""},"tablet":{"background-color":"var(--ast-global-color-5)","background-image":"","background-repeat":"repeat","background-position":"center center","background-size":"auto","background-attachment":"scroll","background-type":"","background-media":"","overlay-type":"","overlay-color":"","overlay-gradient":""},"mobile":{"background-color":"var(--ast-global-color-5)","background-image":"","background-repeat":"repeat","background-position":"center center","background-size":"auto","background-attachment":"scroll","background-type":"","background-media":"","overlay-type":"","overlay-color":"","overlay-gradient":""}},"footnotes":""},"categories":[6334,14652,23661,8846,7341],"tags":[5293,24493,36827,9014,207174,202442],"class_list":["post-102054","post","type-post","status-publish","format-standard","hentry","category-derecho-internacional-publico","category-guerra-y-paz","category-organizaciones-internacionales","category-oviedo","category-tratados-y-acuerdos-internacionales","tag-antonio-remiro-brotons","tag-concepcion-escobar-hernandez","tag-javier-roldan-barbero","tag-maria-de-la-paz-andres-saenz-de-santa-maria","tag-raul-ignacio-rodriguez-magdaleno","tag-rosa-riquelme-cortado"],"_links":{"self":[{"href":"https:\/\/www.deberes.net\/tesis\/wp-json\/wp\/v2\/posts\/102054","targetHints":{"allow":["GET"]}}],"collection":[{"href":"https:\/\/www.deberes.net\/tesis\/wp-json\/wp\/v2\/posts"}],"about":[{"href":"https:\/\/www.deberes.net\/tesis\/wp-json\/wp\/v2\/types\/post"}],"author":[{"embeddable":true,"href":"https:\/\/www.deberes.net\/tesis\/wp-json\/wp\/v2\/users\/1"}],"replies":[{"embeddable":true,"href":"https:\/\/www.deberes.net\/tesis\/wp-json\/wp\/v2\/comments?post=102054"}],"version-history":[{"count":0,"href":"https:\/\/www.deberes.net\/tesis\/wp-json\/wp\/v2\/posts\/102054\/revisions"}],"wp:attachment":[{"href":"https:\/\/www.deberes.net\/tesis\/wp-json\/wp\/v2\/media?parent=102054"}],"wp:term":[{"taxonomy":"category","embeddable":true,"href":"https:\/\/www.deberes.net\/tesis\/wp-json\/wp\/v2\/categories?post=102054"},{"taxonomy":"post_tag","embeddable":true,"href":"https:\/\/www.deberes.net\/tesis\/wp-json\/wp\/v2\/tags?post=102054"}],"curies":[{"name":"wp","href":"https:\/\/api.w.org\/{rel}","templated":true}]}}