{"id":102074,"date":"2018-03-11T10:24:06","date_gmt":"2018-03-11T10:24:06","guid":{"rendered":"https:\/\/www.deberes.net\/tesis\/sin-categoria\/los-valores-en-la-profesion-enfermera-validacion-de-un-cuestionario-escala\/"},"modified":"2018-03-11T10:24:06","modified_gmt":"2018-03-11T10:24:06","slug":"los-valores-en-la-profesion-enfermera-validacion-de-un-cuestionario-escala","status":"publish","type":"post","link":"https:\/\/www.deberes.net\/tesis\/evaluacion-y-diagnostico-en-psicologia\/los-valores-en-la-profesion-enfermera-validacion-de-un-cuestionario-escala\/","title":{"rendered":"Los valores en la profesi\u00f3n enfermera: validaci\u00f3n de un cuestionario escala"},"content":{"rendered":"<h2>Tesis doctoral de <strong> M\u00aa Salome Basurto Hoyuelos <\/strong><\/h2>\n<p>Los valores profesionales enfermeros son patrones para la acci\u00f3n aceptados por el grupo profesional y que proveen de un marco para la evaluaci\u00f3n de las creencias y actitudes que influyen en el comportamiento (altun 2002, 2003; hendel y steinman, 2002; itzhak et al. 2004; rassin 2008 y weis y schank, 2000, 2002). Estos, incorporan valores personales y sociales y son aprendidos a trav\u00e9s de la educaci\u00f3n enfermera y la experiencia en la pr\u00e1ctica cl\u00ednica (krathwohl et al. 1964; raths et al. 1966, kubsch et al. 2008; weis y schank, 2000).  la adquisici\u00f3n de valores profesionales influye en la habilidad para resolver conflictos y priorizar acciones seg\u00fan su importancia (chitty, 2001), en la toma de decisiones de gu\u00edas de pr\u00e1ctica profesional teniendo en cuenta el c\u00f3digo \u00e9tico de la profesi\u00f3n enfermera (bixler y bixler, 1945; kubsch, 2008; joel y kelly, 2002). Existen estudios (casares, 1996; p\u00e9rez et al. 2002) que muestran la utilidad de incluir el desarrollo de valores en el curr\u00edculo de enfermer\u00eda y las facultades de enfermer\u00eda y el profesorado de enfermer\u00eda en concreto, tiene la oportunidad y la responsabilidad de procurar su desarrollo. como educadoras de enfermeras, nos parece importante conocer si estos valores est\u00e1n siendo trasmitidos a los estudiantes de enfermer\u00eda, permitiendo y potenciando la integraci\u00f3n que se precisa para su  implementaci\u00f3n en la pr\u00e1ctica. Para ello nos marcamos como objetivo de esta tesis, validar para nuestra cultura, la escala de valores profesionales de enfermer\u00eda npvs-r, desarrollada por weis y schank (2000), que investiga la percepci\u00f3n de los estudiantes sobre la importancia adjudicada a los valores profesionales reflejados en los c\u00f3digos deontol\u00f3gicos de varias organizaciones profesionales (ana, 2001, aanc, 1985, cie, 2005, fepi, 2007, c\u00f3digo de la enfermer\u00eda espa\u00f1ola, 1989)..  pensamos que de esta manera podremos contar con un instrumento que pasado a estudiantes o profesionales nos dar\u00e1 informaci\u00f3n sobre la percepci\u00f3n existente en torno a los valores profesionales enfermeros y cuestionarnos nuestra labor pedag\u00f3gica al respecto.<\/p>\n<p>&nbsp;<\/p>\n<h3>Datos acad\u00e9micos de la tesis doctoral \u00ab<strong>Los valores en la profesi\u00f3n enfermera: validaci\u00f3n de un cuestionario escala<\/strong>\u00ab<\/h3>\n<ul>\n<li><strong>T\u00edtulo de la tesis:<\/strong>\u00a0 Los valores en la profesi\u00f3n enfermera: validaci\u00f3n de un cuestionario escala <\/li>\n<li><strong>Autor:<\/strong>\u00a0 M\u00aa Salome Basurto Hoyuelos <\/li>\n<li><strong>Universidad:<\/strong>\u00a0 Pa\u00eds vasco\/euskal herriko unibertsitatea<\/li>\n<li><strong>Fecha de lectura de la tesis:<\/strong>\u00a0 25\/06\/2010<\/li>\n<\/ul>\n<p>&nbsp;<\/p>\n<h3>Direcci\u00f3n y tribunal<\/h3>\n<ul>\n<li><strong>Director de la tesis<\/strong>\n<ul>\n<li>Clemente Lobato Fraile<\/li>\n<\/ul>\n<\/li>\n<li><strong>Tribunal<\/strong>\n<ul>\n<li>Presidente del tribunal: pedro Miguel Apodaca urquijo <\/li>\n<li>Jos\u00e9 Luis Linaza iglesias (vocal)<\/li>\n<li>blanca Mar\u00edn fernandez (vocal)<\/li>\n<li>lidia esther Santana vega (vocal)<\/li>\n<\/ul>\n<\/li>\n<\/ul>\n<p>&nbsp;<\/p>\n","protected":false},"excerpt":{"rendered":"<p>Tesis doctoral de M\u00aa Salome Basurto Hoyuelos Los valores profesionales enfermeros son patrones para la acci\u00f3n aceptados por el grupo [&hellip;]<\/p>\n","protected":false},"author":1,"featured_media":0,"comment_status":"open","ping_status":"open","sticky":false,"template":"","format":"standard","meta":{"site-sidebar-layout":"default","site-content-layout":"","ast-site-content-layout":"","site-content-style":"default","site-sidebar-style":"default","ast-global-header-display":"","ast-banner-title-visibility":"","ast-main-header-display":"","ast-hfb-above-header-display":"","ast-hfb-below-header-display":"","ast-hfb-mobile-header-display":"","site-post-title":"","ast-breadcrumbs-content":"","ast-featured-img":"","footer-sml-layout":"","theme-transparent-header-meta":"","adv-header-id-meta":"","stick-header-meta":"","header-above-stick-meta":"","header-main-stick-meta":"","header-below-stick-meta":"","astra-migrate-meta-layouts":"default","ast-page-background-enabled":"default","ast-page-background-meta":{"desktop":{"background-color":"var(--ast-global-color-4)","background-image":"","background-repeat":"repeat","background-position":"center center","background-size":"auto","background-attachment":"scroll","background-type":"","background-media":"","overlay-type":"","overlay-color":"","overlay-gradient":""},"tablet":{"background-color":"","background-image":"","background-repeat":"repeat","background-position":"center center","background-size":"auto","background-attachment":"scroll","background-type":"","background-media":"","overlay-type":"","overlay-color":"","overlay-gradient":""},"mobile":{"background-color":"","background-image":"","background-repeat":"repeat","background-position":"center center","background-size":"auto","background-attachment":"scroll","background-type":"","background-media":"","overlay-type":"","overlay-color":"","overlay-gradient":""}},"ast-content-background-meta":{"desktop":{"background-color":"var(--ast-global-color-5)","background-image":"","background-repeat":"repeat","background-position":"center center","background-size":"auto","background-attachment":"scroll","background-type":"","background-media":"","overlay-type":"","overlay-color":"","overlay-gradient":""},"tablet":{"background-color":"var(--ast-global-color-5)","background-image":"","background-repeat":"repeat","background-position":"center center","background-size":"auto","background-attachment":"scroll","background-type":"","background-media":"","overlay-type":"","overlay-color":"","overlay-gradient":""},"mobile":{"background-color":"var(--ast-global-color-5)","background-image":"","background-repeat":"repeat","background-position":"center center","background-size":"auto","background-attachment":"scroll","background-type":"","background-media":"","overlay-type":"","overlay-color":"","overlay-gradient":""}},"footnotes":""},"categories":[4262,1175,12909,7302],"tags":[78604,71067,30229,9938,207207,42293],"class_list":["post-102074","post","type-post","status-publish","format-standard","hentry","category-asesoramiento-y-orientacion-educativas","category-evaluacion-y-diagnostico-en-psicologia","category-pais-vasco-euskal-herriko-unibertsitatea","category-procesos-cognitivos","tag-blanca-marin-fernandez","tag-clemente-lobato-fraile","tag-jose-luis-linaza-iglesias","tag-lidia-esther-santana-vega","tag-ma-salome-basurto-hoyuelos","tag-pedro-miguel-apodaca-urquijo"],"_links":{"self":[{"href":"https:\/\/www.deberes.net\/tesis\/wp-json\/wp\/v2\/posts\/102074","targetHints":{"allow":["GET"]}}],"collection":[{"href":"https:\/\/www.deberes.net\/tesis\/wp-json\/wp\/v2\/posts"}],"about":[{"href":"https:\/\/www.deberes.net\/tesis\/wp-json\/wp\/v2\/types\/post"}],"author":[{"embeddable":true,"href":"https:\/\/www.deberes.net\/tesis\/wp-json\/wp\/v2\/users\/1"}],"replies":[{"embeddable":true,"href":"https:\/\/www.deberes.net\/tesis\/wp-json\/wp\/v2\/comments?post=102074"}],"version-history":[{"count":0,"href":"https:\/\/www.deberes.net\/tesis\/wp-json\/wp\/v2\/posts\/102074\/revisions"}],"wp:attachment":[{"href":"https:\/\/www.deberes.net\/tesis\/wp-json\/wp\/v2\/media?parent=102074"}],"wp:term":[{"taxonomy":"category","embeddable":true,"href":"https:\/\/www.deberes.net\/tesis\/wp-json\/wp\/v2\/categories?post=102074"},{"taxonomy":"post_tag","embeddable":true,"href":"https:\/\/www.deberes.net\/tesis\/wp-json\/wp\/v2\/tags?post=102074"}],"curies":[{"name":"wp","href":"https:\/\/api.w.org\/{rel}","templated":true}]}}