{"id":102077,"date":"2018-03-11T10:24:06","date_gmt":"2018-03-11T10:24:06","guid":{"rendered":"https:\/\/www.deberes.net\/tesis\/sin-categoria\/analisis-longitudinal-de-la-relacion-entre-la-depresion-y-agrasion-fisica-y-verbal-en-la-poblacion-infanto-juvenila\/"},"modified":"2018-03-11T10:24:06","modified_gmt":"2018-03-11T10:24:06","slug":"analisis-longitudinal-de-la-relacion-entre-la-depresion-y-agrasion-fisica-y-verbal-en-la-poblacion-infanto-juvenila","status":"publish","type":"post","link":"https:\/\/www.deberes.net\/tesis\/evaluacion-y-diagnostico-en-psicologia\/analisis-longitudinal-de-la-relacion-entre-la-depresion-y-agrasion-fisica-y-verbal-en-la-poblacion-infanto-juvenila\/","title":{"rendered":"Analisis longitudinal de la relacion entre la depresion y agrasion fisica  y verbal en la poblacion infanto-juvenila"},"content":{"rendered":"<h2>Tesis doctoral de <strong> Rodolfo Gordillo Rodrigo <\/strong><\/h2>\n<p>Esta investigaci\u00f3n explora la relaci\u00f3n (o comorbilidad siempre que se muestre significativa) entre una alteraci\u00f3n de car\u00e1cter interiorizado como la depresi\u00f3n y otra de car\u00e1cter exteriorizado como la agresi\u00f3n f\u00edsica y\/o verbal. La muestra se compuso por 525 sujetos, con un rango de edad de 9 a 15 a\u00f1os, pertenecientes a diferentes colegios de la comunidad de Madrid, a los que se les hizo un seguimiento durante tres cursos acad\u00e9micos en sus medidas de depresi\u00f3n (obtenidas a trav\u00e9s del cuestionario de depresi\u00f3n infantil abreviado; cdi-s, kovacs, 1992) y agresi\u00f3n f\u00edsica y verbal (obtenidas a trav\u00e9s del cuestionario de agresividad f\u00edsica y verbal; caprara y pastorelli, 1993). Los resultados de este estudio han contrastado la existencia de una comorbilidad patog\u00e9nica o sustantiva entre depresi\u00f3n y agresi\u00f3n, en la que las chicas tienen unos niveles de preValencia mayores que los chicos. Igualmente, se ha puesto de manifiesto, c\u00f3mo la depresi\u00f3n explica significativamente un porcentaje de variabilidad en las respuestas agresivas, al igual que la agresi\u00f3n, principalmente, la verbal, tambi\u00e9n explica cierta variabilidad de las respuestas depresivas, aunque hay que destacar la predicci\u00f3n que la afectaci\u00f3n de la depresi\u00f3n a los 11 a\u00f1os tiene sobre la agresi\u00f3n verbal y conjunta (f\u00edsica m\u00e1s verbal) a los 11, 12 y 13 a\u00f1os. Adem\u00e1s, los sujetos detectados como com\u00f3rbidos a los 11 a\u00f1os presentan mayor cronicidad que aquellos sujetos que, por una parte, exhiben s\u00f3lo niveles significativos de agresi\u00f3n y, por otra, tambi\u00e9n son com\u00f3rbidos pero de inicio m\u00e1s tard\u00edo. Asimismo, hemos comprobado que el sexo no modula la presencia de sintomatolog\u00eda depresiva y agresiva cuando se analiza en sujetos com\u00f3rbidos. Los resultados tambi\u00e9n han indicado como depresi\u00f3n y agresi\u00f3n se relacionan, no s\u00f3lo directamente sino tambi\u00e9n indirectamente por su pertenencia a problemas exteriorizados e interiorizados, de amplio espectro. Por \u00faltimo, la relaci\u00f3n entre los trastornos puede ser explicado por una causa subyacente a ambos, como los factores comunes de riesgo que comparten. En conclusi\u00f3n, los resultados indican la conveniencia de tener en cuenta a la agresi\u00f3n verbal en la comorbilidad entre depresi\u00f3n y agresi\u00f3n para establecer, en primer lugar, una nosolog\u00eda m\u00e1s adecuada de los trastornos psicopatol\u00f3gicos en ni\u00f1os y adolescentes y, con ello, poder desarrollar mejores tratamientos para aquellos afectados por esta comorbilidad depresivo-agresiva. Adem\u00e1s, la mayor severidad y cronicidad mostrada por los sujetos com\u00f3rbidos de 11 a\u00f1os, as\u00ed como la potencia predictiva de la depresi\u00f3n sobre la agresi\u00f3n a esta edad, pone de manifiesto la importancia de la detecci\u00f3n precoz para la prevenci\u00f3n de la comorbilidad entre depresi\u00f3n y agresi\u00f3n. Por \u00faltimo, hay que tener en cuenta la afectaci\u00f3n diferencial que los factores de riesgo comunes a ambas alteraciones tienen por sexo, donde las chicas se ven m\u00e1s afectadas en depresi\u00f3n que los chicos.<\/p>\n<p>&nbsp;<\/p>\n<h3>Datos acad\u00e9micos de la tesis doctoral \u00ab<strong>Analisis longitudinal de la relacion entre la depresion y agrasion fisica  y verbal en la poblacion infanto-juvenila<\/strong>\u00ab<\/h3>\n<ul>\n<li><strong>T\u00edtulo de la tesis:<\/strong>\u00a0 Analisis longitudinal de la relacion entre la depresion y agrasion fisica  y verbal en la poblacion infanto-juvenila <\/li>\n<li><strong>Autor:<\/strong>\u00a0 Rodolfo Gordillo Rodrigo <\/li>\n<li><strong>Universidad:<\/strong>\u00a0 Nacional de educaci\u00f3n a distancia<\/li>\n<li><strong>Fecha de lectura de la tesis:<\/strong>\u00a0 25\/06\/2010<\/li>\n<\/ul>\n<p>&nbsp;<\/p>\n<h3>Direcci\u00f3n y tribunal<\/h3>\n<ul>\n<li><strong>Director de la tesis<\/strong>\n<ul>\n<li>Mar\u00eda  Victoria Del Barrio G\u00e1ndara<\/li>\n<\/ul>\n<\/li>\n<li><strong>Tribunal<\/strong>\n<ul>\n<li>Presidente del tribunal: jos\u00e9 Berm\u00fadez moreno <\/li>\n<li>vicenta Mestre escriv\u00e1 (vocal)<\/li>\n<li>lourdes Ezpeleta ascaso (vocal)<\/li>\n<li>Mar\u00eda Forns santacana (vocal)<\/li>\n<\/ul>\n<\/li>\n<\/ul>\n<p>&nbsp;<\/p>\n","protected":false},"excerpt":{"rendered":"<p>Tesis doctoral de Rodolfo Gordillo Rodrigo Esta investigaci\u00f3n explora la relaci\u00f3n (o comorbilidad siempre que se muestre significativa) entre una [&hellip;]<\/p>\n","protected":false},"author":1,"featured_media":0,"comment_status":"open","ping_status":"open","sticky":false,"template":"","format":"standard","meta":{"site-sidebar-layout":"default","site-content-layout":"","ast-site-content-layout":"","site-content-style":"default","site-sidebar-style":"default","ast-global-header-display":"","ast-banner-title-visibility":"","ast-main-header-display":"","ast-hfb-above-header-display":"","ast-hfb-below-header-display":"","ast-hfb-mobile-header-display":"","site-post-title":"","ast-breadcrumbs-content":"","ast-featured-img":"","footer-sml-layout":"","theme-transparent-header-meta":"","adv-header-id-meta":"","stick-header-meta":"","header-above-stick-meta":"","header-main-stick-meta":"","header-below-stick-meta":"","astra-migrate-meta-layouts":"default","ast-page-background-enabled":"default","ast-page-background-meta":{"desktop":{"background-color":"var(--ast-global-color-4)","background-image":"","background-repeat":"repeat","background-position":"center center","background-size":"auto","background-attachment":"scroll","background-type":"","background-media":"","overlay-type":"","overlay-color":"","overlay-gradient":""},"tablet":{"background-color":"","background-image":"","background-repeat":"repeat","background-position":"center center","background-size":"auto","background-attachment":"scroll","background-type":"","background-media":"","overlay-type":"","overlay-color":"","overlay-gradient":""},"mobile":{"background-color":"","background-image":"","background-repeat":"repeat","background-position":"center center","background-size":"auto","background-attachment":"scroll","background-type":"","background-media":"","overlay-type":"","overlay-color":"","overlay-gradient":""}},"ast-content-background-meta":{"desktop":{"background-color":"var(--ast-global-color-5)","background-image":"","background-repeat":"repeat","background-position":"center center","background-size":"auto","background-attachment":"scroll","background-type":"","background-media":"","overlay-type":"","overlay-color":"","overlay-gradient":""},"tablet":{"background-color":"var(--ast-global-color-5)","background-image":"","background-repeat":"repeat","background-position":"center center","background-size":"auto","background-attachment":"scroll","background-type":"","background-media":"","overlay-type":"","overlay-color":"","overlay-gradient":""},"mobile":{"background-color":"var(--ast-global-color-5)","background-image":"","background-repeat":"repeat","background-position":"center center","background-size":"auto","background-attachment":"scroll","background-type":"","background-media":"","overlay-type":"","overlay-color":"","overlay-gradient":""}},"footnotes":""},"categories":[1175,17070],"tags":[2523,13927,22257,11445,207211,41571],"class_list":["post-102077","post","type-post","status-publish","format-standard","hentry","category-evaluacion-y-diagnostico-en-psicologia","category-nacional-de-educacion-a-distancia","tag-jose-bermudez-moreno","tag-lourdes-ezpeleta-ascaso","tag-maria-forns-santacana","tag-maria-victoria-del-barrio-gandara","tag-rodolfo-gordillo-rodrigo","tag-vicenta-mestre-escriva"],"_links":{"self":[{"href":"https:\/\/www.deberes.net\/tesis\/wp-json\/wp\/v2\/posts\/102077","targetHints":{"allow":["GET"]}}],"collection":[{"href":"https:\/\/www.deberes.net\/tesis\/wp-json\/wp\/v2\/posts"}],"about":[{"href":"https:\/\/www.deberes.net\/tesis\/wp-json\/wp\/v2\/types\/post"}],"author":[{"embeddable":true,"href":"https:\/\/www.deberes.net\/tesis\/wp-json\/wp\/v2\/users\/1"}],"replies":[{"embeddable":true,"href":"https:\/\/www.deberes.net\/tesis\/wp-json\/wp\/v2\/comments?post=102077"}],"version-history":[{"count":0,"href":"https:\/\/www.deberes.net\/tesis\/wp-json\/wp\/v2\/posts\/102077\/revisions"}],"wp:attachment":[{"href":"https:\/\/www.deberes.net\/tesis\/wp-json\/wp\/v2\/media?parent=102077"}],"wp:term":[{"taxonomy":"category","embeddable":true,"href":"https:\/\/www.deberes.net\/tesis\/wp-json\/wp\/v2\/categories?post=102077"},{"taxonomy":"post_tag","embeddable":true,"href":"https:\/\/www.deberes.net\/tesis\/wp-json\/wp\/v2\/tags?post=102077"}],"curies":[{"name":"wp","href":"https:\/\/api.w.org\/{rel}","templated":true}]}}