{"id":102133,"date":"2018-03-11T10:24:12","date_gmt":"2018-03-11T10:24:12","guid":{"rendered":"https:\/\/www.deberes.net\/tesis\/sin-categoria\/historia-de-la-restauracion-del-clasico-estudio-del-objeto-al-sujeto-como-objeto-de-estudio\/"},"modified":"2018-03-11T10:24:12","modified_gmt":"2018-03-11T10:24:12","slug":"historia-de-la-restauracion-del-clasico-estudio-del-objeto-al-sujeto-como-objeto-de-estudio","status":"publish","type":"post","link":"https:\/\/www.deberes.net\/tesis\/historia-del-arte\/historia-de-la-restauracion-del-clasico-estudio-del-objeto-al-sujeto-como-objeto-de-estudio\/","title":{"rendered":"Historia de la restauraci\u00f3n. del cl\u00e1sico estudio del objeto al sujeto como objeto de estudio."},"content":{"rendered":"<h2>Tesis doctoral de <strong> Mar\u00eda Teresa Vicente Rabanaque <\/strong><\/h2>\n<p>Esta tesis doctoral analiza el origen y desarrollo de la figura profesional del restaurador de obras de arte, desde el siglo xviii hasta la actualidad, para comprender el proceso de transformaci\u00f3n hacia el perfil del conservador-restaurador de bienes culturales en el marco institucional espa\u00f1ol. La investigaci\u00f3n se articula en torno a los sujetos profesionales que, hist\u00f3ricamente, han participado en el proceso de institucionalizaci\u00f3n del patrimonio y de la conservaci\u00f3n y restauraci\u00f3n, frente a los estudios tradicionales que centraban su inter\u00e9s en el objeto intervenido. Teniendo presente, adem\u00e1s, que \u00e9sta ha sido una figura poco conocida e, incluso, olvidada, pese a haber tenido una enorme trascendencia dentro del patrimonio cultural. Asimismo, la consideraci\u00f3n del sujeto profesional como eje de estudio nos ha llevado a abordar la interconexi\u00f3n entre los diferentes agentes sociales que, junto a los especialistas, intervienen en este proceso, siendo esencial atender a los distintos organismos institucionales y al propio contexto social.  en concreto, se ha llevado a cabo un estudio pormenorizado de las circunstancias socio-hist\u00f3ricas y antropol\u00f3gicas que han determinado la configuraci\u00f3n y trayectoria de los talleres de restauraci\u00f3n institucionales m\u00e1s destacados en Madrid, barcelona y sevilla dentro del tiempo referido. El motivo de haber seleccionado estas ciudades radica en la importancia capital que todas ellas han asumido, desde los or\u00edgenes de la profesi\u00f3n hasta nuestros d\u00edas, en la difusi\u00f3n de las artes y en la pr\u00e1ctica de la conservaci\u00f3n y restauraci\u00f3n. La metodolog\u00eda de trabajo empleada ha combinado el vaciado de fuentes documentales en los principales archivos oficiales espa\u00f1oles y la entrevista semi-dirigida a reconocidos profesionales del \u00e1mbito de la conservaci\u00f3n y restauraci\u00f3n. Los resultados obtenidos en cada uno de estos centros ha permitido establecer unas conclusiones generales acerca de la situaci\u00f3n institucional del conservador-restaurador espa\u00f1ol, siempre en relaci\u00f3n con el contexto internacional, en particular, europeo.  en \u00faltima instancia, se reivindica el reconocimiento de aquellos sujetos profesionales cuya actividad en el marco de la conservaci\u00f3n y restauraci\u00f3n ha sido decisiva para preservar y transmitir nuestro legado cultural.<\/p>\n<p>&nbsp;<\/p>\n<h3>Datos acad\u00e9micos de la tesis doctoral \u00ab<strong>Historia de la restauraci\u00f3n. del cl\u00e1sico estudio del objeto al sujeto como objeto de estudio.<\/strong>\u00ab<\/h3>\n<ul>\n<li><strong>T\u00edtulo de la tesis:<\/strong>\u00a0 Historia de la restauraci\u00f3n. del cl\u00e1sico estudio del objeto al sujeto como objeto de estudio. <\/li>\n<li><strong>Autor:<\/strong>\u00a0 Mar\u00eda Teresa Vicente Rabanaque <\/li>\n<li><strong>Universidad:<\/strong>\u00a0 Polit\u00e9cnica de Valencia<\/li>\n<li><strong>Fecha de lectura de la tesis:<\/strong>\u00a0 28\/06\/2010<\/li>\n<\/ul>\n<p>&nbsp;<\/p>\n<h3>Direcci\u00f3n y tribunal<\/h3>\n<ul>\n<li><strong>Director de la tesis<\/strong>\n<ul>\n<li>Mar\u00eda Pilar Roig Picazo<\/li>\n<\/ul>\n<\/li>\n<li><strong>Tribunal<\/strong>\n<ul>\n<li>Presidente del tribunal: M\u00aa victoria Vivancos ram\u00f3n <\/li>\n<li>Ana M\u00aa Calvo manuel (vocal)<\/li>\n<li>ester Giner cordero (vocal)<\/li>\n<li>M\u00aa dolores Ruiz de lacanal ruiz-mateos (vocal)<\/li>\n<\/ul>\n<\/li>\n<\/ul>\n<p>&nbsp;<\/p>\n","protected":false},"excerpt":{"rendered":"<p>Tesis doctoral de Mar\u00eda Teresa Vicente Rabanaque Esta tesis doctoral analiza el origen y desarrollo de la figura profesional del [&hellip;]<\/p>\n","protected":false},"author":1,"featured_media":0,"comment_status":"open","ping_status":"open","sticky":false,"template":"","format":"standard","meta":{"site-sidebar-layout":"default","site-content-layout":"","ast-site-content-layout":"","site-content-style":"default","site-sidebar-style":"default","ast-global-header-display":"","ast-banner-title-visibility":"","ast-main-header-display":"","ast-hfb-above-header-display":"","ast-hfb-below-header-display":"","ast-hfb-mobile-header-display":"","site-post-title":"","ast-breadcrumbs-content":"","ast-featured-img":"","footer-sml-layout":"","theme-transparent-header-meta":"","adv-header-id-meta":"","stick-header-meta":"","header-above-stick-meta":"","header-main-stick-meta":"","header-below-stick-meta":"","astra-migrate-meta-layouts":"default","ast-page-background-enabled":"default","ast-page-background-meta":{"desktop":{"background-color":"var(--ast-global-color-4)","background-image":"","background-repeat":"repeat","background-position":"center center","background-size":"auto","background-attachment":"scroll","background-type":"","background-media":"","overlay-type":"","overlay-color":"","overlay-gradient":""},"tablet":{"background-color":"","background-image":"","background-repeat":"repeat","background-position":"center center","background-size":"auto","background-attachment":"scroll","background-type":"","background-media":"","overlay-type":"","overlay-color":"","overlay-gradient":""},"mobile":{"background-color":"","background-image":"","background-repeat":"repeat","background-position":"center center","background-size":"auto","background-attachment":"scroll","background-type":"","background-media":"","overlay-type":"","overlay-color":"","overlay-gradient":""}},"ast-content-background-meta":{"desktop":{"background-color":"var(--ast-global-color-5)","background-image":"","background-repeat":"repeat","background-position":"center center","background-size":"auto","background-attachment":"scroll","background-type":"","background-media":"","overlay-type":"","overlay-color":"","overlay-gradient":""},"tablet":{"background-color":"var(--ast-global-color-5)","background-image":"","background-repeat":"repeat","background-position":"center center","background-size":"auto","background-attachment":"scroll","background-type":"","background-media":"","overlay-type":"","overlay-color":"","overlay-gradient":""},"mobile":{"background-color":"var(--ast-global-color-5)","background-image":"","background-repeat":"repeat","background-position":"center center","background-size":"auto","background-attachment":"scroll","background-type":"","background-media":"","overlay-type":"","overlay-color":"","overlay-gradient":""}},"footnotes":""},"categories":[2720,1014,16820,23330],"tags":[174140,189349,16866,207306,207307,31397],"class_list":["post-102133","post","type-post","status-publish","format-standard","hentry","category-antropologia-social","category-historia-del-arte","category-politecnica-de-valencia","category-restauracion-de-obras-de-arte","tag-ana-ma-calvo-manuel","tag-ester-giner-cordero","tag-maria-pilar-roig-picazo","tag-maria-teresa-vicente-rabanaque","tag-ma-dolores-ruiz-de-lacanal-ruiz-mateos","tag-ma-victoria-vivancos-ramon"],"_links":{"self":[{"href":"https:\/\/www.deberes.net\/tesis\/wp-json\/wp\/v2\/posts\/102133","targetHints":{"allow":["GET"]}}],"collection":[{"href":"https:\/\/www.deberes.net\/tesis\/wp-json\/wp\/v2\/posts"}],"about":[{"href":"https:\/\/www.deberes.net\/tesis\/wp-json\/wp\/v2\/types\/post"}],"author":[{"embeddable":true,"href":"https:\/\/www.deberes.net\/tesis\/wp-json\/wp\/v2\/users\/1"}],"replies":[{"embeddable":true,"href":"https:\/\/www.deberes.net\/tesis\/wp-json\/wp\/v2\/comments?post=102133"}],"version-history":[{"count":0,"href":"https:\/\/www.deberes.net\/tesis\/wp-json\/wp\/v2\/posts\/102133\/revisions"}],"wp:attachment":[{"href":"https:\/\/www.deberes.net\/tesis\/wp-json\/wp\/v2\/media?parent=102133"}],"wp:term":[{"taxonomy":"category","embeddable":true,"href":"https:\/\/www.deberes.net\/tesis\/wp-json\/wp\/v2\/categories?post=102133"},{"taxonomy":"post_tag","embeddable":true,"href":"https:\/\/www.deberes.net\/tesis\/wp-json\/wp\/v2\/tags?post=102133"}],"curies":[{"name":"wp","href":"https:\/\/api.w.org\/{rel}","templated":true}]}}