{"id":102170,"date":"2018-03-11T10:24:16","date_gmt":"2018-03-11T10:24:16","guid":{"rendered":"https:\/\/www.deberes.net\/tesis\/sin-categoria\/evaluacion-de-la-repercusion-de-las-va%c2%adas-aereas-en-el-desarrollo-de-las-arcadas-dentales\/"},"modified":"2018-03-11T10:24:16","modified_gmt":"2018-03-11T10:24:16","slug":"evaluacion-de-la-repercusion-de-las-va%c2%adas-aereas-en-el-desarrollo-de-las-arcadas-dentales","status":"publish","type":"post","link":"https:\/\/www.deberes.net\/tesis\/alfonso-x-el-sabio\/evaluacion-de-la-repercusion-de-las-va%c2%adas-aereas-en-el-desarrollo-de-las-arcadas-dentales\/","title":{"rendered":"Evaluaci\u00f3n de la repercusi\u00f3n de las v\u00edas a\u00e9reas en el desarrollo de las arcadas dentales"},"content":{"rendered":"<h2>Tesis doctoral de <strong> Gabriel Adrover Tomas <\/strong><\/h2>\n<p>Nos hemos planteado los siguientes objetivos: 1.- Conocer las caracter\u00edsticas, las dimensiones transversales y la profundidad y el per\u00edmetro de las arcadas en la poblaci\u00f3n espa\u00f1ola. 2.- Conocer si exise un v\u00ednculo importante entre las caracter\u00edsticas de las arcadas dentarias superior e inferior y las caracter\u00edsticas de las v\u00edas a\u00e9reas superiores, es decir, determinar si las ateraciones en las v\u00edas a\u00e9reas afectan al desarrollo de las arcadas dentarias. 3.- En los casos en los que las variables se correlacionen, intentar mostrar de qu\u00e9 manera se alteran los valores de las medidas que entran en nuestro estudio. hip\u00f3tesis: con los objetivos presentados anteriormente nos planteamos la siguiente hip\u00f3tesis de trabajo: \u00abel desarrollo de las arcadas dentarias se ve afectado por la alteraci\u00f3n del di\u00e1metro de las v\u00edas respiratorias superiores. El di\u00e1metro de estas estructuras puede medirse en la telerradiograf\u00eda lateral de cr\u00e1neo y la forma y tama\u00f1o de las arcadas dentales se puede estudiar mediante los modelos de escayola; de esta manera, podremos estudiar sus efectors en la poblaci\u00f3n espa\u00f1ola, que es en la que ejercemos nuestra pr\u00e1ctica diaria\u00bb<\/p>\n<p>&nbsp;<\/p>\n<h3>Datos acad\u00e9micos de la tesis doctoral \u00ab<strong>Evaluaci\u00f3n de la repercusi\u00f3n de las v\u00edas a\u00e9reas en el desarrollo de las arcadas dentales<\/strong>\u00ab<\/h3>\n<ul>\n<li><strong>T\u00edtulo de la tesis:<\/strong>\u00a0 Evaluaci\u00f3n de la repercusi\u00f3n de las v\u00edas a\u00e9reas en el desarrollo de las arcadas dentales <\/li>\n<li><strong>Autor:<\/strong>\u00a0 Gabriel Adrover Tomas <\/li>\n<li><strong>Universidad:<\/strong>\u00a0 Alfonso x el sabio<\/li>\n<li><strong>Fecha de lectura de la tesis:<\/strong>\u00a0 29\/06\/2010<\/li>\n<\/ul>\n<p>&nbsp;<\/p>\n<h3>Direcci\u00f3n y tribunal<\/h3>\n<ul>\n<li><strong>Director de la tesis<\/strong>\n<ul>\n<li>Javier De La Cruz P\u00e9rez<\/li>\n<\/ul>\n<\/li>\n<li><strong>Tribunal<\/strong>\n<ul>\n<li>Presidente del tribunal: mart\u00edn Velasco sanJuan <\/li>\n<li>rosa Ech\u00e1niz valiente (vocal)<\/li>\n<li>Luis Albajara velasco (vocal)<\/li>\n<li>Fernando Costa ferrer (vocal)<\/li>\n<\/ul>\n<\/li>\n<\/ul>\n<p>&nbsp;<\/p>\n","protected":false},"excerpt":{"rendered":"<p>Tesis doctoral de Gabriel Adrover Tomas Nos hemos planteado los siguientes objetivos: 1.- Conocer las caracter\u00edsticas, las dimensiones transversales y [&hellip;]<\/p>\n","protected":false},"author":1,"featured_media":0,"comment_status":"open","ping_status":"open","sticky":false,"template":"","format":"standard","meta":{"site-sidebar-layout":"default","site-content-layout":"","ast-site-content-layout":"","site-content-style":"default","site-sidebar-style":"default","ast-global-header-display":"","ast-banner-title-visibility":"","ast-main-header-display":"","ast-hfb-above-header-display":"","ast-hfb-below-header-display":"","ast-hfb-mobile-header-display":"","site-post-title":"","ast-breadcrumbs-content":"","ast-featured-img":"","footer-sml-layout":"","theme-transparent-header-meta":"","adv-header-id-meta":"","stick-header-meta":"","header-above-stick-meta":"","header-main-stick-meta":"","header-below-stick-meta":"","astra-migrate-meta-layouts":"default","ast-page-background-enabled":"default","ast-page-background-meta":{"desktop":{"background-color":"var(--ast-global-color-4)","background-image":"","background-repeat":"repeat","background-position":"center center","background-size":"auto","background-attachment":"scroll","background-type":"","background-media":"","overlay-type":"","overlay-color":"","overlay-gradient":""},"tablet":{"background-color":"","background-image":"","background-repeat":"repeat","background-position":"center center","background-size":"auto","background-attachment":"scroll","background-type":"","background-media":"","overlay-type":"","overlay-color":"","overlay-gradient":""},"mobile":{"background-color":"","background-image":"","background-repeat":"repeat","background-position":"center center","background-size":"auto","background-attachment":"scroll","background-type":"","background-media":"","overlay-type":"","overlay-color":"","overlay-gradient":""}},"ast-content-background-meta":{"desktop":{"background-color":"var(--ast-global-color-5)","background-image":"","background-repeat":"repeat","background-position":"center center","background-size":"auto","background-attachment":"scroll","background-type":"","background-media":"","overlay-type":"","overlay-color":"","overlay-gradient":""},"tablet":{"background-color":"var(--ast-global-color-5)","background-image":"","background-repeat":"repeat","background-position":"center center","background-size":"auto","background-attachment":"scroll","background-type":"","background-media":"","overlay-type":"","overlay-color":"","overlay-gradient":""},"mobile":{"background-color":"var(--ast-global-color-5)","background-image":"","background-repeat":"repeat","background-position":"center center","background-size":"auto","background-attachment":"scroll","background-type":"","background-media":"","overlay-type":"","overlay-color":"","overlay-gradient":""}},"footnotes":""},"categories":[118994],"tags":[190332,207367,102360,207368,144574,5634],"class_list":["post-102170","post","type-post","status-publish","format-standard","hentry","category-alfonso-x-el-sabio","tag-fernando-costa-ferrer","tag-gabriel-adrover-tomas","tag-javier-de-la-cruz-perez","tag-luis-albajara-velasco","tag-martin-velasco-sanjuan","tag-rosa-echaniz-valiente"],"_links":{"self":[{"href":"https:\/\/www.deberes.net\/tesis\/wp-json\/wp\/v2\/posts\/102170","targetHints":{"allow":["GET"]}}],"collection":[{"href":"https:\/\/www.deberes.net\/tesis\/wp-json\/wp\/v2\/posts"}],"about":[{"href":"https:\/\/www.deberes.net\/tesis\/wp-json\/wp\/v2\/types\/post"}],"author":[{"embeddable":true,"href":"https:\/\/www.deberes.net\/tesis\/wp-json\/wp\/v2\/users\/1"}],"replies":[{"embeddable":true,"href":"https:\/\/www.deberes.net\/tesis\/wp-json\/wp\/v2\/comments?post=102170"}],"version-history":[{"count":0,"href":"https:\/\/www.deberes.net\/tesis\/wp-json\/wp\/v2\/posts\/102170\/revisions"}],"wp:attachment":[{"href":"https:\/\/www.deberes.net\/tesis\/wp-json\/wp\/v2\/media?parent=102170"}],"wp:term":[{"taxonomy":"category","embeddable":true,"href":"https:\/\/www.deberes.net\/tesis\/wp-json\/wp\/v2\/categories?post=102170"},{"taxonomy":"post_tag","embeddable":true,"href":"https:\/\/www.deberes.net\/tesis\/wp-json\/wp\/v2\/tags?post=102170"}],"curies":[{"name":"wp","href":"https:\/\/api.w.org\/{rel}","templated":true}]}}