{"id":102175,"date":"2018-03-11T10:24:16","date_gmt":"2018-03-11T10:24:16","guid":{"rendered":"https:\/\/www.deberes.net\/tesis\/sin-categoria\/el-exilio-y-la-emigracion-espanola-de-posguerra-en-buenos-aires-1936-1956\/"},"modified":"2018-03-11T10:24:16","modified_gmt":"2018-03-11T10:24:16","slug":"el-exilio-y-la-emigracion-espanola-de-posguerra-en-buenos-aires-1936-1956","status":"publish","type":"post","link":"https:\/\/www.deberes.net\/tesis\/movilidad-y-migraciones-internacionales\/el-exilio-y-la-emigracion-espanola-de-posguerra-en-buenos-aires-1936-1956\/","title":{"rendered":"El exilio y la emigraci\u00f3n espa\u00f1ola de posguerra en buenos aires, 1936-1956"},"content":{"rendered":"<h2>Tesis doctoral de <strong> B\u00e1rbara Ortu\u00f1o Mart\u00ednez <\/strong><\/h2>\n<p>El objeto de estudio del presente trabajo es la comunidad espa\u00f1ola de buenos aires entre 1936 y 1956, a trav\u00e9s de sus dos componentes principales, exiliados\/as e inmigrantes. A pesar de que estos dos colectivos han sido considerados por la historiograf\u00eda tradicional como compartimentos estancos es evidente que estuvieron relacionados, circunstancia que dio lugar a una serie de encuentros y encuentros. para conocer la colectividad espa\u00f1ola m\u00e1s grande fuera de espa\u00f1a en este periodo concreto de la historia hemos analizado las caracter\u00edsticas del exilio de la guerra civil espa\u00f1ola en argentina, as\u00ed como de la emigraci\u00f3n de posguerra, que cerr\u00f3 los flujos migratorios de espa\u00f1oles\/as a dicho pa\u00eds en el siglo xx. Hemos abordado la integraci\u00f3n del exilio republicano y de la nueva emigraci\u00f3n en la sociedad de acogida, en especial en el seno de la comunidad conformada por la antigua emigraci\u00f3n. En este sentido, ha sido fundamental delimitar las categor\u00edas conformadas por la emigraci\u00f3n pol\u00edtica, el exilio y la emigraci\u00f3n econ\u00f3mica. Para observar los contactos entre emigrantes y exiliados\/as hemos analizado las instituciones de la colectividad, con especial \u00e9nfasis en determinados centros antifranquistas, sobre todo centro republicano espa\u00f1ol de buenos aires, que vivi\u00f3 durante este periodo una etapa de esplendor. Y hemos estudiado la construcci\u00f3n y reelaboraci\u00f3n de identidades colectivas, as\u00ed como el desarrollo de la memoria del exilio y la emigraci\u00f3n. Todo ello ha sido realizado poniendo de relieve los contactos pol\u00edticos que se establecieron entre los gobiernos argentinos, en especial el de juan d. Per\u00f3n, y la dictadura franquista, y sus efectos en la comunidad espa\u00f1ola.<\/p>\n<p>&nbsp;<\/p>\n<h3>Datos acad\u00e9micos de la tesis doctoral \u00ab<strong>El exilio y la emigraci\u00f3n espa\u00f1ola de posguerra en buenos aires, 1936-1956<\/strong>\u00ab<\/h3>\n<ul>\n<li><strong>T\u00edtulo de la tesis:<\/strong>\u00a0 El exilio y la emigraci\u00f3n espa\u00f1ola de posguerra en buenos aires, 1936-1956 <\/li>\n<li><strong>Autor:<\/strong>\u00a0 B\u00e1rbara Ortu\u00f1o Mart\u00ednez <\/li>\n<li><strong>Universidad:<\/strong>\u00a0 Alicante<\/li>\n<li><strong>Fecha de lectura de la tesis:<\/strong>\u00a0 29\/06\/2010<\/li>\n<\/ul>\n<p>&nbsp;<\/p>\n<h3>Direcci\u00f3n y tribunal<\/h3>\n<ul>\n<li><strong>Director de la tesis<\/strong>\n<ul>\n<li>M\u00f3nica Moreno Seco<\/li>\n<\/ul>\n<\/li>\n<li><strong>Tribunal<\/strong>\n<ul>\n<li>Presidente del tribunal: fernando Devoto <\/li>\n<li>xose manoel Nu\u00f1ez seixas (vocal)<\/li>\n<li>alicia Alted vigil (vocal)<\/li>\n<li>glicerio S\u00e1nchez recio (vocal)<\/li>\n<\/ul>\n<\/li>\n<\/ul>\n<p>&nbsp;<\/p>\n","protected":false},"excerpt":{"rendered":"<p>Tesis doctoral de B\u00e1rbara Ortu\u00f1o Mart\u00ednez El objeto de estudio del presente trabajo es la comunidad espa\u00f1ola de buenos aires [&hellip;]<\/p>\n","protected":false},"author":1,"featured_media":0,"comment_status":"open","ping_status":"open","sticky":false,"template":"","format":"standard","meta":{"site-sidebar-layout":"default","site-content-layout":"","ast-site-content-layout":"","site-content-style":"default","site-sidebar-style":"default","ast-global-header-display":"","ast-banner-title-visibility":"","ast-main-header-display":"","ast-hfb-above-header-display":"","ast-hfb-below-header-display":"","ast-hfb-mobile-header-display":"","site-post-title":"","ast-breadcrumbs-content":"","ast-featured-img":"","footer-sml-layout":"","theme-transparent-header-meta":"","adv-header-id-meta":"","stick-header-meta":"","header-above-stick-meta":"","header-main-stick-meta":"","header-below-stick-meta":"","astra-migrate-meta-layouts":"default","ast-page-background-enabled":"default","ast-page-background-meta":{"desktop":{"background-color":"var(--ast-global-color-4)","background-image":"","background-repeat":"repeat","background-position":"center center","background-size":"auto","background-attachment":"scroll","background-type":"","background-media":"","overlay-type":"","overlay-color":"","overlay-gradient":""},"tablet":{"background-color":"","background-image":"","background-repeat":"repeat","background-position":"center center","background-size":"auto","background-attachment":"scroll","background-type":"","background-media":"","overlay-type":"","overlay-color":"","overlay-gradient":""},"mobile":{"background-color":"","background-image":"","background-repeat":"repeat","background-position":"center center","background-size":"auto","background-attachment":"scroll","background-type":"","background-media":"","overlay-type":"","overlay-color":"","overlay-gradient":""}},"ast-content-background-meta":{"desktop":{"background-color":"var(--ast-global-color-5)","background-image":"","background-repeat":"repeat","background-position":"center center","background-size":"auto","background-attachment":"scroll","background-type":"","background-media":"","overlay-type":"","overlay-color":"","overlay-gradient":""},"tablet":{"background-color":"var(--ast-global-color-5)","background-image":"","background-repeat":"repeat","background-position":"center center","background-size":"auto","background-attachment":"scroll","background-type":"","background-media":"","overlay-type":"","overlay-color":"","overlay-gradient":""},"mobile":{"background-color":"var(--ast-global-color-5)","background-image":"","background-repeat":"repeat","background-position":"center center","background-size":"auto","background-attachment":"scroll","background-type":"","background-media":"","overlay-type":"","overlay-color":"","overlay-gradient":""}},"footnotes":""},"categories":[19166,17859,1816,6480,1354],"tags":[8712,207374,204064,8500,90529,138651],"class_list":["post-102175","post","type-post","status-publish","format-standard","hentry","category-alicante","category-historia-comparada","category-historia-contemporanea","category-historia-social-y-cultural-de-america","category-movilidad-y-migraciones-internacionales","tag-alicia-alted-vigil","tag-barbara-ortuno-Martinez","tag-fernando-devoto","tag-glicerio-sanchez-recio","tag-monica-moreno-seco","tag-xose-manoel-nunez-seixas"],"_links":{"self":[{"href":"https:\/\/www.deberes.net\/tesis\/wp-json\/wp\/v2\/posts\/102175","targetHints":{"allow":["GET"]}}],"collection":[{"href":"https:\/\/www.deberes.net\/tesis\/wp-json\/wp\/v2\/posts"}],"about":[{"href":"https:\/\/www.deberes.net\/tesis\/wp-json\/wp\/v2\/types\/post"}],"author":[{"embeddable":true,"href":"https:\/\/www.deberes.net\/tesis\/wp-json\/wp\/v2\/users\/1"}],"replies":[{"embeddable":true,"href":"https:\/\/www.deberes.net\/tesis\/wp-json\/wp\/v2\/comments?post=102175"}],"version-history":[{"count":0,"href":"https:\/\/www.deberes.net\/tesis\/wp-json\/wp\/v2\/posts\/102175\/revisions"}],"wp:attachment":[{"href":"https:\/\/www.deberes.net\/tesis\/wp-json\/wp\/v2\/media?parent=102175"}],"wp:term":[{"taxonomy":"category","embeddable":true,"href":"https:\/\/www.deberes.net\/tesis\/wp-json\/wp\/v2\/categories?post=102175"},{"taxonomy":"post_tag","embeddable":true,"href":"https:\/\/www.deberes.net\/tesis\/wp-json\/wp\/v2\/tags?post=102175"}],"curies":[{"name":"wp","href":"https:\/\/api.w.org\/{rel}","templated":true}]}}