{"id":10218,"date":"1996-01-01T00:00:00","date_gmt":"1996-01-01T00:00:00","guid":{"rendered":"https:\/\/www.deberes.net\/tesis\/1996\/01\/01\/los-materiales-ceramicos-de-tell-qara-quzaq-periodizacion-de-un-yacimiento-del-iii-milenio-en-el-norte-de-siria\/"},"modified":"1996-01-01T00:00:00","modified_gmt":"1996-01-01T00:00:00","slug":"los-materiales-ceramicos-de-tell-qara-quzaq-periodizacion-de-un-yacimiento-del-iii-milenio-en-el-norte-de-siria","status":"publish","type":"post","link":"https:\/\/www.deberes.net\/tesis\/historia\/los-materiales-ceramicos-de-tell-qara-quzaq-periodizacion-de-un-yacimiento-del-iii-milenio-en-el-norte-de-siria\/","title":{"rendered":"Los materiales ceramicos de tell qara quzaq: periodizacion de un yacimiento del iii milenio en el norte de siria."},"content":{"rendered":"<h2>Tesis doctoral de <strong> Carmen Valdes Pereiro <\/strong><\/h2>\n<p>Esta tesis esta dedicada al estudio de los materiales ceramicos procedentes del yacimiento de tell qara quzaq, en las orillas del eufrates, al norte de siria, excavado por la mision arqueologica de la universidad de barcelona en siria. El conjunto estudiado pertenece al periodo del bronce antiguo, que abarca todo el marco del iii milenio a.C.  la primera parte del trabajo presenta un estado de la cuestion sobre la historia de siria en el iii milenio, la situacion de las fuentes escritas, una breve historia de las investigaciones arqueologicas en la zona, y una amplia revision de los yacimientos de siria y sus conjuntos ceramicos. A continuacion se presenta la propuesta de seriacion tipologica del conjunto de qara quzaq y en su periodizacion, insertando el conjunto en su contexto cultural regional, y presentando nuestra propia propuesta de periodizacion ceramica en comparacion con las periodizaciones existentes para el eufrates superior sirio.<\/p>\n<p>&nbsp;<\/p>\n<h3>Datos acad\u00e9micos de la tesis doctoral \u00ab<strong>Los materiales ceramicos de tell qara quzaq: periodizacion de un yacimiento del iii milenio en el norte de siria.<\/strong>\u00ab<\/h3>\n<ul>\n<li><strong>T\u00edtulo de la tesis:<\/strong>\u00a0 Los materiales ceramicos de tell qara quzaq: periodizacion de un yacimiento del iii milenio en el norte de siria. <\/li>\n<li><strong>Autor:<\/strong>\u00a0 Carmen Valdes Pereiro <\/li>\n<li><strong>Universidad:<\/strong>\u00a0 Barcelona<\/li>\n<li><strong>Fecha de lectura de la tesis:<\/strong>\u00a0 01\/01\/1996<\/li>\n<\/ul>\n<p>&nbsp;<\/p>\n<h3>Direcci\u00f3n y tribunal<\/h3>\n<ul>\n<li><strong>Director de la tesis<\/strong>\n<ul>\n<li>Jos\u00e9 Remesal Rodr\u00edguez<\/li>\n<\/ul>\n<\/li>\n<li><strong>Tribunal<\/strong>\n<ul>\n<li>Presidente del tribunal: Jos\u00e9 Mar\u00eda Bl\u00e1zquez Mart\u00ednez <\/li>\n<li>Joaquin Sanmartin Ascaso (vocal)<\/li>\n<li>Manuel Molina Martos (vocal)<\/li>\n<li>  (vocal)<\/li>\n<\/ul>\n<\/li>\n<\/ul>\n<p>&nbsp;<\/p>\n","protected":false},"excerpt":{"rendered":"<p>Tesis doctoral de Carmen Valdes Pereiro Esta tesis esta dedicada al estudio de los materiales ceramicos procedentes del yacimiento de [&hellip;]<\/p>\n","protected":false},"author":1,"featured_media":0,"comment_status":"open","ping_status":"open","sticky":false,"template":"","format":"standard","meta":{"site-sidebar-layout":"default","site-content-layout":"","ast-site-content-layout":"","site-content-style":"default","site-sidebar-style":"default","ast-global-header-display":"","ast-banner-title-visibility":"","ast-main-header-display":"","ast-hfb-above-header-display":"","ast-hfb-below-header-display":"","ast-hfb-mobile-header-display":"","site-post-title":"","ast-breadcrumbs-content":"","ast-featured-img":"","footer-sml-layout":"","theme-transparent-header-meta":"","adv-header-id-meta":"","stick-header-meta":"","header-above-stick-meta":"","header-main-stick-meta":"","header-below-stick-meta":"","astra-migrate-meta-layouts":"default","ast-page-background-enabled":"default","ast-page-background-meta":{"desktop":{"background-color":"var(--ast-global-color-4)","background-image":"","background-repeat":"repeat","background-position":"center center","background-size":"auto","background-attachment":"scroll","background-type":"","background-media":"","overlay-type":"","overlay-color":"","overlay-gradient":""},"tablet":{"background-color":"","background-image":"","background-repeat":"repeat","background-position":"center center","background-size":"auto","background-attachment":"scroll","background-type":"","background-media":"","overlay-type":"","overlay-color":"","overlay-gradient":""},"mobile":{"background-color":"","background-image":"","background-repeat":"repeat","background-position":"center center","background-size":"auto","background-attachment":"scroll","background-type":"","background-media":"","overlay-type":"","overlay-color":"","overlay-gradient":""}},"ast-content-background-meta":{"desktop":{"background-color":"var(--ast-global-color-5)","background-image":"","background-repeat":"repeat","background-position":"center center","background-size":"auto","background-attachment":"scroll","background-type":"","background-media":"","overlay-type":"","overlay-color":"","overlay-gradient":""},"tablet":{"background-color":"var(--ast-global-color-5)","background-image":"","background-repeat":"repeat","background-position":"center center","background-size":"auto","background-attachment":"scroll","background-type":"","background-media":"","overlay-type":"","overlay-color":"","overlay-gradient":""},"mobile":{"background-color":"var(--ast-global-color-5)","background-image":"","background-repeat":"repeat","background-position":"center center","background-size":"auto","background-attachment":"scroll","background-type":"","background-media":"","overlay-type":"","overlay-color":"","overlay-gradient":""}},"footnotes":""},"categories":[951,19465,1624,104,569,220],"tags":[34371,5983,575,19822,34076],"class_list":["post-10218","post","type-post","status-publish","format-standard","hentry","category-barcelona","category-ceramologia","category-ciencias-auxiliares-de-la-historia","category-historia","category-historia-antigua","category-historia-por-epocas","tag-carmen-valdes-pereiro","tag-joaquin-sanmartin-ascaso","tag-jose-maria-blazquez-Martinez","tag-jose-remesal-rodriguez","tag-manuel-molina-martos"],"_links":{"self":[{"href":"https:\/\/www.deberes.net\/tesis\/wp-json\/wp\/v2\/posts\/10218","targetHints":{"allow":["GET"]}}],"collection":[{"href":"https:\/\/www.deberes.net\/tesis\/wp-json\/wp\/v2\/posts"}],"about":[{"href":"https:\/\/www.deberes.net\/tesis\/wp-json\/wp\/v2\/types\/post"}],"author":[{"embeddable":true,"href":"https:\/\/www.deberes.net\/tesis\/wp-json\/wp\/v2\/users\/1"}],"replies":[{"embeddable":true,"href":"https:\/\/www.deberes.net\/tesis\/wp-json\/wp\/v2\/comments?post=10218"}],"version-history":[{"count":0,"href":"https:\/\/www.deberes.net\/tesis\/wp-json\/wp\/v2\/posts\/10218\/revisions"}],"wp:attachment":[{"href":"https:\/\/www.deberes.net\/tesis\/wp-json\/wp\/v2\/media?parent=10218"}],"wp:term":[{"taxonomy":"category","embeddable":true,"href":"https:\/\/www.deberes.net\/tesis\/wp-json\/wp\/v2\/categories?post=10218"},{"taxonomy":"post_tag","embeddable":true,"href":"https:\/\/www.deberes.net\/tesis\/wp-json\/wp\/v2\/tags?post=10218"}],"curies":[{"name":"wp","href":"https:\/\/api.w.org\/{rel}","templated":true}]}}