{"id":102183,"date":"2018-03-11T10:24:16","date_gmt":"2018-03-11T10:24:16","guid":{"rendered":"https:\/\/www.deberes.net\/tesis\/sin-categoria\/a-influencia-da-obriga-moral-e-o-contexto-na-accion-pola%c2%adtica-colectiva\/"},"modified":"2018-03-11T10:24:16","modified_gmt":"2018-03-11T10:24:16","slug":"a-influencia-da-obriga-moral-e-o-contexto-na-accion-pola%c2%adtica-colectiva","status":"publish","type":"post","link":"https:\/\/www.deberes.net\/tesis\/santiago-de-compostela\/a-influencia-da-obriga-moral-e-o-contexto-na-accion-pola%c2%adtica-colectiva\/","title":{"rendered":"A influencia da obriga moral e o contexto na acci\u00f3n pol\u00edtica colectiva"},"content":{"rendered":"<h2>Tesis doctoral de <strong> Xiana Vilas Castro <\/strong><\/h2>\n<p>Los movimientos sociales son fen\u00f3menos que dinamizan nuestras sociedades. Enlos \u00faltimos a\u00f1os estamos asistiendo al desarrollo de propuestas te\u00f3ricas de gran inter\u00e9s para explicar la protesta pol\u00edtica. Nuestra aportaci\u00f3ns e basa  en el estudio de determinados elementos como la obligaci\u00f3n moral y el contexto sobre la motivaci\u00f3n a participar en este tipo de eventos. La obligaci\u00f3n moral se refiere a la necesidad de actuar cuando los valores morales profundos se han visto atacados, de esta manera la incursi\u00f3n en la protesta puede darse en ausencia de expectativas de \u00e9xito y no por ello dejar\u00e1 de ser una conducta racional. Por otro lado las variac\u00f3nes contextuales producen efectos en el conjunto motivacional de los participantes, no entatnto esta tem\u00e1tica estuvo olvidada en las \u00faltimas d\u00e9cadas. Estas variables se ponen as\u00ed mismo en conjunci\u00f3n con otras como las socio-cognitivas, instrumentales y de identificaci\u00f3n con un grupolo que nos permitit\u00e1 elaborar un modelo te\u00f3rico integrador e innovador sobre la movilizaci\u00f3n social.<\/p>\n<p>&nbsp;<\/p>\n<h3>Datos acad\u00e9micos de la tesis doctoral \u00ab<strong>A influencia da obriga moral e o contexto na acci\u00f3n pol\u00edtica colectiva<\/strong>\u00ab<\/h3>\n<ul>\n<li><strong>T\u00edtulo de la tesis:<\/strong>\u00a0 A influencia da obriga moral e o contexto na acci\u00f3n pol\u00edtica colectiva <\/li>\n<li><strong>Autor:<\/strong>\u00a0 Xiana Vilas Castro <\/li>\n<li><strong>Universidad:<\/strong>\u00a0 Santiago de compostela<\/li>\n<li><strong>Fecha de lectura de la tesis:<\/strong>\u00a0 29\/06\/2010<\/li>\n<\/ul>\n<p>&nbsp;<\/p>\n<h3>Direcci\u00f3n y tribunal<\/h3>\n<ul>\n<li><strong>Director de la tesis<\/strong>\n<ul>\n<li>Jos\u00e9 Manuel Sabucedo Cameselle<\/li>\n<\/ul>\n<\/li>\n<li><strong>Tribunal<\/strong>\n<ul>\n<li>Presidente del tribunal: amalio Blanco abarca <\/li>\n<li>Mar\u00eda soledad Rodr\u00edguez gonz\u00e1lez (vocal)<\/li>\n<li>florentino Moreno mart\u00edn (vocal)<\/li>\n<li>esther Lopez zafra (vocal)<\/li>\n<\/ul>\n<\/li>\n<\/ul>\n<p>&nbsp;<\/p>\n","protected":false},"excerpt":{"rendered":"<p>Tesis doctoral de Xiana Vilas Castro Los movimientos sociales son fen\u00f3menos que dinamizan nuestras sociedades. Enlos \u00faltimos a\u00f1os estamos asistiendo [&hellip;]<\/p>\n","protected":false},"author":1,"featured_media":0,"comment_status":"open","ping_status":"open","sticky":false,"template":"","format":"standard","meta":{"site-sidebar-layout":"default","site-content-layout":"","ast-site-content-layout":"","site-content-style":"default","site-sidebar-style":"default","ast-global-header-display":"","ast-banner-title-visibility":"","ast-main-header-display":"","ast-hfb-above-header-display":"","ast-hfb-below-header-display":"","ast-hfb-mobile-header-display":"","site-post-title":"","ast-breadcrumbs-content":"","ast-featured-img":"","footer-sml-layout":"","theme-transparent-header-meta":"","adv-header-id-meta":"","stick-header-meta":"","header-above-stick-meta":"","header-main-stick-meta":"","header-below-stick-meta":"","astra-migrate-meta-layouts":"default","ast-page-background-enabled":"default","ast-page-background-meta":{"desktop":{"background-color":"var(--ast-global-color-4)","background-image":"","background-repeat":"repeat","background-position":"center center","background-size":"auto","background-attachment":"scroll","background-type":"","background-media":"","overlay-type":"","overlay-color":"","overlay-gradient":""},"tablet":{"background-color":"","background-image":"","background-repeat":"repeat","background-position":"center center","background-size":"auto","background-attachment":"scroll","background-type":"","background-media":"","overlay-type":"","overlay-color":"","overlay-gradient":""},"mobile":{"background-color":"","background-image":"","background-repeat":"repeat","background-position":"center center","background-size":"auto","background-attachment":"scroll","background-type":"","background-media":"","overlay-type":"","overlay-color":"","overlay-gradient":""}},"ast-content-background-meta":{"desktop":{"background-color":"var(--ast-global-color-5)","background-image":"","background-repeat":"repeat","background-position":"center center","background-size":"auto","background-attachment":"scroll","background-type":"","background-media":"","overlay-type":"","overlay-color":"","overlay-gradient":""},"tablet":{"background-color":"var(--ast-global-color-5)","background-image":"","background-repeat":"repeat","background-position":"center center","background-size":"auto","background-attachment":"scroll","background-type":"","background-media":"","overlay-type":"","overlay-color":"","overlay-gradient":""},"mobile":{"background-color":"var(--ast-global-color-5)","background-image":"","background-repeat":"repeat","background-position":"center center","background-size":"auto","background-attachment":"scroll","background-type":"","background-media":"","overlay-type":"","overlay-color":"","overlay-gradient":""}},"footnotes":""},"categories":[18484,996,977],"tags":[7128,97795,14657,21328,42384,207387],"class_list":["post-102183","post","type-post","status-publish","format-standard","hentry","category-comportamiento-politico","category-psicologia-social","category-santiago-de-compostela","tag-amalio-blanco-abarca","tag-esther-lopez-zafra","tag-florentino-moreno-martin","tag-jose-manuel-sabucedo-cameselle","tag-maria-soledad-rodriguez-gonzalez","tag-xiana-vilas-castro"],"_links":{"self":[{"href":"https:\/\/www.deberes.net\/tesis\/wp-json\/wp\/v2\/posts\/102183","targetHints":{"allow":["GET"]}}],"collection":[{"href":"https:\/\/www.deberes.net\/tesis\/wp-json\/wp\/v2\/posts"}],"about":[{"href":"https:\/\/www.deberes.net\/tesis\/wp-json\/wp\/v2\/types\/post"}],"author":[{"embeddable":true,"href":"https:\/\/www.deberes.net\/tesis\/wp-json\/wp\/v2\/users\/1"}],"replies":[{"embeddable":true,"href":"https:\/\/www.deberes.net\/tesis\/wp-json\/wp\/v2\/comments?post=102183"}],"version-history":[{"count":0,"href":"https:\/\/www.deberes.net\/tesis\/wp-json\/wp\/v2\/posts\/102183\/revisions"}],"wp:attachment":[{"href":"https:\/\/www.deberes.net\/tesis\/wp-json\/wp\/v2\/media?parent=102183"}],"wp:term":[{"taxonomy":"category","embeddable":true,"href":"https:\/\/www.deberes.net\/tesis\/wp-json\/wp\/v2\/categories?post=102183"},{"taxonomy":"post_tag","embeddable":true,"href":"https:\/\/www.deberes.net\/tesis\/wp-json\/wp\/v2\/tags?post=102183"}],"curies":[{"name":"wp","href":"https:\/\/api.w.org\/{rel}","templated":true}]}}