{"id":102221,"date":"2018-03-11T10:24:16","date_gmt":"2018-03-11T10:24:16","guid":{"rendered":"https:\/\/www.deberes.net\/tesis\/sin-categoria\/comunicacion-para-la-solidaridad-las-ong-y-el-papel-de-la-comunicacion-social-y-perioda%c2%adstica-en-la-sensibilizacion-de-la-opinion-publica-y-el-desarrollo\/"},"modified":"2018-03-11T10:24:16","modified_gmt":"2018-03-11T10:24:16","slug":"comunicacion-para-la-solidaridad-las-ong-y-el-papel-de-la-comunicacion-social-y-perioda%c2%adstica-en-la-sensibilizacion-de-la-opinion-publica-y-el-desarrollo","status":"publish","type":"post","link":"https:\/\/www.deberes.net\/tesis\/sin-categoria\/comunicacion-para-la-solidaridad-las-ong-y-el-papel-de-la-comunicacion-social-y-perioda%c2%adstica-en-la-sensibilizacion-de-la-opinion-publica-y-el-desarrollo\/","title":{"rendered":"Comunicaci\u00f3n para la solidaridad: las ong y el papel de la comunicaci\u00f3n social y period\u00edstica en la sensibilizaci\u00f3n de la opini\u00f3n p\u00fablica y el desarrollo."},"content":{"rendered":"<h2>Tesis doctoral de <strong> Marta Isabel Gonzalez Alvarez <\/strong><\/h2>\n<p>En estos \u00faltimos 15 a\u00f1os las ong espa\u00f1olas no han logrado a\u00fan desarrollar suficientemente sus \u00e1reas y funciones de comunicaci\u00f3n, ni con suficientes recursos materiales y humanos, ni con la suficiente valoraci\u00f3n de esa funci\u00f3n period\u00edstica y comunicat iva enmarcada en las propias tareas y misi\u00f3n de las ong. Tampoco en estos a\u00f1os hemos logrado una mejor formaci\u00f3n y sensibilizaci\u00f3n de los periodistas que trabajan en medios de comunicaci\u00f3n, ni hemos logrado un mayor entendimiento y coordinaci\u00f3n entre  ambos profesionales de la comunicaci\u00f3n. Como reflejo de esta situaci\u00f3n y, como no pod\u00eda ser de otra manera, tampoco el mundo acad\u00e9mico ha desarrollado en estos a\u00f1os las suficientes investigaciones, programas educativos, publicaciones y manuales que hagan que la comunicaci\u00f3n period\u00edstica aplicada a las ong y en base a lograr cambios actitudinales en la sociedad y una mayor solidaridad, tenga la suficiente presencia acad\u00e9mica y la necesaria profundidad cient\u00edfica que   cuestiones tan fundamentale s como el desarrollo y la solidaridad humana se merecen.  por eso en estos a\u00f1os, mi preocupaci\u00f3n y objeto de estudio no se ha centrado en un s\u00f3lo hecho o momento concreto, sino m\u00e1s bien en poder comprobar que cuando las ong se profesionalizan y cuent an en sus equipos con periodistas como responsables de sus departamentos de comunicaci\u00f3n para poder relacionarse con los medios de comunicaci\u00f3n de masas (tradicionales y alternativos) y que cuando los periodistas, tanto en ong como en los medios de c omunicaci\u00f3n, realizan su trabajo con un alto grado de excelencia, \u00e9tica y profesionalidad, la tarea de sensibilizar a la sociedad y lograr cambios de actitud en base a conseguir un mundo m\u00e1s humano y mejor, es mucho m\u00e1s eficaz.  esto es, en gran part e, lo que, a lo largo de la investigaci\u00f3n y como fruto de ella, he considerado denominar de manera general con el t\u00e9rmino comunicaci\u00f3n para la solidaridad, analiz\u00e1ndolo, defini\u00e9ndolo y caracteriz\u00e1ndolo con profundidad en base a poder comprobar que es a situaci\u00f3n planteada hipot\u00e9ticamente no pueden s\u00f3lo circunscribirse a las ong de desarrollo, sino a toda organizaci\u00f3n que trabaje en cualquier otro campo del sector solidario o tercer sector.<\/p>\n<p>&nbsp;<\/p>\n<h3>Datos acad\u00e9micos de la tesis doctoral \u00ab<strong>Comunicaci\u00f3n para la solidaridad: las ong y el papel de la comunicaci\u00f3n social y period\u00edstica en la sensibilizaci\u00f3n de la opini\u00f3n p\u00fablica y el desarrollo.<\/strong>\u00ab<\/h3>\n<ul>\n<li><strong>T\u00edtulo de la tesis:<\/strong>\u00a0 Comunicaci\u00f3n para la solidaridad: las ong y el papel de la comunicaci\u00f3n social y period\u00edstica en la sensibilizaci\u00f3n de la opini\u00f3n p\u00fablica y el desarrollo. <\/li>\n<li><strong>Autor:<\/strong>\u00a0 Marta Isabel Gonzalez Alvarez <\/li>\n<li><strong>Universidad:<\/strong>\u00a0 Complutense de Madrid<\/li>\n<li><strong>Fecha de lectura de la tesis:<\/strong>\u00a0 30\/06\/2010<\/li>\n<\/ul>\n<p>&nbsp;<\/p>\n<h3>Direcci\u00f3n y tribunal<\/h3>\n<ul>\n<li><strong>Director de la tesis<\/strong>\n<ul>\n<li>Eva Aladro Vico<\/li>\n<\/ul>\n<\/li>\n<li><strong>Tribunal<\/strong>\n<ul>\n<li>Presidente del tribunal: felic\u00edsimo Valbuena de la fuente <\/li>\n<li>Jos\u00e9 Mar\u00eda Herranz de la casa (vocal)<\/li>\n<li>Jos\u00e9 m. Legorburu hortelano (vocal)<\/li>\n<li>elo\u00edsa fernanda Nos ald\u00e1s (vocal)<\/li>\n<\/ul>\n<\/li>\n<\/ul>\n<p>&nbsp;<\/p>\n","protected":false},"excerpt":{"rendered":"<p>Tesis doctoral de Marta Isabel Gonzalez Alvarez En estos \u00faltimos 15 a\u00f1os las ong espa\u00f1olas no han logrado a\u00fan desarrollar [&hellip;]<\/p>\n","protected":false},"author":1,"featured_media":0,"comment_status":"open","ping_status":"open","sticky":false,"template":"","format":"standard","meta":{"site-sidebar-layout":"default","site-content-layout":"","ast-site-content-layout":"","site-content-style":"default","site-sidebar-style":"default","ast-global-header-display":"","ast-banner-title-visibility":"","ast-main-header-display":"","ast-hfb-above-header-display":"","ast-hfb-below-header-display":"","ast-hfb-mobile-header-display":"","site-post-title":"","ast-breadcrumbs-content":"","ast-featured-img":"","footer-sml-layout":"","theme-transparent-header-meta":"","adv-header-id-meta":"","stick-header-meta":"","header-above-stick-meta":"","header-main-stick-meta":"","header-below-stick-meta":"","astra-migrate-meta-layouts":"default","ast-page-background-enabled":"default","ast-page-background-meta":{"desktop":{"background-color":"var(--ast-global-color-4)","background-image":"","background-repeat":"repeat","background-position":"center center","background-size":"auto","background-attachment":"scroll","background-type":"","background-media":"","overlay-type":"","overlay-color":"","overlay-gradient":""},"tablet":{"background-color":"","background-image":"","background-repeat":"repeat","background-position":"center center","background-size":"auto","background-attachment":"scroll","background-type":"","background-media":"","overlay-type":"","overlay-color":"","overlay-gradient":""},"mobile":{"background-color":"","background-image":"","background-repeat":"repeat","background-position":"center center","background-size":"auto","background-attachment":"scroll","background-type":"","background-media":"","overlay-type":"","overlay-color":"","overlay-gradient":""}},"ast-content-background-meta":{"desktop":{"background-color":"var(--ast-global-color-5)","background-image":"","background-repeat":"repeat","background-position":"center center","background-size":"auto","background-attachment":"scroll","background-type":"","background-media":"","overlay-type":"","overlay-color":"","overlay-gradient":""},"tablet":{"background-color":"var(--ast-global-color-5)","background-image":"","background-repeat":"repeat","background-position":"center center","background-size":"auto","background-attachment":"scroll","background-type":"","background-media":"","overlay-type":"","overlay-color":"","overlay-gradient":""},"mobile":{"background-color":"var(--ast-global-color-5)","background-image":"","background-repeat":"repeat","background-position":"center center","background-size":"auto","background-attachment":"scroll","background-type":"","background-media":"","overlay-type":"","overlay-color":"","overlay-gradient":""}},"footnotes":""},"categories":[1],"tags":[59544,207454,7172,41653,116825,207453],"class_list":["post-102221","post","type-post","status-publish","format-standard","hentry","category-sin-categoria","tag-eloisa-fernanda-nos-aldas","tag-eva-aladro-vico","tag-felicisimo-valbuena-de-la-fuente","tag-jose-m-legorburu-hortelano","tag-jose-maria-herranz-de-la-casa","tag-marta-isabel-gonzalez-alvarez"],"_links":{"self":[{"href":"https:\/\/www.deberes.net\/tesis\/wp-json\/wp\/v2\/posts\/102221","targetHints":{"allow":["GET"]}}],"collection":[{"href":"https:\/\/www.deberes.net\/tesis\/wp-json\/wp\/v2\/posts"}],"about":[{"href":"https:\/\/www.deberes.net\/tesis\/wp-json\/wp\/v2\/types\/post"}],"author":[{"embeddable":true,"href":"https:\/\/www.deberes.net\/tesis\/wp-json\/wp\/v2\/users\/1"}],"replies":[{"embeddable":true,"href":"https:\/\/www.deberes.net\/tesis\/wp-json\/wp\/v2\/comments?post=102221"}],"version-history":[{"count":0,"href":"https:\/\/www.deberes.net\/tesis\/wp-json\/wp\/v2\/posts\/102221\/revisions"}],"wp:attachment":[{"href":"https:\/\/www.deberes.net\/tesis\/wp-json\/wp\/v2\/media?parent=102221"}],"wp:term":[{"taxonomy":"category","embeddable":true,"href":"https:\/\/www.deberes.net\/tesis\/wp-json\/wp\/v2\/categories?post=102221"},{"taxonomy":"post_tag","embeddable":true,"href":"https:\/\/www.deberes.net\/tesis\/wp-json\/wp\/v2\/tags?post=102221"}],"curies":[{"name":"wp","href":"https:\/\/api.w.org\/{rel}","templated":true}]}}