{"id":102244,"date":"2018-03-11T10:24:20","date_gmt":"2018-03-11T10:24:20","guid":{"rendered":"https:\/\/www.deberes.net\/tesis\/sin-categoria\/transformaciones-de-las-economa%c2%adas-campesinas-mapuches-y-pola%c2%adticas-de-fomento-economico-en-la-region-de-la-araucana%c2%ada\/"},"modified":"2018-03-11T10:24:20","modified_gmt":"2018-03-11T10:24:20","slug":"transformaciones-de-las-economa%c2%adas-campesinas-mapuches-y-pola%c2%adticas-de-fomento-economico-en-la-region-de-la-araucana%c2%ada","status":"publish","type":"post","link":"https:\/\/www.deberes.net\/tesis\/sector-de-agricultura-silvicultura-ganaderia-y-pesca\/transformaciones-de-las-economa%c2%adas-campesinas-mapuches-y-pola%c2%adticas-de-fomento-economico-en-la-region-de-la-araucana%c2%ada\/","title":{"rendered":"Transformaciones de las econom\u00edas campesinas mapuches y pol\u00edticas de fomento econ\u00f3mico en la regi\u00f3n de la araucan\u00eda"},"content":{"rendered":"<h2>Tesis doctoral de <strong> Ximena Elizabeth Qui\u00f1ones Diaz <\/strong><\/h2>\n<p>Resumen  las econom\u00edas campesinas mapuches en el modelo econ\u00f3mico neoliberal siguen tres l\u00edneas de transformaci\u00f3n principales: el aumento de la importancia de los salarios en las rentas familiares, la dependencia de subsidios sociales y la especializaci\u00f3n en la producci\u00f3n agraria para el mercado. Estas transformaciones se relacionan con variables internas de las familias y explotaciones como el ciclo de vida familiar, los niveles de escolaridad, la dimensi\u00f3n de las explotaciones y la incorporaci\u00f3n de tecnolog\u00edas modernas de producci\u00f3n agraria, entre otras. A su vez, la organizaci\u00f3n econ\u00f3mica de las familias campesinas mapuches se relaciona con los contextos socioecon\u00f3micos en los que se localizan.  los caminos de transformaci\u00f3n de las econom\u00edas campesinas mapuches les han ido distanciando de los objetivos y requisitos de las principales pol\u00edticas p\u00fablicas de fomento productivo orientadas a la poblaci\u00f3n mapuche rural. De esta forma, mientras las familias obtienen la mayor parte de sus rentas de salarios si disponen de fuerza de trabajo y un mercado laboral accesible, o de subsidios sociales si sus miembros son de avanzada edad, las pol\u00edticas de fomento productivo contin\u00faan orientadas a la producci\u00f3n agropecuaria, a\u00fan cuando el valor medio de las rentas agrarias sea menor al valor medio de las aportadas por otras fuentes de rentas.   sin embargo, la producci\u00f3n agropecuaria contin\u00faa siendo una alternativa para un segmento de familias campesinas mapuches que no pueden insertarse en el mercado laboral. El problema aparece debido a que muchas de estas familias no cumplen los requisitos de acceso a las pol\u00edticas de fomento productivo como el aporte m\u00ednimo de la renta agraria a la renta total y la tenencia regularizada de tierras y aguas.  para realizar esta investigaci\u00f3n se aplic\u00f3 una encuesta a familias campesinas mapuches del valle de secano de la regi\u00f3n de la araucan\u00eda en las comunas de galvarino, temuco y freire. Los datos recogidos permitieron en primer lugar caracterizar las familias, explotaciones, determinar las rentas familiares totales y su composici\u00f3n. En segundo lugar se formaron tipos de estrategias de obtenci\u00f3n de rentas por comuna, y se relacionaron esos tipos con las caracter\u00edsticas internas de las unidades campesinas as\u00ed como con variables del entorno. Finalmente se relacionaron los tipos de estrategias de obtenci\u00f3n de rentas con las principales orientaciones y requisitos de las pol\u00edticas de fomento productivo dirigidas a la poblaci\u00f3n mapuche.  palabras clave: econom\u00eda campesina; poblaci\u00f3n mapuche; estrategias campesinas de obtenci\u00f3n de rentas; pol\u00edticas de fomento productivo<\/p>\n<p>&nbsp;<\/p>\n<h3>Datos acad\u00e9micos de la tesis doctoral \u00ab<strong>Transformaciones de las econom\u00edas campesinas mapuches y pol\u00edticas de fomento econ\u00f3mico en la regi\u00f3n de la araucan\u00eda<\/strong>\u00ab<\/h3>\n<ul>\n<li><strong>T\u00edtulo de la tesis:<\/strong>\u00a0 Transformaciones de las econom\u00edas campesinas mapuches y pol\u00edticas de fomento econ\u00f3mico en la regi\u00f3n de la araucan\u00eda<\/li>\n<li><strong>Autor:<\/strong>\u00a0 Ximena Elizabeth Qui\u00f1ones Diaz <\/li>\n<li><strong>Universidad:<\/strong>\u00a0 Polit\u00e9cnica de Valencia<\/li>\n<li><strong>Fecha de lectura de la tesis:<\/strong>\u00a0 30\/06\/2010<\/li>\n<\/ul>\n<p>&nbsp;<\/p>\n<h3>Direcci\u00f3n y tribunal<\/h3>\n<ul>\n<li><strong>Director de la tesis<\/strong>\n<ul>\n<li>Eladio Arnalte Alegre<\/li>\n<\/ul>\n<\/li>\n<li><strong>Tribunal<\/strong>\n<ul>\n<li>Presidente del tribunal: Jos\u00e9 Mar\u00eda Garc\u00eda \u00e1lvarez-coque <\/li>\n<li>Fernando Oliveira baptista (vocal)<\/li>\n<li>ramon Garrabou segura (vocal)<\/li>\n<li>Francisco Sineiro garcia (vocal)<\/li>\n<\/ul>\n<\/li>\n<\/ul>\n<p>&nbsp;<\/p>\n","protected":false},"excerpt":{"rendered":"<p>Tesis doctoral de Ximena Elizabeth Qui\u00f1ones Diaz Resumen las econom\u00edas campesinas mapuches en el modelo econ\u00f3mico neoliberal siguen tres l\u00edneas [&hellip;]<\/p>\n","protected":false},"author":1,"featured_media":0,"comment_status":"open","ping_status":"open","sticky":false,"template":"","format":"standard","meta":{"site-sidebar-layout":"default","site-content-layout":"","ast-site-content-layout":"","site-content-style":"default","site-sidebar-style":"default","ast-global-header-display":"","ast-banner-title-visibility":"","ast-main-header-display":"","ast-hfb-above-header-display":"","ast-hfb-below-header-display":"","ast-hfb-mobile-header-display":"","site-post-title":"","ast-breadcrumbs-content":"","ast-featured-img":"","footer-sml-layout":"","theme-transparent-header-meta":"","adv-header-id-meta":"","stick-header-meta":"","header-above-stick-meta":"","header-main-stick-meta":"","header-below-stick-meta":"","astra-migrate-meta-layouts":"default","ast-page-background-enabled":"default","ast-page-background-meta":{"desktop":{"background-color":"var(--ast-global-color-4)","background-image":"","background-repeat":"repeat","background-position":"center center","background-size":"auto","background-attachment":"scroll","background-type":"","background-media":"","overlay-type":"","overlay-color":"","overlay-gradient":""},"tablet":{"background-color":"","background-image":"","background-repeat":"repeat","background-position":"center center","background-size":"auto","background-attachment":"scroll","background-type":"","background-media":"","overlay-type":"","overlay-color":"","overlay-gradient":""},"mobile":{"background-color":"","background-image":"","background-repeat":"repeat","background-position":"center center","background-size":"auto","background-attachment":"scroll","background-type":"","background-media":"","overlay-type":"","overlay-color":"","overlay-gradient":""}},"ast-content-background-meta":{"desktop":{"background-color":"var(--ast-global-color-5)","background-image":"","background-repeat":"repeat","background-position":"center center","background-size":"auto","background-attachment":"scroll","background-type":"","background-media":"","overlay-type":"","overlay-color":"","overlay-gradient":""},"tablet":{"background-color":"var(--ast-global-color-5)","background-image":"","background-repeat":"repeat","background-position":"center center","background-size":"auto","background-attachment":"scroll","background-type":"","background-media":"","overlay-type":"","overlay-color":"","overlay-gradient":""},"mobile":{"background-color":"var(--ast-global-color-5)","background-image":"","background-repeat":"repeat","background-position":"center center","background-size":"auto","background-attachment":"scroll","background-type":"","background-media":"","overlay-type":"","overlay-color":"","overlay-gradient":""}},"footnotes":""},"categories":[16820,11297,935,5989],"tags":[16459,48414,37713,145803,14171,207488],"class_list":["post-102244","post","type-post","status-publish","format-standard","hentry","category-politecnica-de-valencia","category-politica-agricola","category-sector-de-agricultura-silvicultura-ganaderia-y-pesca","category-sociologia-rural","tag-eladio-arnalte-alegre","tag-fernando-oliveira-baptista","tag-francisco-sineiro-garcia","tag-jose-maria-garcia-alvarez-coque","tag-ramon-garrabou-segura","tag-ximena-elizabeth-quinones-diaz"],"_links":{"self":[{"href":"https:\/\/www.deberes.net\/tesis\/wp-json\/wp\/v2\/posts\/102244","targetHints":{"allow":["GET"]}}],"collection":[{"href":"https:\/\/www.deberes.net\/tesis\/wp-json\/wp\/v2\/posts"}],"about":[{"href":"https:\/\/www.deberes.net\/tesis\/wp-json\/wp\/v2\/types\/post"}],"author":[{"embeddable":true,"href":"https:\/\/www.deberes.net\/tesis\/wp-json\/wp\/v2\/users\/1"}],"replies":[{"embeddable":true,"href":"https:\/\/www.deberes.net\/tesis\/wp-json\/wp\/v2\/comments?post=102244"}],"version-history":[{"count":0,"href":"https:\/\/www.deberes.net\/tesis\/wp-json\/wp\/v2\/posts\/102244\/revisions"}],"wp:attachment":[{"href":"https:\/\/www.deberes.net\/tesis\/wp-json\/wp\/v2\/media?parent=102244"}],"wp:term":[{"taxonomy":"category","embeddable":true,"href":"https:\/\/www.deberes.net\/tesis\/wp-json\/wp\/v2\/categories?post=102244"},{"taxonomy":"post_tag","embeddable":true,"href":"https:\/\/www.deberes.net\/tesis\/wp-json\/wp\/v2\/tags?post=102244"}],"curies":[{"name":"wp","href":"https:\/\/api.w.org\/{rel}","templated":true}]}}