{"id":102252,"date":"2018-03-11T10:24:20","date_gmt":"2018-03-11T10:24:20","guid":{"rendered":"https:\/\/www.deberes.net\/tesis\/sin-categoria\/comparacion-en-el-comportamiento-cla%c2%adnico-de-las-infecciones-epidemicas-por-pseudomonas-aeruginosa-frente-a-situaciones-endemicas-en-una-unidad-de-cuidados-intensivos\/"},"modified":"2018-03-11T10:24:20","modified_gmt":"2018-03-11T10:24:20","slug":"comparacion-en-el-comportamiento-cla%c2%adnico-de-las-infecciones-epidemicas-por-pseudomonas-aeruginosa-frente-a-situaciones-endemicas-en-una-unidad-de-cuidados-intensivos","status":"publish","type":"post","link":"https:\/\/www.deberes.net\/tesis\/microbiologia\/comparacion-en-el-comportamiento-cla%c2%adnico-de-las-infecciones-epidemicas-por-pseudomonas-aeruginosa-frente-a-situaciones-endemicas-en-una-unidad-de-cuidados-intensivos\/","title":{"rendered":"Comparaci\u00f3n en el comportamiento cl\u00ednico de las infecciones epid\u00e9micas por pseudomonas aeruginosa frente a situaciones end\u00e9micas en una unidad de cuidados intensivos"},"content":{"rendered":"<h2>Tesis doctoral de <strong> Mar\u00eda De Los Llanos Lorente Aroca <\/strong><\/h2>\n<p>Objetivos: establecer los factores asociados a pseudomonas aeruginosa con comportamiento epid\u00e9mico. Estudiar los potenciales factores de riesgo en el desarrollo de un brote de infecciones por pseudomonas aeruginosa y su letalidad. Estudiar el impacto cl\u00ednico y econ\u00f3mico del brote epid\u00e9mico de infecciones por pseudomonas aeruginosa. Comparar la letalidad asociada a pseudomonas aeruginosa con car\u00e1cter epid\u00e9mico frente a las infecciones espor\u00e1dicas  material y m\u00e9todos: estudio de cohortes retrospectivo para an\u00e1lisis en situaci\u00f3n de brote epid\u00e9mico y estudio comparativo caso epid\u00e9mico- caso espor\u00e1dico para an\u00e1lisis comparativo de letalidad. An\u00e1lisis de microcostes y costes por estancias en situaci\u00f3n de brote epid\u00e9mico.  resultados: durante el periodo de estudio se registro un brote epid\u00e9mico en el los factores relacionados con la infcci\u00f3n por pseudomonas aeruginosa frente a poblaci\u00f3n no infectada fueron la exposici\u00f3n al broncoscopio y ser contacto con otro caso. En el an\u00e1lisis de coste econ\u00f3mico se evidenci\u00f3 que la infecci\u00f3n por pseudomonas aeruginosa afrente a otras infecciones era el factor que m\u00e1s incrementaba el coste, generando un sobrecoste de unos 300,000 euros. En el an\u00e1lisis comparativo con situaci\u00f3n de infecci\u00f3n espor\u00e1dica, se observ\u00f3 mayor predisposici\u00f3n a desarrollar infecci\u00f3n en periodo de brote, entre aquellos pacientes afectados por cepas multirresistentes, con infecciones invasivas y que hubieran sido sometidos a broncoscopios. De estos factores fue  severidad de la infecci\u00f3n junto con el pertenecer al grupo de infectados durante el brote, los que m\u00e1s influyeron en la letalidad.<\/p>\n<p>&nbsp;<\/p>\n<h3>Datos acad\u00e9micos de la tesis doctoral \u00ab<strong>Comparaci\u00f3n en el comportamiento cl\u00ednico de las infecciones epid\u00e9micas por pseudomonas aeruginosa frente a situaciones end\u00e9micas en una unidad de cuidados intensivos<\/strong>\u00ab<\/h3>\n<ul>\n<li><strong>T\u00edtulo de la tesis:<\/strong>\u00a0 Comparaci\u00f3n en el comportamiento cl\u00ednico de las infecciones epid\u00e9micas por pseudomonas aeruginosa frente a situaciones end\u00e9micas en una unidad de cuidados intensivos <\/li>\n<li><strong>Autor:<\/strong>\u00a0 Mar\u00eda De Los Llanos Lorente Aroca <\/li>\n<li><strong>Universidad:<\/strong>\u00a0 Cat\u00f3lica de Valencia san vicente m\u00e1rtir<\/li>\n<li><strong>Fecha de lectura de la tesis:<\/strong>\u00a0 30\/06\/2010<\/li>\n<\/ul>\n<p>&nbsp;<\/p>\n<h3>Direcci\u00f3n y tribunal<\/h3>\n<ul>\n<li><strong>Director de la tesis<\/strong>\n<ul>\n<li>Ricardo Bou Monterde<\/li>\n<\/ul>\n<\/li>\n<li><strong>Tribunal<\/strong>\n<ul>\n<li>Presidente del tribunal: Juan  Antonio Avellana zaragoza <\/li>\n<li>angel Aguilar escriva (vocal)<\/li>\n<li>miquel Falguera sacrest (vocal)<\/li>\n<li>carmen Vicente de vera florist\u00e1n (vocal)<\/li>\n<\/ul>\n<\/li>\n<\/ul>\n<p>&nbsp;<\/p>\n","protected":false},"excerpt":{"rendered":"<p>Tesis doctoral de Mar\u00eda De Los Llanos Lorente Aroca Objetivos: establecer los factores asociados a pseudomonas aeruginosa con comportamiento epid\u00e9mico. [&hellip;]<\/p>\n","protected":false},"author":1,"featured_media":0,"comment_status":"open","ping_status":"open","sticky":false,"template":"","format":"standard","meta":{"site-sidebar-layout":"default","site-content-layout":"","ast-site-content-layout":"","site-content-style":"default","site-sidebar-style":"default","ast-global-header-display":"","ast-banner-title-visibility":"","ast-main-header-display":"","ast-hfb-above-header-display":"","ast-hfb-below-header-display":"","ast-hfb-mobile-header-display":"","site-post-title":"","ast-breadcrumbs-content":"","ast-featured-img":"","footer-sml-layout":"","theme-transparent-header-meta":"","adv-header-id-meta":"","stick-header-meta":"","header-above-stick-meta":"","header-main-stick-meta":"","header-below-stick-meta":"","astra-migrate-meta-layouts":"default","ast-page-background-enabled":"default","ast-page-background-meta":{"desktop":{"background-color":"var(--ast-global-color-4)","background-image":"","background-repeat":"repeat","background-position":"center center","background-size":"auto","background-attachment":"scroll","background-type":"","background-media":"","overlay-type":"","overlay-color":"","overlay-gradient":""},"tablet":{"background-color":"","background-image":"","background-repeat":"repeat","background-position":"center center","background-size":"auto","background-attachment":"scroll","background-type":"","background-media":"","overlay-type":"","overlay-color":"","overlay-gradient":""},"mobile":{"background-color":"","background-image":"","background-repeat":"repeat","background-position":"center center","background-size":"auto","background-attachment":"scroll","background-type":"","background-media":"","overlay-type":"","overlay-color":"","overlay-gradient":""}},"ast-content-background-meta":{"desktop":{"background-color":"var(--ast-global-color-5)","background-image":"","background-repeat":"repeat","background-position":"center center","background-size":"auto","background-attachment":"scroll","background-type":"","background-media":"","overlay-type":"","overlay-color":"","overlay-gradient":""},"tablet":{"background-color":"var(--ast-global-color-5)","background-image":"","background-repeat":"repeat","background-position":"center center","background-size":"auto","background-attachment":"scroll","background-type":"","background-media":"","overlay-type":"","overlay-color":"","overlay-gradient":""},"mobile":{"background-color":"var(--ast-global-color-5)","background-image":"","background-repeat":"repeat","background-position":"center center","background-size":"auto","background-attachment":"scroll","background-type":"","background-media":"","overlay-type":"","overlay-color":"","overlay-gradient":""}},"footnotes":""},"categories":[131541,1085,1086,278,133396],"tags":[188748,167338,207504,207503,124565,186557],"class_list":["post-102252","post","type-post","status-publish","format-standard","hentry","category-catolica-de-valencia-san-vicente-martir","category-enfermedades-infecciosas","category-epidemiologia","category-microbiologia","category-variables-conexas-con-la-mortalidad","tag-angel-aguilar-escriva","tag-carmen-vicente-de-vera-floristan","tag-juan-antonio-avellana-zaragoza","tag-maria-de-los-llanos-lorente-aroca","tag-miquel-falguera-sacrest","tag-ricardo-bou-monterde"],"_links":{"self":[{"href":"https:\/\/www.deberes.net\/tesis\/wp-json\/wp\/v2\/posts\/102252","targetHints":{"allow":["GET"]}}],"collection":[{"href":"https:\/\/www.deberes.net\/tesis\/wp-json\/wp\/v2\/posts"}],"about":[{"href":"https:\/\/www.deberes.net\/tesis\/wp-json\/wp\/v2\/types\/post"}],"author":[{"embeddable":true,"href":"https:\/\/www.deberes.net\/tesis\/wp-json\/wp\/v2\/users\/1"}],"replies":[{"embeddable":true,"href":"https:\/\/www.deberes.net\/tesis\/wp-json\/wp\/v2\/comments?post=102252"}],"version-history":[{"count":0,"href":"https:\/\/www.deberes.net\/tesis\/wp-json\/wp\/v2\/posts\/102252\/revisions"}],"wp:attachment":[{"href":"https:\/\/www.deberes.net\/tesis\/wp-json\/wp\/v2\/media?parent=102252"}],"wp:term":[{"taxonomy":"category","embeddable":true,"href":"https:\/\/www.deberes.net\/tesis\/wp-json\/wp\/v2\/categories?post=102252"},{"taxonomy":"post_tag","embeddable":true,"href":"https:\/\/www.deberes.net\/tesis\/wp-json\/wp\/v2\/tags?post=102252"}],"curies":[{"name":"wp","href":"https:\/\/api.w.org\/{rel}","templated":true}]}}