{"id":102284,"date":"2010-01-07T00:00:00","date_gmt":"2010-01-07T00:00:00","guid":{"rendered":"https:\/\/www.deberes.net\/tesis\/sin-categoria\/reactividad-de-complejos-metal-carbeno-bimetalicos\/"},"modified":"2010-01-07T00:00:00","modified_gmt":"2010-01-07T00:00:00","slug":"reactividad-de-complejos-metal-carbeno-bimetalicos","status":"publish","type":"post","link":"https:\/\/www.deberes.net\/tesis\/sin-categoria\/reactividad-de-complejos-metal-carbeno-bimetalicos\/","title":{"rendered":"Reactividad de complejos metal-carbeno bimet\u00e1licos."},"content":{"rendered":"<h2>Tesis doctoral de <strong> Marta Lopez De Rego Lage <\/strong><\/h2>\n<p>Esta tesis doctoral est\u00e1 centrada fundamentalmente en la reactividad fotoqu\u00edmica, procesos de transmetalaci\u00f3n y reactividad frente a procesos de transferencia electr\u00f3nica de complejos bimet\u00e1licos de fischer. Los resultados m\u00e1s relevantes se resumen a  continuaci\u00f3n:        se ha llevado a cabo un estudio te\u00f3rico-experimental a cerca de la estructura electr\u00f3nica de alcoxicarbeno-complejos de fischer, que ha permitido asignar inequ\u00edvocamente las bandas de absorci\u00f3n presentes en los espectros uv-vis de los mismos a transiciones concretas. A trav\u00e9s de este estudio, se ha demostrado que las bandas mlct y lf caracter\u00edsticas de estos compuestos poseen un marcado car\u00e1cter pi-pi*, y se ha estudiado la influencia de diversos factores en la posici\u00f3n de las mismas.        una vez determinada la estructura electr\u00f3nica de estos complejos, se ha procedido a estudiar la reactividad fotoqu\u00edmica de complejos bimet\u00e1licos de fischer. En todos los casos estudiados, se ha observado una fuerte dependencia de l a reactividad fotoqu\u00edmica con la naturaleza del segundo centro met\u00e1lico introducido. En el caso de metalocenil-carbenos, dicha dependencia se ha atribuido a las diferencias energ\u00e9ticas existentes entre los posibles tripletes, y se ha demostrado que l a formaci\u00f3n de una metalaciclopropanona es decisiva para que la reacci\u00f3n de fotocarbonilaci\u00f3n tenga lugar. En cuanto a los complejos derivados de estructuras de tipo semisandwich (cpm(co)n), se ha observado una reactividad completamente nueva para co mplejos derivados de mn-, que conduce a la formaci\u00f3n de los correspondientes fulvenos a trav\u00e9s de un proceso de fotodeslizamiento del ligando cp en el estado excitado. En este caso, la reactividad diferencial puede explicarse en base a la capacidad r etrodonadora del segundo centro met\u00e1lico, que de ser fuerte inhibir\u00eda el proceso de fotodeslizamiento y conducir\u00eda a los correspondientes productos de fotocarbonilaci\u00f3n.        por otro lado, utilizando los complejos bimet\u00e1licos anteriormente sinteti zados, se ha puesto a punto un m\u00e9todo de s\u00edntesis de olefinas y poliolefinas polimet\u00e1licas. Dicho m\u00e9todo implica el uso de reacciones de dimerizaci\u00f3n catal\u00edtica del ligando carbeno, y ha permitido acceder a una gran variedad de olefinas y poliolefina s bimet\u00e1licas con rendimientos aceptables. Adem\u00e1s, se han estudiado las propiedades electr\u00f3nicas, electroqu\u00edmicas y espectrosc\u00f3picas de las mismas, que se han racionalizado en base a la naturaleza del centro met\u00e1lico presente en dichas estructuras.<\/p>\n<p>&nbsp;<\/p>\n<h3>Datos acad\u00e9micos de la tesis doctoral \u00ab<strong>Reactividad de complejos metal-carbeno bimet\u00e1licos.<\/strong>\u00ab<\/h3>\n<ul>\n<li><strong>T\u00edtulo de la tesis:<\/strong>\u00a0 Reactividad de complejos metal-carbeno bimet\u00e1licos. <\/li>\n<li><strong>Autor:<\/strong>\u00a0 Marta Lopez De Rego Lage <\/li>\n<li><strong>Universidad:<\/strong>\u00a0 Complutense de Madrid<\/li>\n<li><strong>Fecha de lectura de la tesis:<\/strong>\u00a0 01\/07\/2010<\/li>\n<\/ul>\n<p>&nbsp;<\/p>\n<h3>Direcci\u00f3n y tribunal<\/h3>\n<ul>\n<li><strong>Director de la tesis<\/strong>\n<ul>\n<li>Israel Fern\u00e1ndez L\u00f3pez<\/li>\n<\/ul>\n<\/li>\n<li><strong>Tribunal<\/strong>\n<ul>\n<li>Presidente del tribunal: Carlos Seoane prado <\/li>\n<li>agusti Lledos falco (vocal)<\/li>\n<li>Juan Granja guillan (vocal)<\/li>\n<li>ernesto Carmona guzm\u00e1n (vocal)<\/li>\n<\/ul>\n<\/li>\n<\/ul>\n<p>&nbsp;<\/p>\n","protected":false},"excerpt":{"rendered":"<p>Tesis doctoral de Marta Lopez De Rego Lage Esta tesis doctoral est\u00e1 centrada fundamentalmente en la reactividad fotoqu\u00edmica, procesos de [&hellip;]<\/p>\n","protected":false},"author":1,"featured_media":0,"comment_status":"open","ping_status":"open","sticky":false,"template":"","format":"standard","meta":{"site-sidebar-layout":"default","site-content-layout":"","ast-site-content-layout":"","site-content-style":"default","site-sidebar-style":"default","ast-global-header-display":"","ast-banner-title-visibility":"","ast-main-header-display":"","ast-hfb-above-header-display":"","ast-hfb-below-header-display":"","ast-hfb-mobile-header-display":"","site-post-title":"","ast-breadcrumbs-content":"","ast-featured-img":"","footer-sml-layout":"","theme-transparent-header-meta":"","adv-header-id-meta":"","stick-header-meta":"","header-above-stick-meta":"","header-main-stick-meta":"","header-below-stick-meta":"","astra-migrate-meta-layouts":"default","ast-page-background-enabled":"default","ast-page-background-meta":{"desktop":{"background-color":"var(--ast-global-color-4)","background-image":"","background-repeat":"repeat","background-position":"center center","background-size":"auto","background-attachment":"scroll","background-type":"","background-media":"","overlay-type":"","overlay-color":"","overlay-gradient":""},"tablet":{"background-color":"","background-image":"","background-repeat":"repeat","background-position":"center center","background-size":"auto","background-attachment":"scroll","background-type":"","background-media":"","overlay-type":"","overlay-color":"","overlay-gradient":""},"mobile":{"background-color":"","background-image":"","background-repeat":"repeat","background-position":"center center","background-size":"auto","background-attachment":"scroll","background-type":"","background-media":"","overlay-type":"","overlay-color":"","overlay-gradient":""}},"ast-content-background-meta":{"desktop":{"background-color":"var(--ast-global-color-5)","background-image":"","background-repeat":"repeat","background-position":"center center","background-size":"auto","background-attachment":"scroll","background-type":"","background-media":"","overlay-type":"","overlay-color":"","overlay-gradient":""},"tablet":{"background-color":"var(--ast-global-color-5)","background-image":"","background-repeat":"repeat","background-position":"center center","background-size":"auto","background-attachment":"scroll","background-type":"","background-media":"","overlay-type":"","overlay-color":"","overlay-gradient":""},"mobile":{"background-color":"var(--ast-global-color-5)","background-image":"","background-repeat":"repeat","background-position":"center center","background-size":"auto","background-attachment":"scroll","background-type":"","background-media":"","overlay-type":"","overlay-color":"","overlay-gradient":""}},"footnotes":""},"categories":[1],"tags":[9267,6229,1386,159061,189013,207553],"class_list":["post-102284","post","type-post","status-publish","format-standard","hentry","category-sin-categoria","tag-agusti-lledos-falco","tag-carlos-seoane-prado","tag-ernesto-carmona-guzman","tag-israel-fernandez-lopez","tag-juan-granja-guillan","tag-marta-lopez-de-rego-lage"],"_links":{"self":[{"href":"https:\/\/www.deberes.net\/tesis\/wp-json\/wp\/v2\/posts\/102284","targetHints":{"allow":["GET"]}}],"collection":[{"href":"https:\/\/www.deberes.net\/tesis\/wp-json\/wp\/v2\/posts"}],"about":[{"href":"https:\/\/www.deberes.net\/tesis\/wp-json\/wp\/v2\/types\/post"}],"author":[{"embeddable":true,"href":"https:\/\/www.deberes.net\/tesis\/wp-json\/wp\/v2\/users\/1"}],"replies":[{"embeddable":true,"href":"https:\/\/www.deberes.net\/tesis\/wp-json\/wp\/v2\/comments?post=102284"}],"version-history":[{"count":0,"href":"https:\/\/www.deberes.net\/tesis\/wp-json\/wp\/v2\/posts\/102284\/revisions"}],"wp:attachment":[{"href":"https:\/\/www.deberes.net\/tesis\/wp-json\/wp\/v2\/media?parent=102284"}],"wp:term":[{"taxonomy":"category","embeddable":true,"href":"https:\/\/www.deberes.net\/tesis\/wp-json\/wp\/v2\/categories?post=102284"},{"taxonomy":"post_tag","embeddable":true,"href":"https:\/\/www.deberes.net\/tesis\/wp-json\/wp\/v2\/tags?post=102284"}],"curies":[{"name":"wp","href":"https:\/\/api.w.org\/{rel}","templated":true}]}}