{"id":102305,"date":"2010-01-07T00:00:00","date_gmt":"2010-01-07T00:00:00","guid":{"rendered":"https:\/\/www.deberes.net\/tesis\/sin-categoria\/ensayo-experimental-de-un-nuevo-metodo-de-embalsamamiento-y-conservacion-para-cadaveres-humanos-enteros\/"},"modified":"2010-01-07T00:00:00","modified_gmt":"2010-01-07T00:00:00","slug":"ensayo-experimental-de-un-nuevo-metodo-de-embalsamamiento-y-conservacion-para-cadaveres-humanos-enteros","status":"publish","type":"post","link":"https:\/\/www.deberes.net\/tesis\/anatomia-humana\/ensayo-experimental-de-un-nuevo-metodo-de-embalsamamiento-y-conservacion-para-cadaveres-humanos-enteros\/","title":{"rendered":"Ensayo experimental de un nuevo m\u00e9todo de embalsamamiento y conservaci\u00f3n para cad\u00e1veres humanos enteros"},"content":{"rendered":"<h2>Tesis doctoral de <strong> Jos\u00e9 Cabanes Vila <\/strong><\/h2>\n<p>El uso de cad\u00e1veres en la ense\u00f1anza e investigaci\u00f3n en la disciplina de anatom\u00eda humana, ha generado una problem\u00e1tica espec\u00edfica que ya ocup\u00f3 y preocup\u00f3 a la sociedad anat\u00f3mica espa\u00f1ola en 1996, dando lugar a la llamada acta de barcelona. Uno de los aspectos analizados en aquella reuni\u00f3n fue el relativo a la conservaci\u00f3n de los cad\u00e1veres, sobre el que se hicieron una serie de recomendaciones. Siguiendo dichas recomendaciones y tras comprobar la falta de estudios en este campo, decidimos dise\u00f1ar un nuevo m\u00e9todo propio, global y reproducible, de embalsamamiento repleci\u00f3n intravascular y conservaci\u00f3n de cad\u00e1veres humanos enteros. A la vista de los resultados obtenidos, podemos concluir que: 1) no es posible reducir la concentraci\u00f3n de formalina en la soluci\u00f3n para embalsamamiento sin merma de su capacidad conservadora. 2) se puede incrementar la capacidad de la soluci\u00f3n para embalsamamiento de retener l\u00edquidos y reducir la deshidrataci\u00f3n de los tejidos cadav\u00e9ricos y de mantener la coloraci\u00f3n natural de los tejidos, mediante la incorporaci\u00f3n de sustancias humectantes y sales. 3) nuestra masa de repleci\u00f3n intravascular mejora la calidad de la masa propuesta por thiel, ya que mejora sus propiedades f\u00edsicas y disminuye su toxicidad. 4) la supresi\u00f3n del tiempo de espera entre el embalsamamiento y la inyecci\u00f3n de la masa de repleci\u00f3n intravascular es clave para mejorar la calidad de la repleci\u00f3n en cad\u00e1veres enteros fijados con formol. 5) es posible reducir la concentraci\u00f3n de formalina en la soluci\u00f3n para embalsamiento (por debajo del 1%), sin merma de su capacidad conservadora. 6) la soluci\u00f3n para embalsamiento propuesta muestra una mayor actividad antimicrobiana que la de thiel o la basada exclusivamente en el formol a baja concentraci\u00f3n. 7) la soluci\u00f3n para embalsamiento propuesta muestra una mayor capacidad para reducir la deshidrataci\u00f3n de los tejidos cadav\u00e9ricos que la de thiel o la basada exclusivamente en el formol a baja concentraci\u00f3n. 8) la soluci\u00f3n para embalsamiento propuesta mejora las caracter\u00edsticas organol\u00e9pticas de la soluci\u00f3n de thiel o de la basada exclusivamente en el formol a baja concentraci\u00f3n.<\/p>\n<p>&nbsp;<\/p>\n<h3>Datos acad\u00e9micos de la tesis doctoral \u00ab<strong>Ensayo experimental de un nuevo m\u00e9todo de embalsamamiento y conservaci\u00f3n para cad\u00e1veres humanos enteros<\/strong>\u00ab<\/h3>\n<ul>\n<li><strong>T\u00edtulo de la tesis:<\/strong>\u00a0 Ensayo experimental de un nuevo m\u00e9todo de embalsamamiento y conservaci\u00f3n para cad\u00e1veres humanos enteros <\/li>\n<li><strong>Autor:<\/strong>\u00a0 Jos\u00e9 Cabanes Vila <\/li>\n<li><strong>Universidad:<\/strong>\u00a0 Universitat de val\u00e9ncia (estudi general)<\/li>\n<li><strong>Fecha de lectura de la tesis:<\/strong>\u00a0 01\/07\/2010<\/li>\n<\/ul>\n<p>&nbsp;<\/p>\n<h3>Direcci\u00f3n y tribunal<\/h3>\n<ul>\n<li><strong>Director de la tesis<\/strong>\n<ul>\n<li>Alfonso A. Valverde Navarro<\/li>\n<\/ul>\n<\/li>\n<li><strong>Tribunal<\/strong>\n<ul>\n<li>Presidente del tribunal: amparo Ruiz torner <\/li>\n<li>Jorge  Miguel Barcia gonzalez (vocal)<\/li>\n<li>Francisco Bosch morell (vocal)<\/li>\n<li>Francisco Jos\u00e9 S\u00e1nchez del campo (vocal)<\/li>\n<\/ul>\n<\/li>\n<\/ul>\n<p>&nbsp;<\/p>\n","protected":false},"excerpt":{"rendered":"<p>Tesis doctoral de Jos\u00e9 Cabanes Vila El uso de cad\u00e1veres en la ense\u00f1anza e investigaci\u00f3n en la disciplina de anatom\u00eda [&hellip;]<\/p>\n","protected":false},"author":1,"featured_media":0,"comment_status":"open","ping_status":"open","sticky":false,"template":"","format":"standard","meta":{"site-sidebar-layout":"default","site-content-layout":"","ast-site-content-layout":"","site-content-style":"default","site-sidebar-style":"default","ast-global-header-display":"","ast-banner-title-visibility":"","ast-main-header-display":"","ast-hfb-above-header-display":"","ast-hfb-below-header-display":"","ast-hfb-mobile-header-display":"","site-post-title":"","ast-breadcrumbs-content":"","ast-featured-img":"","footer-sml-layout":"","theme-transparent-header-meta":"","adv-header-id-meta":"","stick-header-meta":"","header-above-stick-meta":"","header-main-stick-meta":"","header-below-stick-meta":"","astra-migrate-meta-layouts":"default","ast-page-background-enabled":"default","ast-page-background-meta":{"desktop":{"background-color":"var(--ast-global-color-4)","background-image":"","background-repeat":"repeat","background-position":"center center","background-size":"auto","background-attachment":"scroll","background-type":"","background-media":"","overlay-type":"","overlay-color":"","overlay-gradient":""},"tablet":{"background-color":"","background-image":"","background-repeat":"repeat","background-position":"center center","background-size":"auto","background-attachment":"scroll","background-type":"","background-media":"","overlay-type":"","overlay-color":"","overlay-gradient":""},"mobile":{"background-color":"","background-image":"","background-repeat":"repeat","background-position":"center center","background-size":"auto","background-attachment":"scroll","background-type":"","background-media":"","overlay-type":"","overlay-color":"","overlay-gradient":""}},"ast-content-background-meta":{"desktop":{"background-color":"var(--ast-global-color-5)","background-image":"","background-repeat":"repeat","background-position":"center center","background-size":"auto","background-attachment":"scroll","background-type":"","background-media":"","overlay-type":"","overlay-color":"","overlay-gradient":""},"tablet":{"background-color":"var(--ast-global-color-5)","background-image":"","background-repeat":"repeat","background-position":"center center","background-size":"auto","background-attachment":"scroll","background-type":"","background-media":"","overlay-type":"","overlay-color":"","overlay-gradient":""},"mobile":{"background-color":"var(--ast-global-color-5)","background-image":"","background-repeat":"repeat","background-position":"center center","background-size":"auto","background-attachment":"scroll","background-type":"","background-media":"","overlay-type":"","overlay-color":"","overlay-gradient":""}},"footnotes":""},"categories":[867],"tags":[207590,12163,52198,12138,85962,207589],"class_list":["post-102305","post","type-post","status-publish","format-standard","hentry","category-anatomia-humana","tag-alfonso-a-valverde-navarro","tag-amparo-ruiz-torner","tag-francisco-bosch-morell","tag-francisco-jose-sanchez-del-campo","tag-jorge-miguel-barcia-gonzalez","tag-jose-cabanes-vila"],"_links":{"self":[{"href":"https:\/\/www.deberes.net\/tesis\/wp-json\/wp\/v2\/posts\/102305","targetHints":{"allow":["GET"]}}],"collection":[{"href":"https:\/\/www.deberes.net\/tesis\/wp-json\/wp\/v2\/posts"}],"about":[{"href":"https:\/\/www.deberes.net\/tesis\/wp-json\/wp\/v2\/types\/post"}],"author":[{"embeddable":true,"href":"https:\/\/www.deberes.net\/tesis\/wp-json\/wp\/v2\/users\/1"}],"replies":[{"embeddable":true,"href":"https:\/\/www.deberes.net\/tesis\/wp-json\/wp\/v2\/comments?post=102305"}],"version-history":[{"count":0,"href":"https:\/\/www.deberes.net\/tesis\/wp-json\/wp\/v2\/posts\/102305\/revisions"}],"wp:attachment":[{"href":"https:\/\/www.deberes.net\/tesis\/wp-json\/wp\/v2\/media?parent=102305"}],"wp:term":[{"taxonomy":"category","embeddable":true,"href":"https:\/\/www.deberes.net\/tesis\/wp-json\/wp\/v2\/categories?post=102305"},{"taxonomy":"post_tag","embeddable":true,"href":"https:\/\/www.deberes.net\/tesis\/wp-json\/wp\/v2\/tags?post=102305"}],"curies":[{"name":"wp","href":"https:\/\/api.w.org\/{rel}","templated":true}]}}