{"id":102313,"date":"2010-01-07T00:00:00","date_gmt":"2010-01-07T00:00:00","guid":{"rendered":"https:\/\/www.deberes.net\/tesis\/sin-categoria\/control-de-la-exposicion-en-fotografa%c2%ada-digital\/"},"modified":"2010-01-07T00:00:00","modified_gmt":"2010-01-07T00:00:00","slug":"control-de-la-exposicion-en-fotografa%c2%ada-digital","status":"publish","type":"post","link":"https:\/\/www.deberes.net\/tesis\/fotografia\/control-de-la-exposicion-en-fotografa%c2%ada-digital\/","title":{"rendered":"Control de la exposici\u00f3n en fotograf\u00edadigital"},"content":{"rendered":"<h2>Tesis doctoral de <strong> Pablo Santamarina Campos <\/strong><\/h2>\n<p>Investigamos las particularidades de la exposici\u00f3n digital, observamos la pr\u00e1ctica de la fotograf\u00eda digital profesional y proponemos nuevas t\u00e9cnicas para el control expositivo. Se trata de una tesis con una vocaci\u00f3n pragm\u00e1tica que quiere apuntar soluciones pr\u00e1cticas.    en el cap\u00edtulo primero se muestra la evoluci\u00f3n de la pr\u00e1ctica fotogr\u00e1fica y la exposici\u00f3n. Reflexionamos sobre la evoluci\u00f3n del concepto, de la fotograf\u00eda como reproductora de la realidad,  desde el nacimiento del medio hasta nuestros d\u00edas.   el cap\u00edtulo segundo introducimos los principios generales de la exposici\u00f3n, que son comunes a la fotograf\u00eda anal\u00f3gica, y abordamos la especificidad de la exposici\u00f3n digital.   realizamos pruebas y extraemos conclusiones para la maximizaci\u00f3n del control expositivo.   en el cap\u00edtulo tercero aportamos los fundamentos del color. Estudiamos el rendimiento de los archivos digitales y la compresi\u00f3n. Se aportan soluciones pr\u00e1cticas encaminadas a la obtenci\u00f3n de la mejor reproducci\u00f3n de la escena.  la resoluci\u00f3n de salida, impresi\u00f3n, pantalla y entrada es un apartado que aporta una terminolog\u00eda clara, y delimita el concepto de resoluci\u00f3n abordando sus diferentes significados.   en el cap\u00edtulo cuarto abordamos las pr\u00e1cticas profesionales actuales, analizando la informaci\u00f3n extra\u00edda de las encuestas a los profesionales. Se trata un punto de partida para plantear nuestras primeras valoraciones, preguntas y suposiciones que tendr\u00e1n respuesta y desarrollo en los siguientes cap\u00edtulos.  en el cap\u00edtulo quinto experimentamos la influencia de la exposici\u00f3n en la captaci\u00f3n de la informaci\u00f3n tonal y en la representaci\u00f3n del color.   se analiza la exposici\u00f3n con archivos jpeg y se proponen soluciones para su maximizaci\u00f3n. La comparaci\u00f3n entre el rendimiento del archivo raw y el jpeg nos induce a propuestas diferentes para su tratamiento.   se explica el funcionamiento y los par\u00e1metros de ajuste b\u00e1sico en un archivo en bruto como antesala al an\u00e1lisis de la exposici\u00f3n con raw. Proponemos din\u00e1micas para el mejor ajuste de la exposici\u00f3n, y justificamos nuestras propuestas, profundizando en el an\u00e1lisis de las alteraciones crom\u00e1ticas que se pueden producir seg\u00fan el ajuste de la exposici\u00f3n.  en el cap\u00edtulo sexto presentamos soluciones concretas para el tratamiento de la exposici\u00f3n en postproducci\u00f3n. Se aportan soluciones originales para la conversi\u00f3n tonal a monocromo. Se aportan soluciones para la correcci\u00f3n del color minimizando la desviaci\u00f3n de la exposici\u00f3n, y para la correcci\u00f3n de la exposici\u00f3n minimizando la desviaci\u00f3n del color. La facilidad de la nueva tecnolog\u00eda digital para generar representaciones manipuladas con una total maleabilidad de la exposici\u00f3n, se ejemplifica con un fotomontaje.   la tesis termina exponiendo las conclusiones que est\u00e1n relacionadas con el objetivo y planteamiento de la investigaci\u00f3n. La reproducci\u00f3n del color en fotograf\u00eda digital, la manipulaci\u00f3n de archivos digitales y los ajustes en post-producci\u00f3n componen las l\u00edneas fundamentales de este apartado.<\/p>\n<p>&nbsp;<\/p>\n<h3>Datos acad\u00e9micos de la tesis doctoral \u00ab<strong>Control de la exposici\u00f3n en fotograf\u00edadigital<\/strong>\u00ab<\/h3>\n<ul>\n<li><strong>T\u00edtulo de la tesis:<\/strong>\u00a0 Control de la exposici\u00f3n en fotograf\u00edadigital <\/li>\n<li><strong>Autor:<\/strong>\u00a0 Pablo Santamarina Campos <\/li>\n<li><strong>Universidad:<\/strong>\u00a0 Universitat de val\u00e9ncia (estudi general)<\/li>\n<li><strong>Fecha de lectura de la tesis:<\/strong>\u00a0 01\/07\/2010<\/li>\n<\/ul>\n<p>&nbsp;<\/p>\n<h3>Direcci\u00f3n y tribunal<\/h3>\n<ul>\n<li><strong>Director de la tesis<\/strong>\n<ul>\n<li>Santiago Renard Alvarez<\/li>\n<\/ul>\n<\/li>\n<li><strong>Tribunal<\/strong>\n<ul>\n<li>Presidente del tribunal: miquel Franc\u00e9s dom\u00e9nec <\/li>\n<li>Mar\u00eda angeles Carabal montagud (vocal)<\/li>\n<li>pilar Crespo ricart (vocal)<\/li>\n<li>Jos\u00e9 Antonio Aguilar garcia (vocal)<\/li>\n<\/ul>\n<\/li>\n<\/ul>\n<p>&nbsp;<\/p>\n","protected":false},"excerpt":{"rendered":"<p>Tesis doctoral de Pablo Santamarina Campos Investigamos las particularidades de la exposici\u00f3n digital, observamos la pr\u00e1ctica de la fotograf\u00eda digital [&hellip;]<\/p>\n","protected":false},"author":1,"featured_media":0,"comment_status":"open","ping_status":"open","sticky":false,"template":"","format":"standard","meta":{"site-sidebar-layout":"default","site-content-layout":"","ast-site-content-layout":"","site-content-style":"default","site-sidebar-style":"default","ast-global-header-display":"","ast-banner-title-visibility":"","ast-main-header-display":"","ast-hfb-above-header-display":"","ast-hfb-below-header-display":"","ast-hfb-mobile-header-display":"","site-post-title":"","ast-breadcrumbs-content":"","ast-featured-img":"","footer-sml-layout":"","theme-transparent-header-meta":"","adv-header-id-meta":"","stick-header-meta":"","header-above-stick-meta":"","header-main-stick-meta":"","header-below-stick-meta":"","astra-migrate-meta-layouts":"default","ast-page-background-enabled":"default","ast-page-background-meta":{"desktop":{"background-color":"var(--ast-global-color-4)","background-image":"","background-repeat":"repeat","background-position":"center center","background-size":"auto","background-attachment":"scroll","background-type":"","background-media":"","overlay-type":"","overlay-color":"","overlay-gradient":""},"tablet":{"background-color":"","background-image":"","background-repeat":"repeat","background-position":"center center","background-size":"auto","background-attachment":"scroll","background-type":"","background-media":"","overlay-type":"","overlay-color":"","overlay-gradient":""},"mobile":{"background-color":"","background-image":"","background-repeat":"repeat","background-position":"center center","background-size":"auto","background-attachment":"scroll","background-type":"","background-media":"","overlay-type":"","overlay-color":"","overlay-gradient":""}},"ast-content-background-meta":{"desktop":{"background-color":"var(--ast-global-color-5)","background-image":"","background-repeat":"repeat","background-position":"center center","background-size":"auto","background-attachment":"scroll","background-type":"","background-media":"","overlay-type":"","overlay-color":"","overlay-gradient":""},"tablet":{"background-color":"var(--ast-global-color-5)","background-image":"","background-repeat":"repeat","background-position":"center center","background-size":"auto","background-attachment":"scroll","background-type":"","background-media":"","overlay-type":"","overlay-color":"","overlay-gradient":""},"mobile":{"background-color":"var(--ast-global-color-5)","background-image":"","background-repeat":"repeat","background-position":"center center","background-size":"auto","background-attachment":"scroll","background-type":"","background-media":"","overlay-type":"","overlay-color":"","overlay-gradient":""}},"footnotes":""},"categories":[5270,14126,21130],"tags":[161232,193029,74774,207601,88865,47987],"class_list":["post-102313","post","type-post","status-publish","format-standard","hentry","category-fotografia","category-tecnologia-y-cambio-social","category-tratamiento-digital-de-imagenes","tag-jose-antonio-aguilar-garcia","tag-maria-angeles-carabal-montagud","tag-miquel-frances-domenec","tag-pablo-santamarina-campos","tag-pilar-crespo-ricart","tag-santiago-renard-alvarez"],"_links":{"self":[{"href":"https:\/\/www.deberes.net\/tesis\/wp-json\/wp\/v2\/posts\/102313","targetHints":{"allow":["GET"]}}],"collection":[{"href":"https:\/\/www.deberes.net\/tesis\/wp-json\/wp\/v2\/posts"}],"about":[{"href":"https:\/\/www.deberes.net\/tesis\/wp-json\/wp\/v2\/types\/post"}],"author":[{"embeddable":true,"href":"https:\/\/www.deberes.net\/tesis\/wp-json\/wp\/v2\/users\/1"}],"replies":[{"embeddable":true,"href":"https:\/\/www.deberes.net\/tesis\/wp-json\/wp\/v2\/comments?post=102313"}],"version-history":[{"count":0,"href":"https:\/\/www.deberes.net\/tesis\/wp-json\/wp\/v2\/posts\/102313\/revisions"}],"wp:attachment":[{"href":"https:\/\/www.deberes.net\/tesis\/wp-json\/wp\/v2\/media?parent=102313"}],"wp:term":[{"taxonomy":"category","embeddable":true,"href":"https:\/\/www.deberes.net\/tesis\/wp-json\/wp\/v2\/categories?post=102313"},{"taxonomy":"post_tag","embeddable":true,"href":"https:\/\/www.deberes.net\/tesis\/wp-json\/wp\/v2\/tags?post=102313"}],"curies":[{"name":"wp","href":"https:\/\/api.w.org\/{rel}","templated":true}]}}