{"id":102363,"date":"2010-02-07T00:00:00","date_gmt":"2010-02-07T00:00:00","guid":{"rendered":"https:\/\/www.deberes.net\/tesis\/sin-categoria\/la-artista-alicantina-juana-frances-estudio-cra%c2%adtico-de-su-obra\/"},"modified":"2010-02-07T00:00:00","modified_gmt":"2010-02-07T00:00:00","slug":"la-artista-alicantina-juana-frances-estudio-cra%c2%adtico-de-su-obra","status":"publish","type":"post","link":"https:\/\/www.deberes.net\/tesis\/historia-del-arte\/la-artista-alicantina-juana-frances-estudio-cra%c2%adtico-de-su-obra\/","title":{"rendered":"La artista alicantina juana franc\u00e9s: estudio cr\u00edtico de su obra"},"content":{"rendered":"<h2>Tesis doctoral de <strong> Natalia Isabel Molinos Navarro <\/strong><\/h2>\n<p>Esta tesis pretende reivindicar la figura de juana franc\u00e9s (1924-1990) dentro del panorama art\u00edstico, una pintora con m\u00e1s de cuarenta a\u00f1os de trayectoria que perteneci\u00f3 a la generaci\u00f3n de artistas que provocaron el importante cambio que se gest\u00f3 en el arte y la cultura de espa\u00f1a a mediados de los cincuenta y que, a pesar del momento pol\u00edtico y social, supieron tomar el pulso de la actualidad art\u00edstica internacional y participar en la misma, siendo, adem\u00e1s, una de las escas\u00edsimas artistas mujeres que tuvieron un papel relevante en esos momentos, con su participaci\u00f3n en el paso y su presencia en exposiciones y eventos de \u00edndole internacional. La obra de juana franc\u00e9s fue destacada por eminentes cr\u00edticos en su momento y por la historiograf\u00eda feminista en los \u00faltimos tiempos,  pero que para otros muchos no pasa de estar en un segundo plano. En el presente trabajo se recapacita sobre este olvido en el que se ha sumido la figura de juana franc\u00e9s durante tanto tiempo.  la necesidad de una revisi\u00f3n sobre su trabajo se ha realizado a trav\u00e9s de la catalogaci\u00f3n y el estudio pormenorizado de su obra,  partiendo del legado que la artista dej\u00f3 a su muerte a cuatro instituciones e incluyendo obras de otras muchas colecciones. As\u00ed se establecen sus diferentes momentos art\u00edsticos, los momentos de aprendizaje y sus etapas art\u00edsticas. Cuatro etapas art\u00edsticas claras: la primera, de figuraci\u00f3n hier\u00e1tica, entre 1950-1953\/4, tras esta,  una etapa experimental, de unos dos a\u00f1os, entre la primera y la segunda que s\u00f3lo se ha encontrado en el legado y que explica su cambio a la siguiente etapa, de abstracci\u00f3n  informal, que se produce entre 1956 y 1963 y en la que hemos podido diferenciar cuatro subetapas. Tras este momento, su pintura evoluciona y vuelve a incluir cierta figuraci\u00f3n sin dejar de lado los referentes informales; se trata de su tercera etapa de hom\u00ednidos y pintura tridimensional, que ocupar\u00e1 veinte a\u00f1os de su vida hasta comienzos de los ochenta, cuando vuelve a sumergirse en la abstracci\u00f3n, primero con la investigaci\u00f3n sobre papel y despu\u00e9s regresando al formato grande sobre tela. Durante todas estas etapas, juana trabaja en t\u00e9cnicas innovadoras, en algunos casos incluso adelant\u00e1ndose a otros artistas -como jasper johns o modest cuixart- en la utilizaci\u00f3n de t\u00e9cnicas como la enc\u00e1ustica, ya en su primera etapa, o de t\u00e9cnicas informales que, apareciendo en su segunda etapa, permanecer\u00e1n hasta el final de su trayectoria. En la tercera etapa, sus grandes estructuras ya se disponen espacialmente a la manera de las instalaciones actuales, sumergiendo al espectador dentro del concepto de la propia obra. En su etapa final, la investigaci\u00f3n sobre papel preconiza corrientes actuales de trabajo.   la importancia que la autora otorga desde un principio al soporte, las texturas o la introducci\u00f3n de materia se mantiene hasta el final en sus piezas, mostr\u00e1ndonos que juana franc\u00e9s fue siempre una incansable trabajadora que no ces\u00f3 en su inter\u00e9s investigador y en su lucha por hacer una obra acorde con su necesidad interior.<\/p>\n<p>&nbsp;<\/p>\n<h3>Datos acad\u00e9micos de la tesis doctoral \u00ab<strong>La artista alicantina juana franc\u00e9s: estudio cr\u00edtico de su obra<\/strong>\u00ab<\/h3>\n<ul>\n<li><strong>T\u00edtulo de la tesis:<\/strong>\u00a0 La artista alicantina juana franc\u00e9s: estudio cr\u00edtico de su obra <\/li>\n<li><strong>Autor:<\/strong>\u00a0 Natalia Isabel Molinos Navarro <\/li>\n<li><strong>Universidad:<\/strong>\u00a0 Alicante<\/li>\n<li><strong>Fecha de lectura de la tesis:<\/strong>\u00a0 02\/07\/2010<\/li>\n<\/ul>\n<p>&nbsp;<\/p>\n<h3>Direcci\u00f3n y tribunal<\/h3>\n<ul>\n<li><strong>Director de la tesis<\/strong>\n<ul>\n<li>Eduardo Ranch Sales<\/li>\n<\/ul>\n<\/li>\n<li><strong>Tribunal<\/strong>\n<ul>\n<li>Presidente del tribunal: glicerio S\u00e1nchez recio <\/li>\n<li>Juan  \u00e1ngel Blasco carrascosa (vocal)<\/li>\n<li>Juan a Mar\u00eda Balsalobre Garc\u00eda (vocal)<\/li>\n<li>rom\u00ed\u00a0 De la calle de la calle (vocal)<\/li>\n<\/ul>\n<\/li>\n<\/ul>\n<p>&nbsp;<\/p>\n","protected":false},"excerpt":{"rendered":"<p>Tesis doctoral de Natalia Isabel Molinos Navarro Esta tesis pretende reivindicar la figura de juana franc\u00e9s (1924-1990) dentro del panorama [&hellip;]<\/p>\n","protected":false},"author":1,"featured_media":0,"comment_status":"open","ping_status":"open","sticky":false,"template":"","format":"standard","meta":{"site-sidebar-layout":"default","site-content-layout":"","ast-site-content-layout":"","site-content-style":"default","site-sidebar-style":"default","ast-global-header-display":"","ast-banner-title-visibility":"","ast-main-header-display":"","ast-hfb-above-header-display":"","ast-hfb-below-header-display":"","ast-hfb-mobile-header-display":"","site-post-title":"","ast-breadcrumbs-content":"","ast-featured-img":"","footer-sml-layout":"","theme-transparent-header-meta":"","adv-header-id-meta":"","stick-header-meta":"","header-above-stick-meta":"","header-main-stick-meta":"","header-below-stick-meta":"","astra-migrate-meta-layouts":"default","ast-page-background-enabled":"default","ast-page-background-meta":{"desktop":{"background-color":"var(--ast-global-color-4)","background-image":"","background-repeat":"repeat","background-position":"center center","background-size":"auto","background-attachment":"scroll","background-type":"","background-media":"","overlay-type":"","overlay-color":"","overlay-gradient":""},"tablet":{"background-color":"","background-image":"","background-repeat":"repeat","background-position":"center center","background-size":"auto","background-attachment":"scroll","background-type":"","background-media":"","overlay-type":"","overlay-color":"","overlay-gradient":""},"mobile":{"background-color":"","background-image":"","background-repeat":"repeat","background-position":"center center","background-size":"auto","background-attachment":"scroll","background-type":"","background-media":"","overlay-type":"","overlay-color":"","overlay-gradient":""}},"ast-content-background-meta":{"desktop":{"background-color":"var(--ast-global-color-5)","background-image":"","background-repeat":"repeat","background-position":"center center","background-size":"auto","background-attachment":"scroll","background-type":"","background-media":"","overlay-type":"","overlay-color":"","overlay-gradient":""},"tablet":{"background-color":"var(--ast-global-color-5)","background-image":"","background-repeat":"repeat","background-position":"center center","background-size":"auto","background-attachment":"scroll","background-type":"","background-media":"","overlay-type":"","overlay-color":"","overlay-gradient":""},"mobile":{"background-color":"var(--ast-global-color-5)","background-image":"","background-repeat":"repeat","background-position":"center center","background-size":"auto","background-attachment":"scroll","background-type":"","background-media":"","overlay-type":"","overlay-color":"","overlay-gradient":""}},"footnotes":""},"categories":[19166,1014,2563],"tags":[51275,8500,207684,147940,207683,16851],"class_list":["post-102363","post","type-post","status-publish","format-standard","hentry","category-alicante","category-historia-del-arte","category-historia-del-arte-de-los-siglos-xix-y-xx","tag-eduardo-ranch-sales","tag-glicerio-sanchez-recio","tag-juan-a-maria-balsalobre-garcia","tag-juan-angel-blasco-carrascosa","tag-natalia-isabel-molinos-navarro","tag-romi-de-la-calle-de-la-calle"],"_links":{"self":[{"href":"https:\/\/www.deberes.net\/tesis\/wp-json\/wp\/v2\/posts\/102363","targetHints":{"allow":["GET"]}}],"collection":[{"href":"https:\/\/www.deberes.net\/tesis\/wp-json\/wp\/v2\/posts"}],"about":[{"href":"https:\/\/www.deberes.net\/tesis\/wp-json\/wp\/v2\/types\/post"}],"author":[{"embeddable":true,"href":"https:\/\/www.deberes.net\/tesis\/wp-json\/wp\/v2\/users\/1"}],"replies":[{"embeddable":true,"href":"https:\/\/www.deberes.net\/tesis\/wp-json\/wp\/v2\/comments?post=102363"}],"version-history":[{"count":0,"href":"https:\/\/www.deberes.net\/tesis\/wp-json\/wp\/v2\/posts\/102363\/revisions"}],"wp:attachment":[{"href":"https:\/\/www.deberes.net\/tesis\/wp-json\/wp\/v2\/media?parent=102363"}],"wp:term":[{"taxonomy":"category","embeddable":true,"href":"https:\/\/www.deberes.net\/tesis\/wp-json\/wp\/v2\/categories?post=102363"},{"taxonomy":"post_tag","embeddable":true,"href":"https:\/\/www.deberes.net\/tesis\/wp-json\/wp\/v2\/tags?post=102363"}],"curies":[{"name":"wp","href":"https:\/\/api.w.org\/{rel}","templated":true}]}}