{"id":102417,"date":"2010-02-07T00:00:00","date_gmt":"2010-02-07T00:00:00","guid":{"rendered":"https:\/\/www.deberes.net\/tesis\/sin-categoria\/menorca-segunda-mitad-del-siglo-xvi-el-gobierno-y-las-eletes-municipales\/"},"modified":"2010-02-07T00:00:00","modified_gmt":"2010-02-07T00:00:00","slug":"menorca-segunda-mitad-del-siglo-xvi-el-gobierno-y-las-eletes-municipales","status":"publish","type":"post","link":"https:\/\/www.deberes.net\/tesis\/historia-moderna-del-area-europea\/menorca-segunda-mitad-del-siglo-xvi-el-gobierno-y-las-eletes-municipales\/","title":{"rendered":"Menorca, segunda mitad del siglo xvi. el gobierno y las eletes municipales"},"content":{"rendered":"<h2>Tesis doctoral de <strong> Jaime Benejam Lluch <\/strong><\/h2>\n<p>La tesis comprende un estudio de unos cincuenta a\u00f1os del siglo xvi correspondientes al gonbierno en la isla de menorca. el trabajo est\u00e1 basado principalmente en documentaci\u00f3n de la \u00e9poca, en seguir paso a paso los documentos e intentar que ellos mismos hablen de la historia, teniendo especial reparo en no confeccionar teor\u00edas precipitadas e innecesarias.  al principio presenta un estudio de la demograf\u00eda de la isla bas\u00e1ndose en palabras de los contempor\u00e1neos, los registros del morabet\u00ed, un documento de declaraci\u00f3n de bienes y registros parroguiales.  Todos menos los registros del morabet\u00ed han sido investigados de primera mano en documentos de la \u00e9poca por el autor.  el estudio del sistema de gobierno en la isla, las leyes y los documentos que lo sustentan, principalmente la sentencia de moss\u00e9n requesen s, especie de carta de gobierno otrogada en el a\u00f1o 1439, ha sido transcrita por el autor. los grupos humanos que constituyen las \u00e9lites municipales han sido investigados en los libros de las actas municipales, en un documento en que declaran los bienes llamado manifest y en los registros parroquiales.  los hechos mismos del gobierno, sus incidencias, la configuraci\u00f3n de los distintos cargos&#8230; Est\u00e1 descrito de manera muy pormenorizada entre los a\u00f1os 1558 a 1563, para despu\u00e9s escoger dos temas que se han considerado m\u00e1s importantes:  uno los conflictos entre la universidad general, instituci\u00f3n de gobierno de la isla de menorca, y el poder central.  Otro, los conflictos entre las universidades particulares de la isla de menorca.<\/p>\n<p>&nbsp;<\/p>\n<h3>Datos acad\u00e9micos de la tesis doctoral \u00ab<strong>Menorca, segunda mitad del siglo xvi. el gobierno y las eletes municipales<\/strong>\u00ab<\/h3>\n<ul>\n<li><strong>T\u00edtulo de la tesis:<\/strong>\u00a0 Menorca, segunda mitad del siglo xvi. el gobierno y las eletes municipales <\/li>\n<li><strong>Autor:<\/strong>\u00a0 Jaime Benejam Lluch <\/li>\n<li><strong>Universidad:<\/strong>\u00a0 Nacional de educaci\u00f3n a distancia<\/li>\n<li><strong>Fecha de lectura de la tesis:<\/strong>\u00a0 02\/07\/2010<\/li>\n<\/ul>\n<p>&nbsp;<\/p>\n<h3>Direcci\u00f3n y tribunal<\/h3>\n<ul>\n<li><strong>Director de la tesis<\/strong>\n<ul>\n<li>Juan  Antonio Sanchez Belen<\/li>\n<\/ul>\n<\/li>\n<li><strong>Tribunal<\/strong>\n<ul>\n<li>Presidente del tribunal: Carlos Martinez shaw <\/li>\n<li>pegerto Saavedra fernandez (vocal)<\/li>\n<li>Juan  Manuel Carretero zamora (vocal)<\/li>\n<li>Jos\u00e9 Juan  vidal (vocal)<\/li>\n<\/ul>\n<\/li>\n<\/ul>\n<p>&nbsp;<\/p>\n","protected":false},"excerpt":{"rendered":"<p>Tesis doctoral de Jaime Benejam Lluch La tesis comprende un estudio de unos cincuenta a\u00f1os del siglo xvi correspondientes al [&hellip;]<\/p>\n","protected":false},"author":1,"featured_media":0,"comment_status":"open","ping_status":"open","sticky":false,"template":"","format":"standard","meta":{"site-sidebar-layout":"default","site-content-layout":"","ast-site-content-layout":"","site-content-style":"default","site-sidebar-style":"default","ast-global-header-display":"","ast-banner-title-visibility":"","ast-main-header-display":"","ast-hfb-above-header-display":"","ast-hfb-below-header-display":"","ast-hfb-mobile-header-display":"","site-post-title":"","ast-breadcrumbs-content":"","ast-featured-img":"","footer-sml-layout":"","theme-transparent-header-meta":"","adv-header-id-meta":"","stick-header-meta":"","header-above-stick-meta":"","header-main-stick-meta":"","header-below-stick-meta":"","astra-migrate-meta-layouts":"default","ast-page-background-enabled":"default","ast-page-background-meta":{"desktop":{"background-color":"var(--ast-global-color-4)","background-image":"","background-repeat":"repeat","background-position":"center center","background-size":"auto","background-attachment":"scroll","background-type":"","background-media":"","overlay-type":"","overlay-color":"","overlay-gradient":""},"tablet":{"background-color":"","background-image":"","background-repeat":"repeat","background-position":"center center","background-size":"auto","background-attachment":"scroll","background-type":"","background-media":"","overlay-type":"","overlay-color":"","overlay-gradient":""},"mobile":{"background-color":"","background-image":"","background-repeat":"repeat","background-position":"center center","background-size":"auto","background-attachment":"scroll","background-type":"","background-media":"","overlay-type":"","overlay-color":"","overlay-gradient":""}},"ast-content-background-meta":{"desktop":{"background-color":"var(--ast-global-color-5)","background-image":"","background-repeat":"repeat","background-position":"center center","background-size":"auto","background-attachment":"scroll","background-type":"","background-media":"","overlay-type":"","overlay-color":"","overlay-gradient":""},"tablet":{"background-color":"var(--ast-global-color-5)","background-image":"","background-repeat":"repeat","background-position":"center center","background-size":"auto","background-attachment":"scroll","background-type":"","background-media":"","overlay-type":"","overlay-color":"","overlay-gradient":""},"mobile":{"background-color":"var(--ast-global-color-5)","background-image":"","background-repeat":"repeat","background-position":"center center","background-size":"auto","background-attachment":"scroll","background-type":"","background-media":"","overlay-type":"","overlay-color":"","overlay-gradient":""}},"footnotes":""},"categories":[1015,17070],"tags":[1356,207769,19196,132093,207770,18952],"class_list":["post-102417","post","type-post","status-publish","format-standard","hentry","category-historia-moderna-del-area-europea","category-nacional-de-educacion-a-distancia","tag-carlos-Martinez-shaw","tag-jaime-benejam-lluch","tag-jose-juan-vidal","tag-juan-antonio-sanchez-belen","tag-juan-manuel-carretero-zamora","tag-pegerto-saavedra-fernandez"],"_links":{"self":[{"href":"https:\/\/www.deberes.net\/tesis\/wp-json\/wp\/v2\/posts\/102417","targetHints":{"allow":["GET"]}}],"collection":[{"href":"https:\/\/www.deberes.net\/tesis\/wp-json\/wp\/v2\/posts"}],"about":[{"href":"https:\/\/www.deberes.net\/tesis\/wp-json\/wp\/v2\/types\/post"}],"author":[{"embeddable":true,"href":"https:\/\/www.deberes.net\/tesis\/wp-json\/wp\/v2\/users\/1"}],"replies":[{"embeddable":true,"href":"https:\/\/www.deberes.net\/tesis\/wp-json\/wp\/v2\/comments?post=102417"}],"version-history":[{"count":0,"href":"https:\/\/www.deberes.net\/tesis\/wp-json\/wp\/v2\/posts\/102417\/revisions"}],"wp:attachment":[{"href":"https:\/\/www.deberes.net\/tesis\/wp-json\/wp\/v2\/media?parent=102417"}],"wp:term":[{"taxonomy":"category","embeddable":true,"href":"https:\/\/www.deberes.net\/tesis\/wp-json\/wp\/v2\/categories?post=102417"},{"taxonomy":"post_tag","embeddable":true,"href":"https:\/\/www.deberes.net\/tesis\/wp-json\/wp\/v2\/tags?post=102417"}],"curies":[{"name":"wp","href":"https:\/\/api.w.org\/{rel}","templated":true}]}}