{"id":102560,"date":"2010-07-07T00:00:00","date_gmt":"2010-07-07T00:00:00","guid":{"rendered":"https:\/\/www.deberes.net\/tesis\/sin-categoria\/etica-y-justificacion-los-veinte-anos-de-noticia\/"},"modified":"2010-07-07T00:00:00","modified_gmt":"2010-07-07T00:00:00","slug":"etica-y-justificacion-los-veinte-anos-de-noticia","status":"publish","type":"post","link":"https:\/\/www.deberes.net\/tesis\/extremadura\/etica-y-justificacion-los-veinte-anos-de-noticia\/","title":{"rendered":"\u00e9tica y justificacion: los veinte a\u00f1os de noticia"},"content":{"rendered":"<h2>Tesis doctoral de <strong> Amilton Jesus Dos Santos <\/strong><\/h2>\n<p>En las ultimas d\u00e9cadas en portugal, muchas cosas aconteceron, la sociedad h cambiado mucho, principalmente ne la manera como las personas tratan la informaci\u00f3n de la prensa escrita. Los periodistas y la prensa en particular cambiaran mucho desde el 25 de abril de 1974, hasta los dias de hoy. Muchas cosas en la sociedad cambiaron significativamente en la parte de la presna escrita como tambi\u00e9n en la vida de los periodistas, que de uma hora para otra vieron su liberdad alterarse de acuerdo con el medio en que trabaja.  en la altura de la d\u00e9cada de 80, los periodistas tenian m\u00e1s liberdad, pero las cosas tambi\u00e9n cambiaran em t\u00e9rminos de esta misma liberdad para el periodista- en esta altura, debido a su trabajo, el periodista inicia uma serie de tareas que nada tiene que ver con su trabajo de investigaci\u00f3n la liberdad y el rigor.  el periodista lleg\u00f3 a ser un funcion\u00e1rio de la prensa en que trabaja. Un funcionario como cualquier otro en la empresa, que procura su sustento, paga sus cuentas y sustenta su familia. La profesi\u00f3n no tiene nada de interesante como en d\u00e9cadas pasadas, en que el periodista luchaba por su liberdad, donde \u00e9l podr\u00eda escribir lo que quer\u00eda, investigar los asuntos que mejor despertase la curiosidad de las populaciones o su p\u00fablico en general.  en las palabras del soci\u00f3logo luc boltanski, toda u cualquier persona tiene que justificar socialmente su acci\u00f3n face a la sociedad. Esta justificaci\u00f3n tiene que tener en cuenta su trabajo, su opci\u00f3n profesional y como su trabajo ir\u00e1 afectar o no la vida de las personas en su cuotidiano. Seg\u00fan boltanski ese profesional tiene el compromiso social de justificarse face a la sociedad en que vive, trabaja y sustenta su familia. El periodista no es una persona aislada, no vive en funci\u00f3n de su trabajo solamente por que le da gana el dinero o prestigio social. Tiene que hacerlo, porque las personas tambi\u00e9n tiene el derecho de saber cu\u00e1les son las razones que influenciaron su opci\u00f3n en esta u otra noticia que public\u00f3 en la prensa.  en la sociolog\u00eda de la acci\u00f3n boltanski busca una justificacion oara el mal funcionamiento de la sociedad y como los profesionales, sean est\u00e9n ellos en el \u00e1rea que estiveren tienen la necesidad de hablar de sus cosas y dividirlas con las personas. Seg\u00fan boltanski todos los profesionales, sin excepcion, tienen el deber, y la obrigaci\u00f3n de jusfificarse face a la sociedad y a los individuos desta misma sociedad. Cuando el agente social no lo hace, es porque acredita que est\u00e1 procediendo de la mejor manera, tanto en t\u00e9rminos profesionales como en t\u00e9rminos individuales.  el individuo tambien tiene la necesidad legitima de cuestionar la veracidad de las cosas que lee en la prensa todos los dias. Tiene la necesidad de saber si la noticia que ha lido es verdadera o no pasa de pura ficci\u00f3n, porque los peri\u00f3dicos del siglo xxi intentaron cada vez m\u00e1s de buscar el sensacionalismo en vez de la noticia seria, exenta, con credibilidad y con particular inter\u00e9s para la sociedad.<\/p>\n<p>&nbsp;<\/p>\n<h3>Datos acad\u00e9micos de la tesis doctoral \u00ab<strong>\u00e9tica y justificacion: los veinte a\u00f1os de noticia<\/strong>\u00ab<\/h3>\n<ul>\n<li><strong>T\u00edtulo de la tesis:<\/strong>\u00a0 \u00e9tica y justificacion: los veinte a\u00f1os de noticia <\/li>\n<li><strong>Autor:<\/strong>\u00a0 Amilton Jesus Dos Santos <\/li>\n<li><strong>Universidad:<\/strong>\u00a0 Extremadura<\/li>\n<li><strong>Fecha de lectura de la tesis:<\/strong>\u00a0 07\/07\/2010<\/li>\n<\/ul>\n<p>&nbsp;<\/p>\n<h3>Direcci\u00f3n y tribunal<\/h3>\n<ul>\n<li><strong>Director de la tesis<\/strong>\n<ul>\n<li>Fernando Gonz\u00e1lez Pozuelo<\/li>\n<\/ul>\n<\/li>\n<li><strong>Tribunal<\/strong>\n<ul>\n<li>Presidente del tribunal: Antonio S\u00e1nchez cabaco <\/li>\n<li>Jos\u00e9 Carlos S\u00e1nchez Garc\u00eda (vocal)<\/li>\n<li>Mar\u00eda  jo\u00ed\u00a3o Almeida coelho de sousa (vocal)<\/li>\n<li>marcelo S\u00e1nchez-oro s\u00e1nchez (vocal)<\/li>\n<\/ul>\n<\/li>\n<\/ul>\n<p>&nbsp;<\/p>\n","protected":false},"excerpt":{"rendered":"<p>Tesis doctoral de Amilton Jesus Dos Santos En las ultimas d\u00e9cadas en portugal, muchas cosas aconteceron, la sociedad h cambiado [&hellip;]<\/p>\n","protected":false},"author":1,"featured_media":0,"comment_status":"open","ping_status":"open","sticky":false,"template":"","format":"standard","meta":{"site-sidebar-layout":"default","site-content-layout":"","ast-site-content-layout":"","site-content-style":"default","site-sidebar-style":"default","ast-global-header-display":"","ast-banner-title-visibility":"","ast-main-header-display":"","ast-hfb-above-header-display":"","ast-hfb-below-header-display":"","ast-hfb-mobile-header-display":"","site-post-title":"","ast-breadcrumbs-content":"","ast-featured-img":"","footer-sml-layout":"","theme-transparent-header-meta":"","adv-header-id-meta":"","stick-header-meta":"","header-above-stick-meta":"","header-main-stick-meta":"","header-below-stick-meta":"","astra-migrate-meta-layouts":"default","ast-page-background-enabled":"default","ast-page-background-meta":{"desktop":{"background-color":"var(--ast-global-color-4)","background-image":"","background-repeat":"repeat","background-position":"center center","background-size":"auto","background-attachment":"scroll","background-type":"","background-media":"","overlay-type":"","overlay-color":"","overlay-gradient":""},"tablet":{"background-color":"","background-image":"","background-repeat":"repeat","background-position":"center center","background-size":"auto","background-attachment":"scroll","background-type":"","background-media":"","overlay-type":"","overlay-color":"","overlay-gradient":""},"mobile":{"background-color":"","background-image":"","background-repeat":"repeat","background-position":"center center","background-size":"auto","background-attachment":"scroll","background-type":"","background-media":"","overlay-type":"","overlay-color":"","overlay-gradient":""}},"ast-content-background-meta":{"desktop":{"background-color":"var(--ast-global-color-5)","background-image":"","background-repeat":"repeat","background-position":"center center","background-size":"auto","background-attachment":"scroll","background-type":"","background-media":"","overlay-type":"","overlay-color":"","overlay-gradient":""},"tablet":{"background-color":"var(--ast-global-color-5)","background-image":"","background-repeat":"repeat","background-position":"center center","background-size":"auto","background-attachment":"scroll","background-type":"","background-media":"","overlay-type":"","overlay-color":"","overlay-gradient":""},"mobile":{"background-color":"var(--ast-global-color-5)","background-image":"","background-repeat":"repeat","background-position":"center center","background-size":"auto","background-attachment":"scroll","background-type":"","background-media":"","overlay-type":"","overlay-color":"","overlay-gradient":""}},"footnotes":""},"categories":[949,14084],"tags":[208005,43221,33430,137647,174576,208006],"class_list":["post-102560","post","type-post","status-publish","format-standard","hentry","category-extremadura","category-formacion-de-la-opinion-publica","tag-amilton-jesus-dos-santos","tag-antonio-sanchez-cabaco","tag-fernando-gonzalez-pozuelo","tag-jose-carlos-sanchez-garcia","tag-marcelo-sanchez-oro-sanchez","tag-maria-joio-almeida-coelho-de-sousa"],"_links":{"self":[{"href":"https:\/\/www.deberes.net\/tesis\/wp-json\/wp\/v2\/posts\/102560","targetHints":{"allow":["GET"]}}],"collection":[{"href":"https:\/\/www.deberes.net\/tesis\/wp-json\/wp\/v2\/posts"}],"about":[{"href":"https:\/\/www.deberes.net\/tesis\/wp-json\/wp\/v2\/types\/post"}],"author":[{"embeddable":true,"href":"https:\/\/www.deberes.net\/tesis\/wp-json\/wp\/v2\/users\/1"}],"replies":[{"embeddable":true,"href":"https:\/\/www.deberes.net\/tesis\/wp-json\/wp\/v2\/comments?post=102560"}],"version-history":[{"count":0,"href":"https:\/\/www.deberes.net\/tesis\/wp-json\/wp\/v2\/posts\/102560\/revisions"}],"wp:attachment":[{"href":"https:\/\/www.deberes.net\/tesis\/wp-json\/wp\/v2\/media?parent=102560"}],"wp:term":[{"taxonomy":"category","embeddable":true,"href":"https:\/\/www.deberes.net\/tesis\/wp-json\/wp\/v2\/categories?post=102560"},{"taxonomy":"post_tag","embeddable":true,"href":"https:\/\/www.deberes.net\/tesis\/wp-json\/wp\/v2\/tags?post=102560"}],"curies":[{"name":"wp","href":"https:\/\/api.w.org\/{rel}","templated":true}]}}