{"id":102578,"date":"2010-07-07T00:00:00","date_gmt":"2010-07-07T00:00:00","guid":{"rendered":"https:\/\/www.deberes.net\/tesis\/sin-categoria\/la-pola%c2%adtica-exterior-de-iran-de-jomeina%c2%ad-a-ahmadineyad-1979-2009-un-analisis-de-la-composicion-de-las-elites-y-unidades-de-decision\/"},"modified":"2010-07-07T00:00:00","modified_gmt":"2010-07-07T00:00:00","slug":"la-pola%c2%adtica-exterior-de-iran-de-jomeina%c2%ad-a-ahmadineyad-1979-2009-un-analisis-de-la-composicion-de-las-elites-y-unidades-de-decision","status":"publish","type":"post","link":"https:\/\/www.deberes.net\/tesis\/relaciones-internacionales\/la-pola%c2%adtica-exterior-de-iran-de-jomeina%c2%ad-a-ahmadineyad-1979-2009-un-analisis-de-la-composicion-de-las-elites-y-unidades-de-decision\/","title":{"rendered":"La pol\u00edtica exterior de ir\u00e1n, de jomein\u00ed a ahmadineyad (1979-2009): un an\u00e1lisis de la composici\u00f3n de las \u00e9lites y unidades de decisi\u00f3n"},"content":{"rendered":"<h2>Tesis doctoral de <strong> Luciano Zaccara Radice <\/strong><\/h2>\n<p>Desde el establecimiento de la rep\u00fablica isl\u00e1mica en ir\u00e1n en febrero de 1979, la pol\u00edtica exterior del pa\u00eds ha sido un \u00e1mbito de preocupaci\u00f3n e inter\u00e9s internacional, al igual que su evoluci\u00f3n pol\u00edtica interna. La necesidad de comprender y de prever los desarrollos en ambos \u00e1mbitos ha mantenido vigente la importancia de la investigaci\u00f3n sobre ir\u00e1n, lo cual se ha visto reflejado en los m\u00e1s variados foros acad\u00e9micos y gubernamentales. dicho inter\u00e9s est\u00e1, en primer lugar, justificado por la posici\u00f3n geoestrat\u00e9gica privilegiada de ir\u00e1n en una regi\u00f3n productora de petr\u00f3leo y en donde se concentran diversidad de tensiones regionales, \u00e9tnicas, religiosas y pol\u00edticas. Por otra parte, desde la revoluci\u00f3n isl\u00e1mica, los gobiernos vecinos y las grandes potencias con intereses estrat\u00e9gicos y de seguridad en la regi\u00f3n, se sintieron amenazados por la posible expansi\u00f3n de sus ideas revolucionarias a otros pa\u00edses de la zona. A ese temor, se sum\u00f3 la inquietud internacional por el desarrollo del programa nuclear iran\u00ed y por su papel en los conflictos regionales. consecuentemente, las implicaciones regionales e internacionales del establecimiento de la rep\u00fablica isl\u00e1mica en ir\u00e1n justifican la pertinencia y actualidad de esta investigaci\u00f3n, que analiza varios problemas presentes en la pol\u00edtica exterior iran\u00ed de los \u00faltimos treinta a\u00f1os. Estos problemas, planteados en forma de preguntas, son los siguientes: &#8211; \u00c2\u00bfqui\u00e9n gobierna la rep\u00fablica isl\u00e1mica de ir\u00e1n? \u00c2\u00bfcu\u00e1l es la estructura pol\u00edtica e institucional del estado iran\u00ed y c\u00f3mo se componen y circulan las \u00e9lites pol\u00edticas del pa\u00eds? &#8211; \u00c2\u00bfqu\u00e9 consecuencias produjo el establecimiento de la rep\u00fablica isl\u00e1mica en 1979 en el dise\u00f1o y la ejecuci\u00f3n de la pol\u00edtica exterior iran\u00ed? &#8211; \u00c2\u00bfqu\u00e9 implicaciones tuvo la muerte de ruhollah jomein\u00ed en 1989 para la pol\u00edtica exterior? 10 &#8211; \u00c2\u00bfse han producido variaciones en la orientaci\u00f3n exterior de ir\u00e1n durante los per\u00edodos presidenciales de mohamed jatam\u00ed (1997-2005) y mahmud ahmadineyad (2005-2009), a pesar de no haberse producido un cambio de r\u00e9gimen pol\u00edtico? &#8211; \u00c2\u00bfqu\u00e9 funci\u00f3n han tenido las elecciones presidenciales, tanto en relaci\u00f3n a la circulaci\u00f3n de las \u00e9lites pol\u00edticas como en relaci\u00f3n a los cambios y continuidades que se producen en la pol\u00edtica exterior de ir\u00e1n? &#8211; en definitiva, \u00c2\u00bfqu\u00e9 actores internos tienen influencia o capacidad de decisi\u00f3n en pol\u00edtica exterior? Y \u00c2\u00bfc\u00f3mo funciona el complejo institucionalizado de toma de decisiones en pol\u00edtica exterior, formal y no formal? en funci\u00f3n de estas preguntas planteadas, surgen tres hip\u00f3tesis centrales relacionadas entre ellas que se intentan demostrar en la presente tesis. La primera hip\u00f3tesis es que las l\u00edneas generales de la pol\u00edtica exterior iran\u00ed no se han modificado desde 1979 hasta la actualidad, pese al reacomodamiento de parte de la \u00e9lite pol\u00edtico-clerical y del mecanismo de toma de decisiones tras la muerte del ide\u00f3logo de la rep\u00fablica, ruhollah jomein\u00ed en 1989. la segunda hip\u00f3tesis es que, a partir de 1989, las decisiones en pol\u00edtica exterior han dependido de un mecanismo semi-formal compuesto de varios organismos estatales y con un m\u00ednimo de consenso de la \u00e9lite pol\u00edtica, y no de la voluntad exclusiva del poder ejecutivo, a pesar de haber sido ejercido por l\u00edderes carism\u00e1ticos como mohamed jatam\u00ed (1997-2005) y mahmud ahmadineyad (2005-2009). la tercera hip\u00f3tesis, que se deriva del anterior enunciado, es que los procesos electorales que han tenido lugar entre 1979 y 2009 no produjeron grandes cambios en los principios y l\u00edneas generales de la pol\u00edtica exterior iran\u00ed, ya que no han sido la fuente principal de recambio de las \u00e9lites pol\u00edticas del pa\u00eds, y por lo tanto, tanto s\u00f3lo han tenido como efecto un ajuste en la orientaci\u00f3n exterior. durante el primer periodo de la rep\u00fablica, las opiniones del l\u00edder espiritual ayatollah ruhollah jomein\u00ed defin\u00edan en gran medida las decisiones que se tomaban en pol\u00edtica exterior. Sin embargo, tras su muerte en 1989, el proceso de consolidaci\u00f3n de las instituciones dio paso a un reacomodamiento del sistema con el establecimiento de un mecanismo de toma de decisiones en pol\u00edtica exterior. De este modo se institucionalizaba el faccionalismo de la \u00e9lite pol\u00edtico-clerical del pa\u00eds. La pol\u00edtica exterior dej\u00f3 de ser un \u00e1mbito exclusivo del jefe de estado (l\u00edder espiritual) para pasar a ser un \u00e1mbito de 11 decisi\u00f3n colectiva entre los principales referentes pol\u00edticos. Dicho mecanismo ha demostrado ser funcional para el mantenimiento de una pol\u00edtica exterior estable desde 1989 hasta 2009. Al hablar de estabilidad no nos referimos a ausencia de relaciones conflictivas con otros actores internacionales, sino a la continuidad de las l\u00edneas de acci\u00f3n generales ejecutadas por los sucesivos gobiernos bajo los preceptos ideol\u00f3gicos de jomein\u00ed. la llegada del ayatollah mohamed jatam\u00ed a la presidencia del pa\u00eds en 1997 gener\u00f3 muchas expectativas en cuanto a los cambios que podr\u00edan darse en el comportamiento exterior de ir\u00e1n, habida cuenta de las conflictivas relaciones que ir\u00e1n hab\u00eda tenido con los estados vecinos, europa y estados unidos en la primer d\u00e9cada revolucionaria. Sin embargo, a pesar del estilo diplom\u00e1tico dialogante y aperturista implementado por jatam\u00ed, las limitaciones impuestas por el sistema pol\u00edtico y el contexto internacional hicieron que aquellos cambios no se consolidaran. La llegada de mahmud ahmadineyad a la presidencia en 2005 produjo un recrudecimiento de la tensi\u00f3n internacional, ante el estilo menos dialogante y ultra-conservador del nuevo presidente, m\u00e1s all\u00e1 de que no se hayan evidenciado cambios profundos en la pol\u00edtica exterior iran\u00ed analizada en su conjunto. Ambas presidencias son ejemplos similares de la limitada incidencia que la jefatura de gobierno electiva ejerce sobre el dise\u00f1o de la pol\u00edtica exterior. as\u00ed, teniendo en cuenta los cambios de r\u00e9gimen y de gobierno y el cambiante e inestable contexto regional e internacional en el que ir\u00e1n se ha desenvuelto entre 1979 y 2009, pretendemos mostrar la importancia de la incidencia de los factores dom\u00e9sticos en la pol\u00edtica exterior iran\u00ed, centr\u00e1ndonos principalmente en el estudio de los mecanismos de toma de decisiones en la pol\u00edtica exterior, desde la perspectiva de la composici\u00f3n de las \u00e9lites y formaci\u00f3n de unidades de decisi\u00f3n durante todo el per\u00edodo. la caracter\u00edstica facciosa del sistema pol\u00edtico iran\u00ed, con una \u00e9lite pol\u00edtica concentrada en el clero shi\u00ed otorga mucho m\u00e1s inter\u00e9s al an\u00e1lisis del papel que los mismos tienen en la estructura del estado y de las instituciones vinculadas a la elaboraci\u00f3n y ejecuci\u00f3n de la pol\u00edtica exterior iran\u00ed. Es decir, al funcionamiento del mecanismo de toma de decisiones consolidado a partir de 1989. Este mecanismo ha sido en parte responsable de que el sistema pol\u00edtico se haya mantenido estable hasta la actualidad, a pesar de los diversos desaf\u00edos internos y externos que ha afrontado, ya sea a  trav\u00e9s del ascenso de reformistas o ultraconservadores o a trav\u00e9s de guerras en las fronteras iran\u00edes y o de sanciones internacionales. Asimismo, ha servido para dirimir diferencias internas entre los miembros de la \u00e9lite clerical, permitiendo de esta manera la supervivencia del grupo dominante en la c\u00faspide del sistema pol\u00edtico. Las variaciones en la composici\u00f3n de las unidades decisorias dependen de la correlaci\u00f3n de fuerzas existente entre las diversas facciones aceptadas por el sistema, influyendo en la implementaci\u00f3n y ejecuci\u00f3n de las decisiones de pol\u00edtica exterior. En este sentido, los procesos electorales han sido importantes en la configuraci\u00f3n de la presidencia, el parlamento pero no en la del liderazgo, el consejo de discernimiento, el consejo de seguridad nacional y el consejo de guardianes, pues su composici\u00f3n no se decide a trav\u00e9s de elecciones. en definitiva, y m\u00e1s all\u00e1 de estudiar el rol de ir\u00e1n en el sistema internacional, la presente investigaci\u00f3n analiza los mecanismos formales e informales de toma de decisiones en inciden en el dise\u00f1o y ejecuci\u00f3n de la pol\u00edtica exterior de ir\u00e1n, por lo que constituye una importante aportaci\u00f3n para los estudios especializados en ir\u00e1n.<\/p>\n<p>&nbsp;<\/p>\n<h3>Datos acad\u00e9micos de la tesis doctoral \u00ab<strong>La pol\u00edtica exterior de ir\u00e1n, de jomein\u00ed a ahmadineyad (1979-2009): un an\u00e1lisis de la composici\u00f3n de las \u00e9lites y unidades de decisi\u00f3n<\/strong>\u00ab<\/h3>\n<ul>\n<li><strong>T\u00edtulo de la tesis:<\/strong>\u00a0 La pol\u00edtica exterior de ir\u00e1n, de jomein\u00ed a ahmadineyad (1979-2009): un an\u00e1lisis de la composici\u00f3n de las \u00e9lites y unidades de decisi\u00f3n <\/li>\n<li><strong>Autor:<\/strong>\u00a0 Luciano Zaccara Radice <\/li>\n<li><strong>Universidad:<\/strong>\u00a0 Aut\u00f3noma de Madrid<\/li>\n<li><strong>Fecha de lectura de la tesis:<\/strong>\u00a0 07\/07\/2010<\/li>\n<\/ul>\n<p>&nbsp;<\/p>\n<h3>Direcci\u00f3n y tribunal<\/h3>\n<ul>\n<li><strong>Director de la tesis<\/strong>\n<ul>\n<li>Laura Feliu Mart\u00ednez<\/li>\n<\/ul>\n<\/li>\n<li><strong>Tribunal<\/strong>\n<ul>\n<li>Presidente del tribunal: bernab\u00e9 L\u00f3pez Garc\u00eda <\/li>\n<li>ferran Izquierdo brichs (vocal)<\/li>\n<li>Javier Franz\u00e9 mudan\u00f3 (vocal)<\/li>\n<li>nicolas Alberto Cantera glera (vocal)<\/li>\n<\/ul>\n<\/li>\n<\/ul>\n<p>&nbsp;<\/p>\n","protected":false},"excerpt":{"rendered":"<p>Tesis doctoral de Luciano Zaccara Radice Desde el establecimiento de la rep\u00fablica isl\u00e1mica en ir\u00e1n en febrero de 1979, la [&hellip;]<\/p>\n","protected":false},"author":1,"featured_media":0,"comment_status":"open","ping_status":"open","sticky":false,"template":"","format":"standard","meta":{"site-sidebar-layout":"default","site-content-layout":"","ast-site-content-layout":"","site-content-style":"default","site-sidebar-style":"default","ast-global-header-display":"","ast-banner-title-visibility":"","ast-main-header-display":"","ast-hfb-above-header-display":"","ast-hfb-below-header-display":"","ast-hfb-mobile-header-display":"","site-post-title":"","ast-breadcrumbs-content":"","ast-featured-img":"","footer-sml-layout":"","theme-transparent-header-meta":"","adv-header-id-meta":"","stick-header-meta":"","header-above-stick-meta":"","header-main-stick-meta":"","header-below-stick-meta":"","astra-migrate-meta-layouts":"default","ast-page-background-enabled":"default","ast-page-background-meta":{"desktop":{"background-color":"var(--ast-global-color-4)","background-image":"","background-repeat":"repeat","background-position":"center center","background-size":"auto","background-attachment":"scroll","background-type":"","background-media":"","overlay-type":"","overlay-color":"","overlay-gradient":""},"tablet":{"background-color":"","background-image":"","background-repeat":"repeat","background-position":"center center","background-size":"auto","background-attachment":"scroll","background-type":"","background-media":"","overlay-type":"","overlay-color":"","overlay-gradient":""},"mobile":{"background-color":"","background-image":"","background-repeat":"repeat","background-position":"center center","background-size":"auto","background-attachment":"scroll","background-type":"","background-media":"","overlay-type":"","overlay-color":"","overlay-gradient":""}},"ast-content-background-meta":{"desktop":{"background-color":"var(--ast-global-color-5)","background-image":"","background-repeat":"repeat","background-position":"center center","background-size":"auto","background-attachment":"scroll","background-type":"","background-media":"","overlay-type":"","overlay-color":"","overlay-gradient":""},"tablet":{"background-color":"var(--ast-global-color-5)","background-image":"","background-repeat":"repeat","background-position":"center center","background-size":"auto","background-attachment":"scroll","background-type":"","background-media":"","overlay-type":"","overlay-color":"","overlay-gradient":""},"mobile":{"background-color":"var(--ast-global-color-5)","background-image":"","background-repeat":"repeat","background-position":"center center","background-size":"auto","background-attachment":"scroll","background-type":"","background-media":"","overlay-type":"","overlay-color":"","overlay-gradient":""}},"footnotes":""},"categories":[6334,4073],"tags":[5650,58683,208033,62648,208032,94330],"class_list":["post-102578","post","type-post","status-publish","format-standard","hentry","category-derecho-internacional-publico","category-relaciones-internacionales","tag-bernabe-lopez-garcia","tag-ferran-izquierdo-brichs","tag-javier-franze-mudano","tag-laura-feliu-Martinez","tag-luciano-zaccara-radice","tag-nicolas-alberto-cantera-glera"],"_links":{"self":[{"href":"https:\/\/www.deberes.net\/tesis\/wp-json\/wp\/v2\/posts\/102578","targetHints":{"allow":["GET"]}}],"collection":[{"href":"https:\/\/www.deberes.net\/tesis\/wp-json\/wp\/v2\/posts"}],"about":[{"href":"https:\/\/www.deberes.net\/tesis\/wp-json\/wp\/v2\/types\/post"}],"author":[{"embeddable":true,"href":"https:\/\/www.deberes.net\/tesis\/wp-json\/wp\/v2\/users\/1"}],"replies":[{"embeddable":true,"href":"https:\/\/www.deberes.net\/tesis\/wp-json\/wp\/v2\/comments?post=102578"}],"version-history":[{"count":0,"href":"https:\/\/www.deberes.net\/tesis\/wp-json\/wp\/v2\/posts\/102578\/revisions"}],"wp:attachment":[{"href":"https:\/\/www.deberes.net\/tesis\/wp-json\/wp\/v2\/media?parent=102578"}],"wp:term":[{"taxonomy":"category","embeddable":true,"href":"https:\/\/www.deberes.net\/tesis\/wp-json\/wp\/v2\/categories?post=102578"},{"taxonomy":"post_tag","embeddable":true,"href":"https:\/\/www.deberes.net\/tesis\/wp-json\/wp\/v2\/tags?post=102578"}],"curies":[{"name":"wp","href":"https:\/\/api.w.org\/{rel}","templated":true}]}}