{"id":102642,"date":"2010-09-07T00:00:00","date_gmt":"2010-09-07T00:00:00","guid":{"rendered":"https:\/\/www.deberes.net\/tesis\/sin-categoria\/caracterizacion-molecular-de-aislados-de-mycobacterium-avium-subespecie-paratuberculosis-mapa-epidemiologico-en-espana\/"},"modified":"2010-09-07T00:00:00","modified_gmt":"2010-09-07T00:00:00","slug":"caracterizacion-molecular-de-aislados-de-mycobacterium-avium-subespecie-paratuberculosis-mapa-epidemiologico-en-espana","status":"publish","type":"post","link":"https:\/\/www.deberes.net\/tesis\/sin-categoria\/caracterizacion-molecular-de-aislados-de-mycobacterium-avium-subespecie-paratuberculosis-mapa-epidemiologico-en-espana\/","title":{"rendered":"Caracterizaci\u00f3n molecular de aislados de mycobacterium avium subespecie paratuberculosis. mapa epidemiol\u00f3gico en espa\u00f1a."},"content":{"rendered":"<h2>Tesis doctoral de <strong> Elena Castellanos Rizaldos <\/strong><\/h2>\n<p>La paratuberculosis o enfermedad de johne es una enfermedad cr\u00f3nica granulomatosa que afecta principalmente al aparato digestivo de rumiantes dom\u00e9sticos, aunque la infecci\u00f3n puede presentarse adem\u00e1s en otras especies. El agente etiol\u00f3gico est\u00e1 inclui do dentro del complejo mycobacterium avium y se denomina m. A. Paratuberculosis. el objetivo del trabajo presentado en esta tesis se basa en el desarrollo y aplicaci\u00f3n de nuevas herramientas de caracterizaci\u00f3n molecular r\u00e1pidas aplicadas a m. A. Para tuberculosis; focalizadas en la descripci\u00f3n y el empleo de estas nuevas metodolog\u00edas para caracterizar los aislados de crecimiento m\u00e1s lento (tipos i y iii). Todos estos estudios se enmarcaron dentro de dos proyectos, agl2005-07792 (ministerio de cie ncia e innovaci\u00f3n de espa\u00f1a) y paratbtools fp6-2004-food-3b-023106 (uni\u00f3n europea).  mediante las t\u00e9cnicas moleculares tradicionales, actualmente empleadas, como pfge e is900-rflp las cepas de m. A. Paratuberculosis se dividen en tres tipos; tipo i ( tambi\u00e9n denominado \u00c2\u00bfovino\u00c2\u00bf), ii (\u00c2\u00bfbovino\u00c2\u00bf) y iii (\u00c2\u00bfintermedio\u00c2\u00bf). Sin embargo, cabe destacar que la caracterizaci\u00f3n molecular de algunos aislados y en especial los de crecimiento m\u00e1s lento (tipos i y iii) mediante estas t\u00e9cnicas no puede ser realizada  debido a los requerimientos de adn necesarios para llevarlas a cabo (tanto en calidad como en cantidad). Adem\u00e1s, estas t\u00e9cnicas destacan por su complejidad y por lo tanto son dif\u00edciles de aplicar de manera rutinaria en la caracterizaci\u00f3n molecular d e m. A. Paratuberculosis. la necesidad del desarrollo de nuevas t\u00e9cnicas moleculares r\u00e1pidas, menos laboriosas y costosas capaces de discriminar entre los tres tipos de cepas de m. A. Paratuberculosis nos dirigi\u00f3 a esta l\u00ednea de trabajo. Por este mot ivo comenzamos con el dise\u00f1o de t\u00e9cnicas de pcrs para amplificar genes de expresi\u00f3n constitutiva (house-keeping genes) que posteriormente se secuenciaron para hallar diferencias espec\u00edficas \u00fanicas para cada uno de los tres grupos de cepas. De \u00e9stos, los genes gyra y gyrb, topoisomerasas implicadas en la regulaci\u00f3n de la estructura helicoidal del adn, presentaron snps espec\u00edficos de cada tipo (i, ii y iii). Al mismo tiempo, uno de los snps del gen gyrb en las cepas del tipo iii presentaba una sec uencia de reconocimiento para la enzima de restricci\u00f3n hpy188iii. La restricci\u00f3n enzim\u00e1tica de las cepas de tipo iii (gen\u00e9ticamente y fenot\u00edpicamente hasta la fecha \u00fanicamente diferenciables de las del tipo i mediante pfge e is900-rflp) eran distingu<\/p>\n<p>&nbsp;<\/p>\n<h3>Datos acad\u00e9micos de la tesis doctoral \u00ab<strong>Caracterizaci\u00f3n molecular de aislados de mycobacterium avium subespecie paratuberculosis. mapa epidemiol\u00f3gico en espa\u00f1a.<\/strong>\u00ab<\/h3>\n<ul>\n<li><strong>T\u00edtulo de la tesis:<\/strong>\u00a0 Caracterizaci\u00f3n molecular de aislados de mycobacterium avium subespecie paratuberculosis. mapa epidemiol\u00f3gico en espa\u00f1a. <\/li>\n<li><strong>Autor:<\/strong>\u00a0 Elena Castellanos Rizaldos <\/li>\n<li><strong>Universidad:<\/strong>\u00a0 Complutense de Madrid<\/li>\n<li><strong>Fecha de lectura de la tesis:<\/strong>\u00a0 09\/07\/2010<\/li>\n<\/ul>\n<p>&nbsp;<\/p>\n<h3>Direcci\u00f3n y tribunal<\/h3>\n<ul>\n<li><strong>Director de la tesis<\/strong>\n<ul>\n<li>Alicia Aranaz Mart\u00edn<\/li>\n<\/ul>\n<\/li>\n<li><strong>Tribunal<\/strong>\n<ul>\n<li>Presidente del tribunal: Jos\u00e9 Francisco Fernandez-garayzabal fernandez <\/li>\n<li>douwe Bakker (vocal)<\/li>\n<li>valentin Perez perez (vocal)<\/li>\n<li>ivo Paylik (vocal)<\/li>\n<\/ul>\n<\/li>\n<\/ul>\n<p>&nbsp;<\/p>\n","protected":false},"excerpt":{"rendered":"<p>Tesis doctoral de Elena Castellanos Rizaldos La paratuberculosis o enfermedad de johne es una enfermedad cr\u00f3nica granulomatosa que afecta principalmente [&hellip;]<\/p>\n","protected":false},"author":1,"featured_media":0,"comment_status":"open","ping_status":"open","sticky":false,"template":"","format":"standard","meta":{"site-sidebar-layout":"default","site-content-layout":"","ast-site-content-layout":"","site-content-style":"default","site-sidebar-style":"default","ast-global-header-display":"","ast-banner-title-visibility":"","ast-main-header-display":"","ast-hfb-above-header-display":"","ast-hfb-below-header-display":"","ast-hfb-mobile-header-display":"","site-post-title":"","ast-breadcrumbs-content":"","ast-featured-img":"","footer-sml-layout":"","theme-transparent-header-meta":"","adv-header-id-meta":"","stick-header-meta":"","header-above-stick-meta":"","header-main-stick-meta":"","header-below-stick-meta":"","astra-migrate-meta-layouts":"default","ast-page-background-enabled":"default","ast-page-background-meta":{"desktop":{"background-color":"var(--ast-global-color-4)","background-image":"","background-repeat":"repeat","background-position":"center center","background-size":"auto","background-attachment":"scroll","background-type":"","background-media":"","overlay-type":"","overlay-color":"","overlay-gradient":""},"tablet":{"background-color":"","background-image":"","background-repeat":"repeat","background-position":"center center","background-size":"auto","background-attachment":"scroll","background-type":"","background-media":"","overlay-type":"","overlay-color":"","overlay-gradient":""},"mobile":{"background-color":"","background-image":"","background-repeat":"repeat","background-position":"center center","background-size":"auto","background-attachment":"scroll","background-type":"","background-media":"","overlay-type":"","overlay-color":"","overlay-gradient":""}},"ast-content-background-meta":{"desktop":{"background-color":"var(--ast-global-color-5)","background-image":"","background-repeat":"repeat","background-position":"center center","background-size":"auto","background-attachment":"scroll","background-type":"","background-media":"","overlay-type":"","overlay-color":"","overlay-gradient":""},"tablet":{"background-color":"var(--ast-global-color-5)","background-image":"","background-repeat":"repeat","background-position":"center center","background-size":"auto","background-attachment":"scroll","background-type":"","background-media":"","overlay-type":"","overlay-color":"","overlay-gradient":""},"mobile":{"background-color":"var(--ast-global-color-5)","background-image":"","background-repeat":"repeat","background-position":"center center","background-size":"auto","background-attachment":"scroll","background-type":"","background-media":"","overlay-type":"","overlay-color":"","overlay-gradient":""}},"footnotes":""},"categories":[1],"tags":[208138,137337,208137,208139,189635,39448],"class_list":["post-102642","post","type-post","status-publish","format-standard","hentry","category-sin-categoria","tag-alicia-aranaz-martin","tag-douwe-bakker","tag-elena-castellanos-rizaldos","tag-ivo-paylik","tag-jose-francisco-fernandez-garayzabal-fernandez","tag-valentin-perez-perez"],"_links":{"self":[{"href":"https:\/\/www.deberes.net\/tesis\/wp-json\/wp\/v2\/posts\/102642","targetHints":{"allow":["GET"]}}],"collection":[{"href":"https:\/\/www.deberes.net\/tesis\/wp-json\/wp\/v2\/posts"}],"about":[{"href":"https:\/\/www.deberes.net\/tesis\/wp-json\/wp\/v2\/types\/post"}],"author":[{"embeddable":true,"href":"https:\/\/www.deberes.net\/tesis\/wp-json\/wp\/v2\/users\/1"}],"replies":[{"embeddable":true,"href":"https:\/\/www.deberes.net\/tesis\/wp-json\/wp\/v2\/comments?post=102642"}],"version-history":[{"count":0,"href":"https:\/\/www.deberes.net\/tesis\/wp-json\/wp\/v2\/posts\/102642\/revisions"}],"wp:attachment":[{"href":"https:\/\/www.deberes.net\/tesis\/wp-json\/wp\/v2\/media?parent=102642"}],"wp:term":[{"taxonomy":"category","embeddable":true,"href":"https:\/\/www.deberes.net\/tesis\/wp-json\/wp\/v2\/categories?post=102642"},{"taxonomy":"post_tag","embeddable":true,"href":"https:\/\/www.deberes.net\/tesis\/wp-json\/wp\/v2\/tags?post=102642"}],"curies":[{"name":"wp","href":"https:\/\/api.w.org\/{rel}","templated":true}]}}