{"id":102653,"date":"2010-09-07T00:00:00","date_gmt":"2010-09-07T00:00:00","guid":{"rendered":"https:\/\/www.deberes.net\/tesis\/sin-categoria\/calidad-de-vida-en-la-enfermedad-de-alzheimer\/"},"modified":"2010-09-07T00:00:00","modified_gmt":"2010-09-07T00:00:00","slug":"calidad-de-vida-en-la-enfermedad-de-alzheimer","status":"publish","type":"post","link":"https:\/\/www.deberes.net\/tesis\/neurologia\/calidad-de-vida-en-la-enfermedad-de-alzheimer\/","title":{"rendered":"Calidad de vida en la enfermedad de alzheimer"},"content":{"rendered":"<h2>Tesis doctoral de <strong> Mar\u00eda Gomez Gallego <\/strong><\/h2>\n<p>Actualmente, en los pa\u00edses desarrollados, en relaci\u00f3n con el progresivo envejecimiento de la poblaci\u00f3n, se est\u00e1 observando un acusado aumento en el n\u00famero de pacientes con demencia, siendo su etiolog\u00eda m\u00e1s frecuente la enfermedad de alzheimer. La finalidad de los cuidados y recursos sociosanitarios que se dedican a estos pacientes es mejorar su calidad de vida. Por tanto, la medici\u00f3n de la misma es imprescindible en la valoraci\u00f3n de la eficacia de cualquier intervenci\u00f3n terap\u00e9utica y en la organizaci\u00f3n del proceder asistencial. Aunque existen diversas definiciones de lo que debiera entenderse por calidad de vida, hay cierto acuerdo entre los investigadores de que implica una evaluaci\u00f3n subjetiva global realizada por la persona junto a valoraciones de distintos aspectos (f\u00edsicos, psicol\u00f3gicos, sociales) de su vida. En este trabajo se estudiaron las propiedades psicom\u00e9tricas de la escala qol-ad en la poblaci\u00f3n espa\u00f1ola, el acuerdo entre las valoraciones sobre la calidad de vida que realizan pacientes, cuidadores y profesionales, y las repercusiones que diferentes s\u00edntomas cl\u00ednicos de los pacientes y caracter\u00edsticas de los cuidadores ejercen sobre la calidad de vida. Seg\u00fan nuestros resultados la escala qol-ad cumple los requisitos psicom\u00e9tricos para la administraci\u00f3n a pacientes con demencia en fase leve-moderada. Los pacientes realizan valoraciones m\u00e1s positivas sobre su calidad de vida que cuidadores y profesionales. El acuerdo entre observadores no es alto, vi\u00e9ndose afectado por la sintomatolog\u00eda neuropsiqui\u00e1trica de los pacientes y la sobrecarga de los cuidadores. El factor m\u00e1s importante y consistente que disminuye la calidad de vida de los pacientes es la severidad de sus s\u00edntomas depresivos. La influencia de otros s\u00edntomas neuropsiqui\u00e1tricos, la discapacidad funcional, la sobrecarga y la toma de neurol\u00e9pticos difiere entre los distintos observadores, lo que confirma la existencia de diferentes perspectivas sobre este constructo.<\/p>\n<p>&nbsp;<\/p>\n<h3>Datos acad\u00e9micos de la tesis doctoral \u00ab<strong>Calidad de vida en la enfermedad de alzheimer<\/strong>\u00ab<\/h3>\n<ul>\n<li><strong>T\u00edtulo de la tesis:<\/strong>\u00a0 Calidad de vida en la enfermedad de alzheimer <\/li>\n<li><strong>Autor:<\/strong>\u00a0 Mar\u00eda Gomez Gallego <\/li>\n<li><strong>Universidad:<\/strong>\u00a0 Murcia<\/li>\n<li><strong>Fecha de lectura de la tesis:<\/strong>\u00a0 09\/07\/2010<\/li>\n<\/ul>\n<p>&nbsp;<\/p>\n<h3>Direcci\u00f3n y tribunal<\/h3>\n<ul>\n<li><strong>Director de la tesis<\/strong>\n<ul>\n<li>Manuel Ato Garcia<\/li>\n<\/ul>\n<\/li>\n<li><strong>Tribunal<\/strong>\n<ul>\n<li>Presidente del tribunal: aurelio Luna maldonado <\/li>\n<li>alicia Salvador fernandez montejo (vocal)<\/li>\n<li>Mar\u00eda  angeles Palacios sanchez (vocal)<\/li>\n<li>Emilio Sanchez-cantalejo ramirez (vocal)<\/li>\n<\/ul>\n<\/li>\n<\/ul>\n<p>&nbsp;<\/p>\n","protected":false},"excerpt":{"rendered":"<p>Tesis doctoral de Mar\u00eda Gomez Gallego Actualmente, en los pa\u00edses desarrollados, en relaci\u00f3n con el progresivo envejecimiento de la poblaci\u00f3n, [&hellip;]<\/p>\n","protected":false},"author":1,"featured_media":0,"comment_status":"open","ping_status":"open","sticky":false,"template":"","format":"standard","meta":{"site-sidebar-layout":"default","site-content-layout":"","ast-site-content-layout":"","site-content-style":"default","site-sidebar-style":"default","ast-global-header-display":"","ast-banner-title-visibility":"","ast-main-header-display":"","ast-hfb-above-header-display":"","ast-hfb-below-header-display":"","ast-hfb-mobile-header-display":"","site-post-title":"","ast-breadcrumbs-content":"","ast-featured-img":"","footer-sml-layout":"","theme-transparent-header-meta":"","adv-header-id-meta":"","stick-header-meta":"","header-above-stick-meta":"","header-main-stick-meta":"","header-below-stick-meta":"","astra-migrate-meta-layouts":"default","ast-page-background-enabled":"default","ast-page-background-meta":{"desktop":{"background-color":"var(--ast-global-color-4)","background-image":"","background-repeat":"repeat","background-position":"center center","background-size":"auto","background-attachment":"scroll","background-type":"","background-media":"","overlay-type":"","overlay-color":"","overlay-gradient":""},"tablet":{"background-color":"","background-image":"","background-repeat":"repeat","background-position":"center center","background-size":"auto","background-attachment":"scroll","background-type":"","background-media":"","overlay-type":"","overlay-color":"","overlay-gradient":""},"mobile":{"background-color":"","background-image":"","background-repeat":"repeat","background-position":"center center","background-size":"auto","background-attachment":"scroll","background-type":"","background-media":"","overlay-type":"","overlay-color":"","overlay-gradient":""}},"ast-content-background-meta":{"desktop":{"background-color":"var(--ast-global-color-5)","background-image":"","background-repeat":"repeat","background-position":"center center","background-size":"auto","background-attachment":"scroll","background-type":"","background-media":"","overlay-type":"","overlay-color":"","overlay-gradient":""},"tablet":{"background-color":"var(--ast-global-color-5)","background-image":"","background-repeat":"repeat","background-position":"center center","background-size":"auto","background-attachment":"scroll","background-type":"","background-media":"","overlay-type":"","overlay-color":"","overlay-gradient":""},"mobile":{"background-color":"var(--ast-global-color-5)","background-image":"","background-repeat":"repeat","background-position":"center center","background-size":"auto","background-attachment":"scroll","background-type":"","background-media":"","overlay-type":"","overlay-color":"","overlay-gradient":""}},"footnotes":""},"categories":[19815,8235,4275,1880],"tags":[26927,3274,58484,8594,25141,208155],"class_list":["post-102653","post","type-post","status-publish","format-standard","hentry","category-calidad-de-vida","category-murcia","category-neurociencias","category-neurologia","tag-alicia-salvador-fernandez-montejo","tag-aurelio-luna-maldonado","tag-emilio-sanchez-cantalejo-ramirez","tag-manuel-ato-garcia","tag-maria-angeles-palacios-sanchez","tag-maria-gomez-gallego"],"_links":{"self":[{"href":"https:\/\/www.deberes.net\/tesis\/wp-json\/wp\/v2\/posts\/102653","targetHints":{"allow":["GET"]}}],"collection":[{"href":"https:\/\/www.deberes.net\/tesis\/wp-json\/wp\/v2\/posts"}],"about":[{"href":"https:\/\/www.deberes.net\/tesis\/wp-json\/wp\/v2\/types\/post"}],"author":[{"embeddable":true,"href":"https:\/\/www.deberes.net\/tesis\/wp-json\/wp\/v2\/users\/1"}],"replies":[{"embeddable":true,"href":"https:\/\/www.deberes.net\/tesis\/wp-json\/wp\/v2\/comments?post=102653"}],"version-history":[{"count":0,"href":"https:\/\/www.deberes.net\/tesis\/wp-json\/wp\/v2\/posts\/102653\/revisions"}],"wp:attachment":[{"href":"https:\/\/www.deberes.net\/tesis\/wp-json\/wp\/v2\/media?parent=102653"}],"wp:term":[{"taxonomy":"category","embeddable":true,"href":"https:\/\/www.deberes.net\/tesis\/wp-json\/wp\/v2\/categories?post=102653"},{"taxonomy":"post_tag","embeddable":true,"href":"https:\/\/www.deberes.net\/tesis\/wp-json\/wp\/v2\/tags?post=102653"}],"curies":[{"name":"wp","href":"https:\/\/api.w.org\/{rel}","templated":true}]}}