{"id":102719,"date":"2010-09-07T00:00:00","date_gmt":"2010-09-07T00:00:00","guid":{"rendered":"https:\/\/www.deberes.net\/tesis\/sin-categoria\/habitos-de-vida-y-factores-psicologicos-durante-la-adolescencia-y-juventud-en-la-comunidad-autonoma-del-paa%c2%ads-vasco\/"},"modified":"2010-09-07T00:00:00","modified_gmt":"2010-09-07T00:00:00","slug":"habitos-de-vida-y-factores-psicologicos-durante-la-adolescencia-y-juventud-en-la-comunidad-autonoma-del-paa%c2%ads-vasco","status":"publish","type":"post","link":"https:\/\/www.deberes.net\/tesis\/psicopatologia\/habitos-de-vida-y-factores-psicologicos-durante-la-adolescencia-y-juventud-en-la-comunidad-autonoma-del-paa%c2%ads-vasco\/","title":{"rendered":"H\u00e1bitos de vida y factores psicol\u00f3gicos durante la adolescencia y juventud en la comunidad aut\u00f3noma del pa\u00eds vasco"},"content":{"rendered":"<h2>Tesis doctoral de <strong> Marta Arrue Mauleon <\/strong><\/h2>\n<p>El prop\u00f3sito de este estudio es describir y analizar los h\u00e1bitos de vida durante la adolescencia (13-17 a\u00f1os) y la juventud (18-26 a\u00f1os) en una muestra de la comunidad aut\u00f3noma del pa\u00eds vasco (capv), comparando si existen diferencias en funci\u00f3n de la edad y el sexo. Complementariamente, se exploran las relaciones existentes entre los h\u00e1bitos de vida (ejercicio f\u00edsico, alimentaci\u00f3n, consumo de tabaco, alcohol, drogas, sexualidad y sue\u00f1o), y algunos factores psicol\u00f3gicos y psicopatol\u00f3gicos: bienestar psicol\u00f3gico y material, autoconcepto, satisfacci\u00f3n corporal, s\u00edntomas psicopatol\u00f3gicos e insatisfacci\u00f3n con el modelo est\u00e9tico corporal  predominante socialmente. Se ha utilizado una muestra de 2.018 adolescentes y j\u00f3venes (825 hombres y 1.193 mujeres). Los participantes han cumplimentado 6 instrumentos de evaluaci\u00f3n con garant\u00edas psicom\u00e9tricas adecuadas. Se han realizado an\u00e1lisis descriptivos y de comparaci\u00f3n de medias (2, t de student y anova) con la finalidad de analizar diferencias en los h\u00e1bitos de vida en funci\u00f3n del sexo y la edad y an\u00e1lisis correlacionales (pearson, spearman) entre cada una de las variables de los h\u00e1bitos de vida y los factores psicol\u00f3gicos y psicopatol\u00f3gicos exploradas. Los resultados obtenidos muestran: 1) la percepci\u00f3n subjetiva que tienen de su salud la mayor parte de los adolescentes y j\u00f3venes es que est\u00e1n sanos. Los hombres perciben que su salud es mejor que la de las mujeres y los adolescentes mejor que la de los j\u00f3venes; 2) los h\u00e1bitos de vida de la juventud no son todo lo saludable que se esperaba. Los hombres informan de que tienen h\u00e1bitos de vida m\u00e1s saludables que las mujeres y los adolescentes m\u00e1s que los j\u00f3venes; 3) la percepci\u00f3n subjetiva que tiene la juventud de tener unos h\u00e1bitos de vida saludables no corresponde con la realidad; 4) el estado de salud percibido de las personas no determina c\u00f3mo son sus h\u00e1bitos de vida; 5) ha quedado demostrada la tendencia de los factores de riesgo a asociarse simult\u00e1neamente (sedentarismo, dietas poco equilibradas, consumo de alcohol, tabaco y drogas, conductas sexuales de riesgo y sue\u00f1o inadecuado); 6) existe una asociaci\u00f3n entre tener h\u00e1bitos de vida saludables, mostrar altos niveles de bienestar psicol\u00f3gico, as\u00ed como pocos s\u00edntomas psicopatol\u00f3gicos. La discusi\u00f3n se centra en la necesidad de promocionar h\u00e1bitos de vida saludables entre la juventud de la capv y de no tratar los h\u00e1bitos de vida como conductas aisladas.<\/p>\n<p>&nbsp;<\/p>\n<h3>Datos acad\u00e9micos de la tesis doctoral \u00ab<strong>H\u00e1bitos de vida y factores psicol\u00f3gicos durante la adolescencia y juventud en la comunidad aut\u00f3noma del pa\u00eds vasco<\/strong>\u00ab<\/h3>\n<ul>\n<li><strong>T\u00edtulo de la tesis:<\/strong>\u00a0 H\u00e1bitos de vida y factores psicol\u00f3gicos durante la adolescencia y juventud en la comunidad aut\u00f3noma del pa\u00eds vasco <\/li>\n<li><strong>Autor:<\/strong>\u00a0 Marta Arrue Mauleon <\/li>\n<li><strong>Universidad:<\/strong>\u00a0 Pa\u00eds vasco\/euskal herriko unibertsitatea<\/li>\n<li><strong>Fecha de lectura de la tesis:<\/strong>\u00a0 09\/07\/2010<\/li>\n<\/ul>\n<p>&nbsp;<\/p>\n<h3>Direcci\u00f3n y tribunal<\/h3>\n<ul>\n<li><strong>Director de la tesis<\/strong>\n<ul>\n<li>Maite Garaigord\u00f3bil Landaz\u00e1bal<\/li>\n<\/ul>\n<\/li>\n<li><strong>Tribunal<\/strong>\n<ul>\n<li>Presidente del tribunal: Mar\u00eda Forns santacana <\/li>\n<li>Juan  Antonio Amador campos (vocal)<\/li>\n<li>Mar\u00eda  del remedio Gonz\u00e1lez barron (vocal)<\/li>\n<li>carmen Martorell pallas (vocal)<\/li>\n<\/ul>\n<\/li>\n<\/ul>\n<p>&nbsp;<\/p>\n","protected":false},"excerpt":{"rendered":"<p>Tesis doctoral de Marta Arrue Mauleon El prop\u00f3sito de este estudio es describir y analizar los h\u00e1bitos de vida durante [&hellip;]<\/p>\n","protected":false},"author":1,"featured_media":0,"comment_status":"open","ping_status":"open","sticky":false,"template":"","format":"standard","meta":{"site-sidebar-layout":"default","site-content-layout":"","ast-site-content-layout":"","site-content-style":"default","site-sidebar-style":"default","ast-global-header-display":"","ast-banner-title-visibility":"","ast-main-header-display":"","ast-hfb-above-header-display":"","ast-hfb-below-header-display":"","ast-hfb-mobile-header-display":"","site-post-title":"","ast-breadcrumbs-content":"","ast-featured-img":"","footer-sml-layout":"","theme-transparent-header-meta":"","adv-header-id-meta":"","stick-header-meta":"","header-above-stick-meta":"","header-main-stick-meta":"","header-below-stick-meta":"","astra-migrate-meta-layouts":"default","ast-page-background-enabled":"default","ast-page-background-meta":{"desktop":{"background-color":"var(--ast-global-color-4)","background-image":"","background-repeat":"repeat","background-position":"center center","background-size":"auto","background-attachment":"scroll","background-type":"","background-media":"","overlay-type":"","overlay-color":"","overlay-gradient":""},"tablet":{"background-color":"","background-image":"","background-repeat":"repeat","background-position":"center center","background-size":"auto","background-attachment":"scroll","background-type":"","background-media":"","overlay-type":"","overlay-color":"","overlay-gradient":""},"mobile":{"background-color":"","background-image":"","background-repeat":"repeat","background-position":"center center","background-size":"auto","background-attachment":"scroll","background-type":"","background-media":"","overlay-type":"","overlay-color":"","overlay-gradient":""}},"ast-content-background-meta":{"desktop":{"background-color":"var(--ast-global-color-5)","background-image":"","background-repeat":"repeat","background-position":"center center","background-size":"auto","background-attachment":"scroll","background-type":"","background-media":"","overlay-type":"","overlay-color":"","overlay-gradient":""},"tablet":{"background-color":"var(--ast-global-color-5)","background-image":"","background-repeat":"repeat","background-position":"center center","background-size":"auto","background-attachment":"scroll","background-type":"","background-media":"","overlay-type":"","overlay-color":"","overlay-gradient":""},"mobile":{"background-color":"var(--ast-global-color-5)","background-image":"","background-repeat":"repeat","background-position":"center center","background-size":"auto","background-attachment":"scroll","background-type":"","background-media":"","overlay-type":"","overlay-color":"","overlay-gradient":""}},"footnotes":""},"categories":[1175,12909,325,967],"tags":[11502,71856,129352,40514,22257,208269],"class_list":["post-102719","post","type-post","status-publish","format-standard","hentry","category-evaluacion-y-diagnostico-en-psicologia","category-pais-vasco-euskal-herriko-unibertsitatea","category-psicopatologia","category-salud-publica","tag-carmen-martorell-pallas","tag-juan-antonio-amador-campos","tag-maite-garaigordobil-landazabal","tag-maria-del-remedio-gonzalez-barron","tag-maria-forns-santacana","tag-marta-arrue-mauleon"],"_links":{"self":[{"href":"https:\/\/www.deberes.net\/tesis\/wp-json\/wp\/v2\/posts\/102719","targetHints":{"allow":["GET"]}}],"collection":[{"href":"https:\/\/www.deberes.net\/tesis\/wp-json\/wp\/v2\/posts"}],"about":[{"href":"https:\/\/www.deberes.net\/tesis\/wp-json\/wp\/v2\/types\/post"}],"author":[{"embeddable":true,"href":"https:\/\/www.deberes.net\/tesis\/wp-json\/wp\/v2\/users\/1"}],"replies":[{"embeddable":true,"href":"https:\/\/www.deberes.net\/tesis\/wp-json\/wp\/v2\/comments?post=102719"}],"version-history":[{"count":0,"href":"https:\/\/www.deberes.net\/tesis\/wp-json\/wp\/v2\/posts\/102719\/revisions"}],"wp:attachment":[{"href":"https:\/\/www.deberes.net\/tesis\/wp-json\/wp\/v2\/media?parent=102719"}],"wp:term":[{"taxonomy":"category","embeddable":true,"href":"https:\/\/www.deberes.net\/tesis\/wp-json\/wp\/v2\/categories?post=102719"},{"taxonomy":"post_tag","embeddable":true,"href":"https:\/\/www.deberes.net\/tesis\/wp-json\/wp\/v2\/tags?post=102719"}],"curies":[{"name":"wp","href":"https:\/\/api.w.org\/{rel}","templated":true}]}}