{"id":102868,"date":"2018-03-11T10:25:11","date_gmt":"2018-03-11T10:25:11","guid":{"rendered":"https:\/\/www.deberes.net\/tesis\/sin-categoria\/la-gestion-de-la-calidad-total-en-los-ayuntamientos\/"},"modified":"2018-03-11T10:25:11","modified_gmt":"2018-03-11T10:25:11","slug":"la-gestion-de-la-calidad-total-en-los-ayuntamientos","status":"publish","type":"post","link":"https:\/\/www.deberes.net\/tesis\/sin-categoria\/la-gestion-de-la-calidad-total-en-los-ayuntamientos\/","title":{"rendered":"La gesti\u00f3n de la calidad total en los ayuntamientos."},"content":{"rendered":"<h2>Tesis doctoral de <strong> Manuel Guerrero Cuadrado <\/strong><\/h2>\n<p>Esta tesis doctoral aborda la gesti\u00f3n de los ayuntamientos en una comparativa con el modelo de sistema de gesti\u00f3n de calidad total as\u00ed como el nivel de protecci\u00f3n en que se encuentran \u00e9stos frente a las consecuencias previstas por la teor\u00eda cient\u00edfic a del caos. la gesti\u00f3n por un modelo de calidad total y la teor\u00eda del caos se interrelacionan para formar parte de un todo, pues la implantaci\u00f3n y desarrollo correcto de un sistema de gesti\u00f3n de calidad total aporta una protecci\u00f3n frente a las consec uencias previstas por la teor\u00eda cient\u00edfica del caos para las organizaciones complejas, din\u00e1micas y sensibles a las condiciones inciales como son los ayuntamientos. esta investigaci\u00f3n tiene un car\u00e1cter sustancialmente emp\u00edrico y recoge de los ayuntami entos de espa\u00f1a, con una poblaci\u00f3n mayor o igual a veinte mil habitantes, la realidad de la implantaci\u00f3n y del desarrollo de los elementos fundamentales que componen una gesti\u00f3n de calidad total, que nos permitir\u00e1n evaluar la situaci\u00f3n de gesti\u00f3n de los ayuntamientos en comparaci\u00f3n con el modelo antes comentado. As\u00ed mismo se recogen otros aspectos relativos a la gesti\u00f3n de calidad total como son sus inhibidores, los beneficios que aporta, su utilidad o la propia opini\u00f3n que expresan los gobierno s locales.<\/p>\n<p>&nbsp;<\/p>\n<h3>Datos acad\u00e9micos de la tesis doctoral \u00ab<strong>La gesti\u00f3n de la calidad total en los ayuntamientos.<\/strong>\u00ab<\/h3>\n<ul>\n<li><strong>T\u00edtulo de la tesis:<\/strong>\u00a0 La gesti\u00f3n de la calidad total en los ayuntamientos. <\/li>\n<li><strong>Autor:<\/strong>\u00a0 Manuel Guerrero Cuadrado <\/li>\n<li><strong>Universidad:<\/strong>\u00a0 Complutense de Madrid<\/li>\n<li><strong>Fecha de lectura de la tesis:<\/strong>\u00a0 14\/07\/2010<\/li>\n<\/ul>\n<p>&nbsp;<\/p>\n<h3>Direcci\u00f3n y tribunal<\/h3>\n<ul>\n<li><strong>Director de la tesis<\/strong>\n<ul>\n<li>Jos\u00e9 Vicente G\u00f3mez Rivas<\/li>\n<\/ul>\n<\/li>\n<li><strong>Tribunal<\/strong>\n<ul>\n<li>Presidente del tribunal: esther Del campo garcia <\/li>\n<li>Manuel Villoria mendieta (vocal)<\/li>\n<li>Antonio Natera peral (vocal)<\/li>\n<li>elo\u00edsa Del pino matute (vocal)<\/li>\n<\/ul>\n<\/li>\n<\/ul>\n<p>&nbsp;<\/p>\n","protected":false},"excerpt":{"rendered":"<p>Tesis doctoral de Manuel Guerrero Cuadrado Esta tesis doctoral aborda la gesti\u00f3n de los ayuntamientos en una comparativa con el [&hellip;]<\/p>\n","protected":false},"author":1,"featured_media":0,"comment_status":"open","ping_status":"open","sticky":false,"template":"","format":"standard","meta":{"site-sidebar-layout":"default","site-content-layout":"","ast-site-content-layout":"","site-content-style":"default","site-sidebar-style":"default","ast-global-header-display":"","ast-banner-title-visibility":"","ast-main-header-display":"","ast-hfb-above-header-display":"","ast-hfb-below-header-display":"","ast-hfb-mobile-header-display":"","site-post-title":"","ast-breadcrumbs-content":"","ast-featured-img":"","footer-sml-layout":"","theme-transparent-header-meta":"","adv-header-id-meta":"","stick-header-meta":"","header-above-stick-meta":"","header-main-stick-meta":"","header-below-stick-meta":"","astra-migrate-meta-layouts":"default","ast-page-background-enabled":"default","ast-page-background-meta":{"desktop":{"background-color":"var(--ast-global-color-4)","background-image":"","background-repeat":"repeat","background-position":"center center","background-size":"auto","background-attachment":"scroll","background-type":"","background-media":"","overlay-type":"","overlay-color":"","overlay-gradient":""},"tablet":{"background-color":"","background-image":"","background-repeat":"repeat","background-position":"center center","background-size":"auto","background-attachment":"scroll","background-type":"","background-media":"","overlay-type":"","overlay-color":"","overlay-gradient":""},"mobile":{"background-color":"","background-image":"","background-repeat":"repeat","background-position":"center center","background-size":"auto","background-attachment":"scroll","background-type":"","background-media":"","overlay-type":"","overlay-color":"","overlay-gradient":""}},"ast-content-background-meta":{"desktop":{"background-color":"var(--ast-global-color-5)","background-image":"","background-repeat":"repeat","background-position":"center center","background-size":"auto","background-attachment":"scroll","background-type":"","background-media":"","overlay-type":"","overlay-color":"","overlay-gradient":""},"tablet":{"background-color":"var(--ast-global-color-5)","background-image":"","background-repeat":"repeat","background-position":"center center","background-size":"auto","background-attachment":"scroll","background-type":"","background-media":"","overlay-type":"","overlay-color":"","overlay-gradient":""},"mobile":{"background-color":"var(--ast-global-color-5)","background-image":"","background-repeat":"repeat","background-position":"center center","background-size":"auto","background-attachment":"scroll","background-type":"","background-media":"","overlay-type":"","overlay-color":"","overlay-gradient":""}},"footnotes":""},"categories":[1],"tags":[102030,64404,37355,57053,208504,57054],"class_list":["post-102868","post","type-post","status-publish","format-standard","hentry","category-sin-categoria","tag-antonio-natera-peral","tag-eloisa-del-pino-matute","tag-esther-del-campo-garcia","tag-jose-vicente-gomez-rivas","tag-manuel-guerrero-cuadrado","tag-manuel-villoria-mendieta"],"_links":{"self":[{"href":"https:\/\/www.deberes.net\/tesis\/wp-json\/wp\/v2\/posts\/102868","targetHints":{"allow":["GET"]}}],"collection":[{"href":"https:\/\/www.deberes.net\/tesis\/wp-json\/wp\/v2\/posts"}],"about":[{"href":"https:\/\/www.deberes.net\/tesis\/wp-json\/wp\/v2\/types\/post"}],"author":[{"embeddable":true,"href":"https:\/\/www.deberes.net\/tesis\/wp-json\/wp\/v2\/users\/1"}],"replies":[{"embeddable":true,"href":"https:\/\/www.deberes.net\/tesis\/wp-json\/wp\/v2\/comments?post=102868"}],"version-history":[{"count":0,"href":"https:\/\/www.deberes.net\/tesis\/wp-json\/wp\/v2\/posts\/102868\/revisions"}],"wp:attachment":[{"href":"https:\/\/www.deberes.net\/tesis\/wp-json\/wp\/v2\/media?parent=102868"}],"wp:term":[{"taxonomy":"category","embeddable":true,"href":"https:\/\/www.deberes.net\/tesis\/wp-json\/wp\/v2\/categories?post=102868"},{"taxonomy":"post_tag","embeddable":true,"href":"https:\/\/www.deberes.net\/tesis\/wp-json\/wp\/v2\/tags?post=102868"}],"curies":[{"name":"wp","href":"https:\/\/api.w.org\/{rel}","templated":true}]}}