{"id":102920,"date":"2018-03-11T10:25:16","date_gmt":"2018-03-11T10:25:16","guid":{"rendered":"https:\/\/www.deberes.net\/tesis\/sin-categoria\/musica-y-medios-audiovisuales-planteamientos-didacticos-en-el-marco-de-la-educacion-musical\/"},"modified":"2018-03-11T10:25:16","modified_gmt":"2018-03-11T10:25:16","slug":"musica-y-medios-audiovisuales-planteamientos-didacticos-en-el-marco-de-la-educacion-musical","status":"publish","type":"post","link":"https:\/\/www.deberes.net\/tesis\/musica-y-musicologia\/musica-y-medios-audiovisuales-planteamientos-didacticos-en-el-marco-de-la-educacion-musical\/","title":{"rendered":"M\u00fasica y medios audiovisuales. planteamientos did\u00e1cticos en el marco de la educaci\u00f3n musical"},"content":{"rendered":"<h2>Tesis doctoral de <strong> Juan  Carlos Montoya Rubio <\/strong><\/h2>\n<p>La investigaci\u00f3n trata de extraer consecuencias en torno a la educaci\u00f3n musical que se est\u00e1 llevando a cabo en el contexto espa\u00f1ol actual (en las etapas obligatorias) para postular una reorientaci\u00f3n de las metodolog\u00edas preexistentes a partir del uso de los medios audiovisuales. Para llevar a cabo estas cuestiones, enmarcamos el estudio en torno a unos centros de inter\u00e9s que son desarrollados en cada uno de los cap\u00edtulos: la investigaci\u00f3n en educaci\u00f3n musical, los condicionantes de la materia, los m\u00e9todos concretos para la inserci\u00f3n del audiovisual en las aulas de m\u00fasica, la aplicaci\u00f3n de elementos interculturales y el uso efectivo y posibilidades de los medios audiovisuales dentro de las secuencias pedag\u00f3gico &#8211; musicales.<\/p>\n<p>&nbsp;<\/p>\n<h3>Datos acad\u00e9micos de la tesis doctoral \u00ab<strong>M\u00fasica y medios audiovisuales. planteamientos did\u00e1cticos en el marco de la educaci\u00f3n musical<\/strong>\u00ab<\/h3>\n<ul>\n<li><strong>T\u00edtulo de la tesis:<\/strong>\u00a0 M\u00fasica y medios audiovisuales. planteamientos did\u00e1cticos en el marco de la educaci\u00f3n musical <\/li>\n<li><strong>Autor:<\/strong>\u00a0 Juan  Carlos Montoya Rubio <\/li>\n<li><strong>Universidad:<\/strong>\u00a0 Salamanca<\/li>\n<li><strong>Fecha de lectura de la tesis:<\/strong>\u00a0 14\/07\/2010<\/li>\n<\/ul>\n<p>&nbsp;<\/p>\n<h3>Direcci\u00f3n y tribunal<\/h3>\n<ul>\n<li><strong>Director de la tesis<\/strong>\n<ul>\n<li>Matilde Mar\u00eda Olarte Mart\u00ednez<\/li>\n<\/ul>\n<\/li>\n<li><strong>Tribunal<\/strong>\n<ul>\n<li>Presidente del tribunal: Jos\u00e9 Mar\u00eda Garcia laborda <\/li>\n<li>Rafael Prieto alberola (vocal)<\/li>\n<li>stephano Ghislotti (vocal)<\/li>\n<li>Mar\u00eda del valle De moya  mart\u00ednez (vocal)<\/li>\n<\/ul>\n<\/li>\n<\/ul>\n<p>&nbsp;<\/p>\n","protected":false},"excerpt":{"rendered":"<p>Tesis doctoral de Juan Carlos Montoya Rubio La investigaci\u00f3n trata de extraer consecuencias en torno a la educaci\u00f3n musical que [&hellip;]<\/p>\n","protected":false},"author":1,"featured_media":0,"comment_status":"open","ping_status":"open","sticky":false,"template":"","format":"standard","meta":{"site-sidebar-layout":"default","site-content-layout":"","ast-site-content-layout":"","site-content-style":"default","site-sidebar-style":"default","ast-global-header-display":"","ast-banner-title-visibility":"","ast-main-header-display":"","ast-hfb-above-header-display":"","ast-hfb-below-header-display":"","ast-hfb-mobile-header-display":"","site-post-title":"","ast-breadcrumbs-content":"","ast-featured-img":"","footer-sml-layout":"","theme-transparent-header-meta":"","adv-header-id-meta":"","stick-header-meta":"","header-above-stick-meta":"","header-main-stick-meta":"","header-below-stick-meta":"","astra-migrate-meta-layouts":"default","ast-page-background-enabled":"default","ast-page-background-meta":{"desktop":{"background-color":"var(--ast-global-color-4)","background-image":"","background-repeat":"repeat","background-position":"center center","background-size":"auto","background-attachment":"scroll","background-type":"","background-media":"","overlay-type":"","overlay-color":"","overlay-gradient":""},"tablet":{"background-color":"","background-image":"","background-repeat":"repeat","background-position":"center center","background-size":"auto","background-attachment":"scroll","background-type":"","background-media":"","overlay-type":"","overlay-color":"","overlay-gradient":""},"mobile":{"background-color":"","background-image":"","background-repeat":"repeat","background-position":"center center","background-size":"auto","background-attachment":"scroll","background-type":"","background-media":"","overlay-type":"","overlay-color":"","overlay-gradient":""}},"ast-content-background-meta":{"desktop":{"background-color":"var(--ast-global-color-5)","background-image":"","background-repeat":"repeat","background-position":"center center","background-size":"auto","background-attachment":"scroll","background-type":"","background-media":"","overlay-type":"","overlay-color":"","overlay-gradient":""},"tablet":{"background-color":"var(--ast-global-color-5)","background-image":"","background-repeat":"repeat","background-position":"center center","background-size":"auto","background-attachment":"scroll","background-type":"","background-media":"","overlay-type":"","overlay-color":"","overlay-gradient":""},"mobile":{"background-color":"var(--ast-global-color-5)","background-image":"","background-repeat":"repeat","background-position":"center center","background-size":"auto","background-attachment":"scroll","background-type":"","background-media":"","overlay-type":"","overlay-color":"","overlay-gradient":""}},"footnotes":""},"categories":[9132,9386],"tags":[49905,208577,66832,38488,148698,208578],"class_list":["post-102920","post","type-post","status-publish","format-standard","hentry","category-musica-y-musicologia","category-salamanca","tag-jose-maria-garcia-laborda","tag-juan-carlos-montoya-rubio","tag-maria-del-valle-de-moya-Martinez","tag-matilde-maria-olarte-Martinez","tag-rafael-prieto-alberola","tag-stephano-ghislotti"],"_links":{"self":[{"href":"https:\/\/www.deberes.net\/tesis\/wp-json\/wp\/v2\/posts\/102920","targetHints":{"allow":["GET"]}}],"collection":[{"href":"https:\/\/www.deberes.net\/tesis\/wp-json\/wp\/v2\/posts"}],"about":[{"href":"https:\/\/www.deberes.net\/tesis\/wp-json\/wp\/v2\/types\/post"}],"author":[{"embeddable":true,"href":"https:\/\/www.deberes.net\/tesis\/wp-json\/wp\/v2\/users\/1"}],"replies":[{"embeddable":true,"href":"https:\/\/www.deberes.net\/tesis\/wp-json\/wp\/v2\/comments?post=102920"}],"version-history":[{"count":0,"href":"https:\/\/www.deberes.net\/tesis\/wp-json\/wp\/v2\/posts\/102920\/revisions"}],"wp:attachment":[{"href":"https:\/\/www.deberes.net\/tesis\/wp-json\/wp\/v2\/media?parent=102920"}],"wp:term":[{"taxonomy":"category","embeddable":true,"href":"https:\/\/www.deberes.net\/tesis\/wp-json\/wp\/v2\/categories?post=102920"},{"taxonomy":"post_tag","embeddable":true,"href":"https:\/\/www.deberes.net\/tesis\/wp-json\/wp\/v2\/tags?post=102920"}],"curies":[{"name":"wp","href":"https:\/\/api.w.org\/{rel}","templated":true}]}}