{"id":102942,"date":"2018-03-11T10:25:20","date_gmt":"2018-03-11T10:25:20","guid":{"rendered":"https:\/\/www.deberes.net\/tesis\/sin-categoria\/psicologa%c2%ada-y-lesiones-deportivas-un-analisis-de-factores-de-prevencion-rehabilitacion-e-intervencion-psicologica\/"},"modified":"2018-03-11T10:25:20","modified_gmt":"2018-03-11T10:25:20","slug":"psicologa%c2%ada-y-lesiones-deportivas-un-analisis-de-factores-de-prevencion-rehabilitacion-e-intervencion-psicologica","status":"publish","type":"post","link":"https:\/\/www.deberes.net\/tesis\/psicologia\/psicologa%c2%ada-y-lesiones-deportivas-un-analisis-de-factores-de-prevencion-rehabilitacion-e-intervencion-psicologica\/","title":{"rendered":"Psicolog\u00eda y lesiones deportivas: un an\u00e1lisis de factores de prevenci\u00f3n, rehabilitaci\u00f3n e intervenci\u00f3n psicol\u00f3gica"},"content":{"rendered":"<h2>Tesis doctoral de <strong> Luc\u00eda Abenza Cano <\/strong><\/h2>\n<p>Al tratarse de una tesis como compendio de publicaciones, integra 6 art\u00edculos publicados (entre los a\u00f1os 2006 y 2010) en diversas revistas de investigaci\u00f3n de las \u00e1reas m\u00e9dica y psicol\u00f3gica. el estudio de la relaci\u00f3n entre factores psicol\u00f3gicos y lesi\u00f3n deportiva, tanto desde la perspectiva de la prevenci\u00f3n como de la rehabilitaci\u00f3n, se ha multiplicado en los \u00faltimos a\u00f1os. Sin embargo, algunas \u00e1reas quedan todav\u00eda por estudiar, y muchos de los aspectos b\u00e1sicos a tener en cuenta en la intervenci\u00f3n psicol\u00f3gica, por contrastar. El objetivo principal de esta tesis doctoral es profundizar en algunas de estas cuestiones y arrojar luz acerca de metodolog\u00edas utilizadas, instrumentos de evaluaci\u00f3n y propuestas de intervenci\u00f3n eficaces en poblaciones de deportistas de nuestro pa\u00eds. Los resultados obtenidos en los 6 trabajos donde se han utilizado diferentes enfoques metodol\u00f3gicos, permiten concluir que: 1) para minimizar el riesgo de lesiones en los futbolistas juveniles es necesario poseer valores altos en las puntuaciones de autoconfianza, poseer valores altos en la influencia de la evaluaci\u00f3n del rendimiento y valores bajos en ansiedad; 2) los futbolistas juveniles lesionados graves o muy graves tienen mayores niveles de ansiedad, menor autoconfianza y est\u00e1n m\u00e1s afectados por la  evaluaci\u00f3n de los otros, que el resto de jugadores; 3) los 5 deportistas estudiados, con lesiones recientes, nuevas y m\u00e9dicamente diagnosticadas como moderadas o graves, adoptan gradualmente el perfil emocional de iceberg a lo largo del per\u00edodo de rehabilitaci\u00f3n, que describi\u00f3 morgan (1980); 4) los desequilibrios emocionales como consecuencia de la lesi\u00f3n, pueden afectar negativamente a la adherencia del deportista, frenando su proceso de recuperaci\u00f3n, por lo que ser\u00eda beneficioso intervenir sobre este aspecto psicol\u00f3gico durante el programa de rehabilitaci\u00f3n; 5) a partir de los procesos de dise\u00f1o, validez y fiabilidad llevados a cabo con la hoja de registro, la escala de adherencia a la rehabilitaci\u00f3n (ear), puede ser usada en el \u00e1mbito de la recuperaci\u00f3n de lesiones deportivas, porque dispone de los niveles \u00f3ptimos de fiabilidad y validez para registrar  el nivel de adherencia al programa de rehabilitaci\u00f3n de los deportistas lesionados; y 6) se constatan los efectos positivos de una intervenci\u00f3n psicol\u00f3gica aplicada ante una situaci\u00f3n cr\u00edtica protagonizada por una portera de balonmano cuyo rendimiento disminuy\u00f3 en su regreso tras recuperarse de una importante lesi\u00f3n.<\/p>\n<p>&nbsp;<\/p>\n<h3>Datos acad\u00e9micos de la tesis doctoral \u00ab<strong>Psicolog\u00eda y lesiones deportivas: un an\u00e1lisis de factores de prevenci\u00f3n, rehabilitaci\u00f3n e intervenci\u00f3n psicol\u00f3gica<\/strong>\u00ab<\/h3>\n<ul>\n<li><strong>T\u00edtulo de la tesis:<\/strong>\u00a0 Psicolog\u00eda y lesiones deportivas: un an\u00e1lisis de factores de prevenci\u00f3n, rehabilitaci\u00f3n e intervenci\u00f3n psicol\u00f3gica <\/li>\n<li><strong>Autor:<\/strong>\u00a0 Luc\u00eda Abenza Cano <\/li>\n<li><strong>Universidad:<\/strong>\u00a0 Cat\u00f3lica san antonio<\/li>\n<li><strong>Fecha de lectura de la tesis:<\/strong>\u00a0 15\/07\/2010<\/li>\n<\/ul>\n<p>&nbsp;<\/p>\n<h3>Direcci\u00f3n y tribunal<\/h3>\n<ul>\n<li><strong>Director de la tesis<\/strong>\n<ul>\n<li>Aurelio Olmedilla Zafra<\/li>\n<\/ul>\n<\/li>\n<li><strong>Tribunal<\/strong>\n<ul>\n<li>Presidente del tribunal: pedro Guillen Garc\u00eda <\/li>\n<li>alejandro Garcia mas (vocal)<\/li>\n<li>enrique Garc\u00e9s de los fayos ruiz (vocal)<\/li>\n<li>milagros Ezquerro noblejas-Garc\u00eda (vocal)<\/li>\n<\/ul>\n<\/li>\n<\/ul>\n<p>&nbsp;<\/p>\n","protected":false},"excerpt":{"rendered":"<p>Tesis doctoral de Luc\u00eda Abenza Cano Al tratarse de una tesis como compendio de publicaciones, integra 6 art\u00edculos publicados (entre [&hellip;]<\/p>\n","protected":false},"author":1,"featured_media":0,"comment_status":"open","ping_status":"open","sticky":false,"template":"","format":"standard","meta":{"site-sidebar-layout":"default","site-content-layout":"","ast-site-content-layout":"","site-content-style":"default","site-sidebar-style":"default","ast-global-header-display":"","ast-banner-title-visibility":"","ast-main-header-display":"","ast-hfb-above-header-display":"","ast-hfb-below-header-display":"","ast-hfb-mobile-header-display":"","site-post-title":"","ast-breadcrumbs-content":"","ast-featured-img":"","footer-sml-layout":"","theme-transparent-header-meta":"","adv-header-id-meta":"","stick-header-meta":"","header-above-stick-meta":"","header-main-stick-meta":"","header-below-stick-meta":"","astra-migrate-meta-layouts":"default","ast-page-background-enabled":"default","ast-page-background-meta":{"desktop":{"background-color":"var(--ast-global-color-4)","background-image":"","background-repeat":"repeat","background-position":"center center","background-size":"auto","background-attachment":"scroll","background-type":"","background-media":"","overlay-type":"","overlay-color":"","overlay-gradient":""},"tablet":{"background-color":"","background-image":"","background-repeat":"repeat","background-position":"center center","background-size":"auto","background-attachment":"scroll","background-type":"","background-media":"","overlay-type":"","overlay-color":"","overlay-gradient":""},"mobile":{"background-color":"","background-image":"","background-repeat":"repeat","background-position":"center center","background-size":"auto","background-attachment":"scroll","background-type":"","background-media":"","overlay-type":"","overlay-color":"","overlay-gradient":""}},"ast-content-background-meta":{"desktop":{"background-color":"var(--ast-global-color-5)","background-image":"","background-repeat":"repeat","background-position":"center center","background-size":"auto","background-attachment":"scroll","background-type":"","background-media":"","overlay-type":"","overlay-color":"","overlay-gradient":""},"tablet":{"background-color":"var(--ast-global-color-5)","background-image":"","background-repeat":"repeat","background-position":"center center","background-size":"auto","background-attachment":"scroll","background-type":"","background-media":"","overlay-type":"","overlay-color":"","overlay-gradient":""},"mobile":{"background-color":"var(--ast-global-color-5)","background-image":"","background-repeat":"repeat","background-position":"center center","background-size":"auto","background-attachment":"scroll","background-type":"","background-media":"","overlay-type":"","overlay-color":"","overlay-gradient":""}},"footnotes":""},"categories":[59772,324,12380],"tags":[19627,79409,68288,208616,192102,2389],"class_list":["post-102942","post","type-post","status-publish","format-standard","hentry","category-catolica-san-antonio","category-psicologia","category-sector-de-la-salud","tag-alejandro-garcia-mas","tag-aurelio-olmedilla-zafra","tag-enrique-garces-de-los-fayos-ruiz","tag-lucia-abenza-cano","tag-milagros-ezquerro-noblejas-garcia","tag-pedro-guillen-garcia"],"_links":{"self":[{"href":"https:\/\/www.deberes.net\/tesis\/wp-json\/wp\/v2\/posts\/102942","targetHints":{"allow":["GET"]}}],"collection":[{"href":"https:\/\/www.deberes.net\/tesis\/wp-json\/wp\/v2\/posts"}],"about":[{"href":"https:\/\/www.deberes.net\/tesis\/wp-json\/wp\/v2\/types\/post"}],"author":[{"embeddable":true,"href":"https:\/\/www.deberes.net\/tesis\/wp-json\/wp\/v2\/users\/1"}],"replies":[{"embeddable":true,"href":"https:\/\/www.deberes.net\/tesis\/wp-json\/wp\/v2\/comments?post=102942"}],"version-history":[{"count":0,"href":"https:\/\/www.deberes.net\/tesis\/wp-json\/wp\/v2\/posts\/102942\/revisions"}],"wp:attachment":[{"href":"https:\/\/www.deberes.net\/tesis\/wp-json\/wp\/v2\/media?parent=102942"}],"wp:term":[{"taxonomy":"category","embeddable":true,"href":"https:\/\/www.deberes.net\/tesis\/wp-json\/wp\/v2\/categories?post=102942"},{"taxonomy":"post_tag","embeddable":true,"href":"https:\/\/www.deberes.net\/tesis\/wp-json\/wp\/v2\/tags?post=102942"}],"curies":[{"name":"wp","href":"https:\/\/api.w.org\/{rel}","templated":true}]}}