{"id":102963,"date":"2018-03-11T10:25:20","date_gmt":"2018-03-11T10:25:20","guid":{"rendered":"https:\/\/www.deberes.net\/tesis\/sin-categoria\/a-importa%c2%a2ncia-dos-proverbios-na-promoa%c2%a7ao-da-saude\/"},"modified":"2018-03-11T10:25:20","modified_gmt":"2018-03-11T10:25:20","slug":"a-importa%c2%a2ncia-dos-proverbios-na-promoa%c2%a7ao-da-saude","status":"publish","type":"post","link":"https:\/\/www.deberes.net\/tesis\/extremadura\/a-importa%c2%a2ncia-dos-proverbios-na-promoa%c2%a7ao-da-saude\/","title":{"rendered":"A import\u00c1\u00a2ncia dos prov\u00e9rbios na promo\u00c1\u00a7\u00c1\u00a3o da sa\u00fade"},"content":{"rendered":"<h2>Tesis doctoral de <strong> Celeste Da Cruz Meirinho Ant\u00c1\u00a3o <\/strong><\/h2>\n<p>Este estudo reflecte sobre a import\u00ed\u00a2ncia dos prov\u00e9rbios na sa\u00fade do indiv\u00edduo e insere-se no \u00ed\u00a2mbito do doutoramento em desarrollo e intervencion ao longo do ciclo vital. Pretendeu-se abordar a sa\u00fade e as diferentes formas de a promover, bem como perceber at\u00e9 que ponto as mensagens geracionais podem ser resgatadas como estrat\u00e9gia de promo\u00ed\u00a7\u00ed\u00a3o da sa\u00fade e preven\u00ed\u00a7\u00ed\u00a3o da doen\u00ed\u00a7a. Parece hoje consensual, tal como muitos prov\u00e9rbios o explicitam, que a sa\u00fade tem que ser abordada de uma forma hol\u00edstica, positiva e como um recurso importante para a vida que urge preservar. No espectro do envelhecimento populacional, associado \u00ed\u00a0 crescente incid\u00ed\u00aancia e preval\u00ed\u00aancia das doen\u00ed\u00a7as cr\u00f3nicas a promo\u00ed\u00a7\u00ed\u00a3o da sa\u00fade e a preven\u00ed\u00a7\u00ed\u00a3o da doen\u00ed\u00a7a, tal como a organiza\u00ed\u00a7\u00ed\u00a3o mundial de sa\u00fade o reconhece, torna-se um investimento vital. Os objectivos que nortearam este trabalho foram: encontrar prov\u00e9rbios identificadores de atitudes e ou comportamentos de sa\u00fade, analisar os prov\u00e9rbios encontrados num contexto de promo\u00ed\u00a7\u00ed\u00a3o e reflectir sobre o conte\u00fado das mensagens  do ponto de vista sem\u00ed\u00a2ntico dos prov\u00e9rbios, cientificamente aceites. Tem como finalidade, capacitar o indiv\u00edduo, de forma a aumentar o grau de literacia na \u00e1rea, optando por comportamentos promotores de sa\u00fade de modo a gerir os riscos e adversidades do dia-a-dia. Recorreu-se a uma abordagem mista, na tentativa de clarificar melhor a tem\u00e1tica em estudo, tendo havido necessidade de fazer a an\u00e1lise  e seria\u00ed\u00a7\u00ed\u00a3o os prov\u00e9rbios e posteriormente a an\u00e1lise de conte\u00fado e sua categoriza\u00ed\u00a7\u00ed\u00a3o de forma a fazer a integra\u00ed\u00a7\u00ed\u00a3o dos diferentes prov\u00e9rbios numa amostra de 290 prov\u00e9rbios. A an\u00e1lise, relativa aos prov\u00e9rbios seleccionados, demonstrou que embora muitos n\u00ed\u00a3o tenham qualquer base cient\u00edfica, 126 (43,45%), em maioria s\u00ed\u00a3o corroborados cientificamente 164 (56,55%) quer por estudos efectuados quer por opini\u00ed\u00a3o expressa de personalidades e organiza\u00ed\u00a7\u00ed\u00b5es com credibilidade cient\u00edfica na \u00e1rea. Dos 290 prov\u00e9rbios seleccionados, verificou-se que a grande maioria (250) ou seja 86,2% do total, se inserem no espa\u00ed\u00a7o conceptual do que se designa promo\u00ed\u00a7\u00ed\u00a3o da sa\u00fade, e apenas um total de 13,8% dizem respeito \u00ed\u00a0 preven\u00ed\u00a7\u00ed\u00a3o prim\u00e1ria e secund\u00e1ria, sendo 22 e 18 prov\u00e9rbios respectivamente. Na categoria 1  a comportamental, 67 prov\u00e9rbios, apelam ao auto &#8211; responsabiliza\u00ed\u00a7\u00ed\u00a3o e 48 deles, fazem refer\u00ed\u00aancia aos excessos e\/ou fazem directamente advert\u00ed\u00aancia a determinado comportamento. Tal como o comportamento em geral, os comportamentos de sa\u00fade poder\u00ed\u00a3o ser influenciados por atitudes, h\u00e1bitos, valores, sentimentos, cren\u00ed\u00a7as que caracterizam e definem o estilo de vida de cada pessoa. O recurso aos prov\u00e9rbios poder\u00e1 ser uma estrat\u00e9gia na procura de mais e melhor sa\u00fade.<\/p>\n<p>&nbsp;<\/p>\n<h3>Datos acad\u00e9micos de la tesis doctoral \u00ab<strong>A import\u00c1\u00a2ncia dos prov\u00e9rbios na promo\u00c1\u00a7\u00c1\u00a3o da sa\u00fade<\/strong>\u00ab<\/h3>\n<ul>\n<li><strong>T\u00edtulo de la tesis:<\/strong>\u00a0 A import\u00c1\u00a2ncia dos prov\u00e9rbios na promo\u00c1\u00a7\u00c1\u00a3o da sa\u00fade <\/li>\n<li><strong>Autor:<\/strong>\u00a0 Celeste Da Cruz Meirinho Ant\u00c1\u00a3o <\/li>\n<li><strong>Universidad:<\/strong>\u00a0 Extremadura<\/li>\n<li><strong>Fecha de lectura de la tesis:<\/strong>\u00a0 15\/07\/2010<\/li>\n<\/ul>\n<p>&nbsp;<\/p>\n<h3>Direcci\u00f3n y tribunal<\/h3>\n<ul>\n<li><strong>Director de la tesis<\/strong>\n<ul>\n<li>Florencio Vicente Castro<\/li>\n<\/ul>\n<\/li>\n<li><strong>Tribunal<\/strong>\n<ul>\n<li>Presidente del tribunal: arrigo Pedon <\/li>\n<li>jer\u00f3nimo Gonz\u00e1lez bernal (vocal)<\/li>\n<li>Mar\u00eda isabel Fajardo caldera (vocal)<\/li>\n<li>carla Mar\u00eda Carvalho aguiar teixeira (vocal)<\/li>\n<\/ul>\n<\/li>\n<\/ul>\n<p>&nbsp;<\/p>\n","protected":false},"excerpt":{"rendered":"<p>Tesis doctoral de Celeste Da Cruz Meirinho Ant\u00c1\u00a3o Este estudo reflecte sobre a import\u00ed\u00a2ncia dos prov\u00e9rbios na sa\u00fade do indiv\u00edduo [&hellip;]<\/p>\n","protected":false},"author":1,"featured_media":0,"comment_status":"open","ping_status":"open","sticky":false,"template":"","format":"standard","meta":{"site-sidebar-layout":"default","site-content-layout":"","ast-site-content-layout":"","site-content-style":"default","site-sidebar-style":"default","ast-global-header-display":"","ast-banner-title-visibility":"","ast-main-header-display":"","ast-hfb-above-header-display":"","ast-hfb-below-header-display":"","ast-hfb-mobile-header-display":"","site-post-title":"","ast-breadcrumbs-content":"","ast-featured-img":"","footer-sml-layout":"","theme-transparent-header-meta":"","adv-header-id-meta":"","stick-header-meta":"","header-above-stick-meta":"","header-main-stick-meta":"","header-below-stick-meta":"","astra-migrate-meta-layouts":"default","ast-page-background-enabled":"default","ast-page-background-meta":{"desktop":{"background-color":"var(--ast-global-color-4)","background-image":"","background-repeat":"repeat","background-position":"center center","background-size":"auto","background-attachment":"scroll","background-type":"","background-media":"","overlay-type":"","overlay-color":"","overlay-gradient":""},"tablet":{"background-color":"","background-image":"","background-repeat":"repeat","background-position":"center center","background-size":"auto","background-attachment":"scroll","background-type":"","background-media":"","overlay-type":"","overlay-color":"","overlay-gradient":""},"mobile":{"background-color":"","background-image":"","background-repeat":"repeat","background-position":"center center","background-size":"auto","background-attachment":"scroll","background-type":"","background-media":"","overlay-type":"","overlay-color":"","overlay-gradient":""}},"ast-content-background-meta":{"desktop":{"background-color":"var(--ast-global-color-5)","background-image":"","background-repeat":"repeat","background-position":"center center","background-size":"auto","background-attachment":"scroll","background-type":"","background-media":"","overlay-type":"","overlay-color":"","overlay-gradient":""},"tablet":{"background-color":"var(--ast-global-color-5)","background-image":"","background-repeat":"repeat","background-position":"center center","background-size":"auto","background-attachment":"scroll","background-type":"","background-media":"","overlay-type":"","overlay-color":"","overlay-gradient":""},"mobile":{"background-color":"var(--ast-global-color-5)","background-image":"","background-repeat":"repeat","background-position":"center center","background-size":"auto","background-attachment":"scroll","background-type":"","background-media":"","overlay-type":"","overlay-color":"","overlay-gradient":""}},"footnotes":""},"categories":[949,967],"tags":[150162,208655,208654,7144,142496,56535],"class_list":["post-102963","post","type-post","status-publish","format-standard","hentry","category-extremadura","category-salud-publica","tag-arrigo-pedon","tag-carla-maria-carvalho-aguiar-teixeira","tag-celeste-da-cruz-meirinho-antao","tag-florencio-vicente-castro","tag-jeronimo-gonzalez-bernal","tag-maria-isabel-fajardo-caldera"],"_links":{"self":[{"href":"https:\/\/www.deberes.net\/tesis\/wp-json\/wp\/v2\/posts\/102963","targetHints":{"allow":["GET"]}}],"collection":[{"href":"https:\/\/www.deberes.net\/tesis\/wp-json\/wp\/v2\/posts"}],"about":[{"href":"https:\/\/www.deberes.net\/tesis\/wp-json\/wp\/v2\/types\/post"}],"author":[{"embeddable":true,"href":"https:\/\/www.deberes.net\/tesis\/wp-json\/wp\/v2\/users\/1"}],"replies":[{"embeddable":true,"href":"https:\/\/www.deberes.net\/tesis\/wp-json\/wp\/v2\/comments?post=102963"}],"version-history":[{"count":0,"href":"https:\/\/www.deberes.net\/tesis\/wp-json\/wp\/v2\/posts\/102963\/revisions"}],"wp:attachment":[{"href":"https:\/\/www.deberes.net\/tesis\/wp-json\/wp\/v2\/media?parent=102963"}],"wp:term":[{"taxonomy":"category","embeddable":true,"href":"https:\/\/www.deberes.net\/tesis\/wp-json\/wp\/v2\/categories?post=102963"},{"taxonomy":"post_tag","embeddable":true,"href":"https:\/\/www.deberes.net\/tesis\/wp-json\/wp\/v2\/tags?post=102963"}],"curies":[{"name":"wp","href":"https:\/\/api.w.org\/{rel}","templated":true}]}}