{"id":103004,"date":"2018-03-11T10:25:25","date_gmt":"2018-03-11T10:25:25","guid":{"rendered":"https:\/\/www.deberes.net\/tesis\/sin-categoria\/estudio-de-maquinas-de-absorcion-con-la-disolucion-nitrato-de-litio-amoniaco-ciclos-ha%c2%adbridos-potenciados-con-compresion-mecanica\/"},"modified":"2018-03-11T10:25:25","modified_gmt":"2018-03-11T10:25:25","slug":"estudio-de-maquinas-de-absorcion-con-la-disolucion-nitrato-de-litio-amoniaco-ciclos-ha%c2%adbridos-potenciados-con-compresion-mecanica","status":"publish","type":"post","link":"https:\/\/www.deberes.net\/tesis\/procesos-de-refrigeracion\/estudio-de-maquinas-de-absorcion-con-la-disolucion-nitrato-de-litio-amoniaco-ciclos-ha%c2%adbridos-potenciados-con-compresion-mecanica\/","title":{"rendered":"Estudio de m\u00e1quinas de absorci\u00f3n con la disoluci\u00f3n nitrato de litio-amoniaco. ciclos h\u00edbridos potenciados con compresi\u00f3n mec\u00e1nica."},"content":{"rendered":"<h2>Tesis doctoral de <strong> Rub\u00e9n Ventas Garz\u00f3n <\/strong><\/h2>\n<p>En esta tesis doctoral se lleva a cabo un estudio de m\u00e1quinas de absorci\u00f3n para refrigeraci\u00f3n que sean capaces de funcionar con menores saltos de temperatura de activaci\u00f3n para un cierto salto de temperatura de bombeo que los ciclos basados en simple efecto. Esto permitir\u00eda aprovechar calores residuales y calor solar a menor temperatura con la consiguiente reducci\u00f3n de emisiones de co2 o permitir un aumento de la temperatura de condensaci\u00f3n. Los ciclos h\u00edbridos de absorci\u00f3n basados en simple efecto, potenciados con compresi\u00f3n mec\u00e1nica, ofrecen esta posibilidad adem\u00e1s de permitir una modulaci\u00f3n en potencia de inter\u00e9s. para la evaluaci\u00f3n de estos ciclos h\u00edbridos se realiza un modelo num\u00e9rico que incluye cambio de fase en los cambiadores de calor. Con \u00e9l se determina cuanto disminuye la temperatura de trabajo con respecto al ciclo de simple-efecto y se estudian en profundidad los cambios en los procesos, el comportamiento y rendimientos del propio ciclo. Por \u00faltimo se analiza su inter\u00e9s medioambiental. adem\u00e1s del estudio te\u00f3rico, se realiza un estudio experimental del ciclo h\u00edbrido utilizando tecnolog\u00edas que permiten la reducci\u00f3n del tama\u00f1o de las m\u00e1quinas de absorci\u00f3n, como absorbedores adiab\u00e1ticos con fase dispersa (como gotas) e intercambiadores de placas. Mediante los resultados experimentales se eval\u00faa el funcionamiento del compresor termoqu\u00edmico como parte del ciclo h\u00edbrido. Se realiza una comparaci\u00f3n con los resultados obtenidos mediante la simulaci\u00f3n, encontrando un elevado grado de concordancia. Tambi\u00e9n se analiza como var\u00eda la absorci\u00f3n adiab\u00e1tica mediante gotas y la ebullici\u00f3n en intercambiadores de placas en los diferentes puntos de trabajo del ciclo h\u00edbrido. En concreto se estudia como var\u00eda esos procesos con el cambio de concentraci\u00f3n de la disoluci\u00f3n, la cual ha sido nh3-lino3, cuyas propiedades le confieren ser un sustituto del nh3-h2o. por \u00faltimo se analiza, mediante un modelo num\u00e9rico, como afectan la recirculaci\u00f3n y el factor de aproximaci\u00f3n al equilibrio adiab\u00e1tico a los ciclos de absorci\u00f3n, eventualmente potenciados con compresi\u00f3n mec\u00e1nica y con absorbedor adiab\u00e1tico. Mediante el modelo se determina cual es la recirculaci\u00f3n \u00f3ptima y se compara los resultados con ciclos con absorbedores no adiab\u00e1ticos, evaluando las ventajas y desventajas de la absorci\u00f3n adiab\u00e1tica.<\/p>\n<p>&nbsp;<\/p>\n<h3>Datos acad\u00e9micos de la tesis doctoral \u00ab<strong>Estudio de m\u00e1quinas de absorci\u00f3n con la disoluci\u00f3n nitrato de litio-amoniaco. ciclos h\u00edbridos potenciados con compresi\u00f3n mec\u00e1nica.<\/strong>\u00ab<\/h3>\n<ul>\n<li><strong>T\u00edtulo de la tesis:<\/strong>\u00a0 Estudio de m\u00e1quinas de absorci\u00f3n con la disoluci\u00f3n nitrato de litio-amoniaco. ciclos h\u00edbridos potenciados con compresi\u00f3n mec\u00e1nica. <\/li>\n<li><strong>Autor:<\/strong>\u00a0 Rub\u00e9n Ventas Garz\u00f3n <\/li>\n<li><strong>Universidad:<\/strong>\u00a0 Carlos III de Madrid<\/li>\n<li><strong>Fecha de lectura de la tesis:<\/strong>\u00a0 16\/07\/2010<\/li>\n<\/ul>\n<p>&nbsp;<\/p>\n<h3>Direcci\u00f3n y tribunal<\/h3>\n<ul>\n<li><strong>Director de la tesis<\/strong>\n<ul>\n<li>Antonio Lecuona Neumann<\/li>\n<\/ul>\n<\/li>\n<li><strong>Tribunal<\/strong>\n<ul>\n<li>Presidente del tribunal: pedro acisclo Rodriguez aumente <\/li>\n<li>Jos\u00e9 Fern\u00e1ndez seara (vocal)<\/li>\n<li>Alberto Coronas salcedo (vocal)<\/li>\n<li>Francisco Javier Rey Martinez (vocal)<\/li>\n<\/ul>\n<\/li>\n<\/ul>\n<p>&nbsp;<\/p>\n","protected":false},"excerpt":{"rendered":"<p>Tesis doctoral de Rub\u00e9n Ventas Garz\u00f3n En esta tesis doctoral se lleva a cabo un estudio de m\u00e1quinas de absorci\u00f3n [&hellip;]<\/p>\n","protected":false},"author":1,"featured_media":0,"comment_status":"open","ping_status":"open","sticky":false,"template":"","format":"standard","meta":{"site-sidebar-layout":"default","site-content-layout":"","ast-site-content-layout":"","site-content-style":"default","site-sidebar-style":"default","ast-global-header-display":"","ast-banner-title-visibility":"","ast-main-header-display":"","ast-hfb-above-header-display":"","ast-hfb-below-header-display":"","ast-hfb-mobile-header-display":"","site-post-title":"","ast-breadcrumbs-content":"","ast-featured-img":"","footer-sml-layout":"","theme-transparent-header-meta":"","adv-header-id-meta":"","stick-header-meta":"","header-above-stick-meta":"","header-main-stick-meta":"","header-below-stick-meta":"","astra-migrate-meta-layouts":"default","ast-page-background-enabled":"default","ast-page-background-meta":{"desktop":{"background-color":"var(--ast-global-color-4)","background-image":"","background-repeat":"repeat","background-position":"center center","background-size":"auto","background-attachment":"scroll","background-type":"","background-media":"","overlay-type":"","overlay-color":"","overlay-gradient":""},"tablet":{"background-color":"","background-image":"","background-repeat":"repeat","background-position":"center center","background-size":"auto","background-attachment":"scroll","background-type":"","background-media":"","overlay-type":"","overlay-color":"","overlay-gradient":""},"mobile":{"background-color":"","background-image":"","background-repeat":"repeat","background-position":"center center","background-size":"auto","background-attachment":"scroll","background-type":"","background-media":"","overlay-type":"","overlay-color":"","overlay-gradient":""}},"ast-content-background-meta":{"desktop":{"background-color":"var(--ast-global-color-5)","background-image":"","background-repeat":"repeat","background-position":"center center","background-size":"auto","background-attachment":"scroll","background-type":"","background-media":"","overlay-type":"","overlay-color":"","overlay-gradient":""},"tablet":{"background-color":"var(--ast-global-color-5)","background-image":"","background-repeat":"repeat","background-position":"center center","background-size":"auto","background-attachment":"scroll","background-type":"","background-media":"","overlay-type":"","overlay-color":"","overlay-gradient":""},"mobile":{"background-color":"var(--ast-global-color-5)","background-image":"","background-repeat":"repeat","background-position":"center center","background-size":"auto","background-attachment":"scroll","background-type":"","background-media":"","overlay-type":"","overlay-color":"","overlay-gradient":""}},"footnotes":""},"categories":[18550,13370,12845,15726,155263],"tags":[35062,16012,145530,41079,55829,208733],"class_list":["post-103004","post","type-post","status-publish","format-standard","hentry","category-carlos-iii-de-madrid","category-procesos-de-absorcion","category-procesos-de-refrigeracion","category-procesos-de-transferencia-de-calor","category-transmision-de-calor-en-refrigeracion-y-congelacion","tag-alberto-coronas-salcedo","tag-antonio-lecuona-neumann","tag-francisco-javier-rey-Martinez","tag-jose-fernandez-seara","tag-pedro-acisclo-rodriguez-aumente","tag-ruben-ventas-garzon"],"_links":{"self":[{"href":"https:\/\/www.deberes.net\/tesis\/wp-json\/wp\/v2\/posts\/103004","targetHints":{"allow":["GET"]}}],"collection":[{"href":"https:\/\/www.deberes.net\/tesis\/wp-json\/wp\/v2\/posts"}],"about":[{"href":"https:\/\/www.deberes.net\/tesis\/wp-json\/wp\/v2\/types\/post"}],"author":[{"embeddable":true,"href":"https:\/\/www.deberes.net\/tesis\/wp-json\/wp\/v2\/users\/1"}],"replies":[{"embeddable":true,"href":"https:\/\/www.deberes.net\/tesis\/wp-json\/wp\/v2\/comments?post=103004"}],"version-history":[{"count":0,"href":"https:\/\/www.deberes.net\/tesis\/wp-json\/wp\/v2\/posts\/103004\/revisions"}],"wp:attachment":[{"href":"https:\/\/www.deberes.net\/tesis\/wp-json\/wp\/v2\/media?parent=103004"}],"wp:term":[{"taxonomy":"category","embeddable":true,"href":"https:\/\/www.deberes.net\/tesis\/wp-json\/wp\/v2\/categories?post=103004"},{"taxonomy":"post_tag","embeddable":true,"href":"https:\/\/www.deberes.net\/tesis\/wp-json\/wp\/v2\/tags?post=103004"}],"curies":[{"name":"wp","href":"https:\/\/api.w.org\/{rel}","templated":true}]}}