{"id":103202,"date":"2018-03-11T10:25:41","date_gmt":"2018-03-11T10:25:41","guid":{"rendered":"https:\/\/www.deberes.net\/tesis\/sin-categoria\/carcinoma-de-mama-de-tipo-basal-perfil-genetico-cla%c2%adnico-histologico-e-inmunohistoqua%c2%admico\/"},"modified":"2018-03-11T10:25:41","modified_gmt":"2018-03-11T10:25:41","slug":"carcinoma-de-mama-de-tipo-basal-perfil-genetico-cla%c2%adnico-histologico-e-inmunohistoqua%c2%admico","status":"publish","type":"post","link":"https:\/\/www.deberes.net\/tesis\/histopatologia\/carcinoma-de-mama-de-tipo-basal-perfil-genetico-cla%c2%adnico-histologico-e-inmunohistoqua%c2%admico\/","title":{"rendered":"Carcinoma de mama de tipo basal. perfil gen\u00e9tico, cl\u00ednico, histol\u00f3gico e inmunohistoqu\u00edmico."},"content":{"rendered":"<h2>Tesis doctoral de <strong> Gonzalo Jos\u00e9 De Castro Parga <\/strong><\/h2>\n<p>Este trabajo de investigaci\u00f3n consiste en un estudio observacional de car\u00e1cter prospectivo-retrospectivo y de tipo longitudinal. Han sido valorados un total de 1331 enfermos con carcinoma infiltrante de mama (1320 mujeres y 11 varones) diagnosticados entre enero de 1978 y diciembre de 2009 en el hosptal xeral-c\u00edes del chuvi de vigo. El fenotipo molecular se investig\u00f3 mediante marcadores inmunohistoqu\u00edmicos. Los objetivos han sido analizar la frecuencia del cm de tipo basal en nuestro medio, as\u00ed como su perfil gen\u00e9tico, cl\u00ednico, histol\u00f3gico e inmunohistoqu\u00edmico. Todas estas peculiaridades se investigaron en comparaci\u00f3n con el resto de los cm no basales. Adem\u00e1s, estudiamos la significaci\u00f3n pronostica del carcinoma de tipo basal en cuanto a supervivencia global.  el 0,8% de los cm estudiados correspond\u00edan a cm masculinos, resultando la edad media del cm en el var\u00f3n sensiblemente superior a la del cm femenino  ninguno de los cm masculinos pudo ser clasificado como carcinoma de mama de tipo basal por lo que el resto del estudio se centro en los cm femeninos. en cuanto a la frecuencia de los subtipos moleculares, utilizando cuatro marcadores inmunohistoqu\u00edmicos de diferenciaci\u00f3n basal (ck5, ck14, p-cadherina y egfr) pudimos clasificar como cm de tipo basal al 12,4 % de los cm. Un 5,4 % de los cm fueron clasificados como cm \u00abtodo negativo\u00bb, es decir, como \u00abtriples negativos en los que no se pudo demostrar diferenciaci\u00f3n basal\u00bb. En nuestra serie, la edad media (56,7 a\u00f1os) de los cmtb fue significativamente inferior a la edad media (60,1 a\u00f1os) del resto de los cm no basales (p = 0,03). Al comparar la edad de la madre en el primer parto: las enfermas con cm de tipo basal ten\u00edan una edad media inferior (22,9 a\u00f1os) frente a los 25,9 a\u00f1os del resto de las enfermas de cm (p = 0,04). Al estudiar los \u00e1rboles geneal\u00f3gicos con una intensa agregaci\u00f3n de cm con un patr\u00f3n de transmisi\u00f3n vertical, las diferencias fueron muy llamativas: el 17,2 % de los cm de tipo basal pudo ser clasificado como cm hereditario frente a s\u00f3lo el 4,3 % del resto de los cm, siendo p = 0,003. en los cm de tipo basal existe un predominio casi absoluto de tumores pobremente diferenciados: m\u00e1s del 96 % de los cm basales fueron grado iii frente a menos del 50 % en el resto de la serie de cm. En relaci\u00f3n con el tipo histol\u00f3gico, hemos podido separar un peque\u00f1o grupo de tumores (44 casos) que hemos denominado cdi nos  \u00abcon hileras y necrosis\u00bby que representaban el 10,2 % de la serie total de cm. Los cm que mostraban estos rasgos morfol\u00f3gicos mostraron una asociaci\u00f3n muy significativa (p < 0,001) con el cm de tipo basal: hasta un 49,1 % frente a s\u00f3lo el 8,5 % del resto de cm no basales. Tambi\u00e9n confirmamos una asociaci\u00f3n entre  el cm de tipo basal y el carcinoma metapl\u00e1sico (p < 0,001) y con el medular (p> 0,05). el tama\u00f1o tumoral medio fue significativamente superior en los cm de tipo basal. En los cm no basales, de nuestra serie, encontramos un porcentaje de afectaci\u00f3n axilar que crec\u00eda progresivamente con el tama\u00f1o tumoral; en contraposici\u00f3n, en los cm basales un mayor volumen tumoral no siempre se asoci\u00f3 a una mayor afectaci\u00f3n axilar. el cm de tipo basal present\u00f3 una supervivencia global media menor que los cm no basales y una mayor tasa de mortalidad. En el an\u00e1lisis de la supervivencia global, en la regresi\u00f3n de cox para los cm encontramos como variables explicativas el tama\u00f1o tumoral, el n\u00famero de ganglios y el subtipo molecular (basal vs. No basal). El subtipo molecular aporta una mayor capacidad predictiva unido a los factores cl\u00e1sicos del tama\u00f1o y la afectaci\u00f3n ganglionar. Adem\u00e1s, concluimos que el comportamiento de este subtipo estudiado (cm de tipo basal) resulta diferente al resto de cm (no basales) y su supervivencia parece desligarse del tama\u00f1o.<\/p>\n<p>&nbsp;<\/p>\n<h3>Datos acad\u00e9micos de la tesis doctoral \u00ab<strong>Carcinoma de mama de tipo basal. perfil gen\u00e9tico, cl\u00ednico, histol\u00f3gico e inmunohistoqu\u00edmico.<\/strong>\u00ab<\/h3>\n<ul>\n<li><strong>T\u00edtulo de la tesis:<\/strong>\u00a0 Carcinoma de mama de tipo basal. perfil gen\u00e9tico, cl\u00ednico, histol\u00f3gico e inmunohistoqu\u00edmico. <\/li>\n<li><strong>Autor:<\/strong>\u00a0 Gonzalo Jos\u00e9 De Castro Parga <\/li>\n<li><strong>Universidad:<\/strong>\u00a0 Santiago de compostela<\/li>\n<li><strong>Fecha de lectura de la tesis:<\/strong>\u00a0 21\/07\/2010<\/li>\n<\/ul>\n<p>&nbsp;<\/p>\n<h3>Direcci\u00f3n y tribunal<\/h3>\n<ul>\n<li><strong>Director de la tesis<\/strong>\n<ul>\n<li>Jorge  F. Cameselle Teijeiro<\/li>\n<\/ul>\n<\/li>\n<li><strong>Tribunal<\/strong>\n<ul>\n<li>Presidente del tribunal: joaqu\u00edn Potel lesquereux <\/li>\n<li>milagros Otero  Garc\u00eda (vocal)<\/li>\n<li>avelino Senra varela (vocal)<\/li>\n<li>lorenzo Pousa est\u00e9vez (vocal)<\/li>\n<\/ul>\n<\/li>\n<\/ul>\n<p>&nbsp;<\/p>\n","protected":false},"excerpt":{"rendered":"<p>Tesis doctoral de Gonzalo Jos\u00e9 De Castro Parga Este trabajo de investigaci\u00f3n consiste en un estudio observacional de car\u00e1cter prospectivo-retrospectivo [&hellip;]<\/p>\n","protected":false},"author":1,"featured_media":0,"comment_status":"open","ping_status":"open","sticky":false,"template":"","format":"standard","meta":{"site-sidebar-layout":"default","site-content-layout":"","ast-site-content-layout":"","site-content-style":"default","site-sidebar-style":"default","ast-global-header-display":"","ast-banner-title-visibility":"","ast-main-header-display":"","ast-hfb-above-header-display":"","ast-hfb-below-header-display":"","ast-hfb-mobile-header-display":"","site-post-title":"","ast-breadcrumbs-content":"","ast-featured-img":"","footer-sml-layout":"","theme-transparent-header-meta":"","adv-header-id-meta":"","stick-header-meta":"","header-above-stick-meta":"","header-main-stick-meta":"","header-below-stick-meta":"","astra-migrate-meta-layouts":"default","ast-page-background-enabled":"default","ast-page-background-meta":{"desktop":{"background-color":"var(--ast-global-color-4)","background-image":"","background-repeat":"repeat","background-position":"center center","background-size":"auto","background-attachment":"scroll","background-type":"","background-media":"","overlay-type":"","overlay-color":"","overlay-gradient":""},"tablet":{"background-color":"","background-image":"","background-repeat":"repeat","background-position":"center center","background-size":"auto","background-attachment":"scroll","background-type":"","background-media":"","overlay-type":"","overlay-color":"","overlay-gradient":""},"mobile":{"background-color":"","background-image":"","background-repeat":"repeat","background-position":"center center","background-size":"auto","background-attachment":"scroll","background-type":"","background-media":"","overlay-type":"","overlay-color":"","overlay-gradient":""}},"ast-content-background-meta":{"desktop":{"background-color":"var(--ast-global-color-5)","background-image":"","background-repeat":"repeat","background-position":"center center","background-size":"auto","background-attachment":"scroll","background-type":"","background-media":"","overlay-type":"","overlay-color":"","overlay-gradient":""},"tablet":{"background-color":"var(--ast-global-color-5)","background-image":"","background-repeat":"repeat","background-position":"center center","background-size":"auto","background-attachment":"scroll","background-type":"","background-media":"","overlay-type":"","overlay-color":"","overlay-gradient":""},"mobile":{"background-color":"var(--ast-global-color-5)","background-image":"","background-repeat":"repeat","background-position":"center center","background-size":"auto","background-attachment":"scroll","background-type":"","background-media":"","overlay-type":"","overlay-color":"","overlay-gradient":""}},"footnotes":""},"categories":[141,52,450,347,977],"tags":[1732,209065,2044,209066,99473,196498],"class_list":["post-103202","post","type-post","status-publish","format-standard","hentry","category-cirugia","category-histopatologia","category-inmunopatologia","category-oncologia-clinica","category-santiago-de-compostela","tag-avelino-senra-varela","tag-gonzalo-jose-de-castro-parga","tag-joaquin-potel-lesquereux","tag-jorge-f-cameselle-teijeiro","tag-lorenzo-pousa-estevez","tag-milagros-otero-garcia"],"_links":{"self":[{"href":"https:\/\/www.deberes.net\/tesis\/wp-json\/wp\/v2\/posts\/103202","targetHints":{"allow":["GET"]}}],"collection":[{"href":"https:\/\/www.deberes.net\/tesis\/wp-json\/wp\/v2\/posts"}],"about":[{"href":"https:\/\/www.deberes.net\/tesis\/wp-json\/wp\/v2\/types\/post"}],"author":[{"embeddable":true,"href":"https:\/\/www.deberes.net\/tesis\/wp-json\/wp\/v2\/users\/1"}],"replies":[{"embeddable":true,"href":"https:\/\/www.deberes.net\/tesis\/wp-json\/wp\/v2\/comments?post=103202"}],"version-history":[{"count":0,"href":"https:\/\/www.deberes.net\/tesis\/wp-json\/wp\/v2\/posts\/103202\/revisions"}],"wp:attachment":[{"href":"https:\/\/www.deberes.net\/tesis\/wp-json\/wp\/v2\/media?parent=103202"}],"wp:term":[{"taxonomy":"category","embeddable":true,"href":"https:\/\/www.deberes.net\/tesis\/wp-json\/wp\/v2\/categories?post=103202"},{"taxonomy":"post_tag","embeddable":true,"href":"https:\/\/www.deberes.net\/tesis\/wp-json\/wp\/v2\/tags?post=103202"}],"curies":[{"name":"wp","href":"https:\/\/api.w.org\/{rel}","templated":true}]}}