{"id":103206,"date":"2018-03-11T10:25:41","date_gmt":"2018-03-11T10:25:41","guid":{"rendered":"https:\/\/www.deberes.net\/tesis\/sin-categoria\/los-valores-literarios-de-la-columna-perioda%c2%adstica-espanola-1975-2007\/"},"modified":"2018-03-11T10:25:41","modified_gmt":"2018-03-11T10:25:41","slug":"los-valores-literarios-de-la-columna-perioda%c2%adstica-espanola-1975-2007","status":"publish","type":"post","link":"https:\/\/www.deberes.net\/tesis\/historia-de-la-literatura-espanola\/los-valores-literarios-de-la-columna-perioda%c2%adstica-espanola-1975-2007\/","title":{"rendered":"Los valores literarios de la columna period\u00edstica espa\u00f1ola (1975-2007)"},"content":{"rendered":"<h2>Tesis doctoral de <strong> Ricardo Francisco Saavedra Fernandez-combarro <\/strong><\/h2>\n<p>Con esta investigaci\u00f3n pretendemos analizar la columna period\u00edstica desde el punto de vista de la teor\u00eda de la literatura, centr\u00e1ndonos en las posibilidades art\u00edsticas que de manera graduada presenta este tipo de textos. para ello, hemos seleccionado un \u00e1mbito de publicaci\u00f3n concreto, la prensa espa\u00f1ola, y un per\u00edodo hist\u00f3rico bien definido, el tiempo que va desde la muerte de franco hasta nuestros d\u00edas. Se trata de acotar un espacio en el que, tanto por razones sociopol\u00edticas como por causas internas, el auge del columnismo ha devenido en la constituci\u00f3n de un g\u00e9nero flexible y de dif\u00edcil caracterizaci\u00f3n que se impregna de literatura de modos muy diversos y de manera variable. nuestra perspectiva no es, por tanto, historicista. Tratamos de llevar a cabo un an\u00e1lisis sem\u00e1ntico y pragm\u00e1tico de un tipo de textos a partir de un corpus muy amplio que no puede ser revisado en su totalidad. No obstante, el objetivo esencial de la tesis no es dar cuenta de una n\u00f3mina de autores y de su obra period\u00edstica a lo largo de las tres \u00faltimas d\u00e9cadas, sino demostrar que la paulatina apertura del g\u00e9nero, con la incorporaci\u00f3n de escritores consagrados a su pr\u00e1ctica y la absoluta libertad de la que gozan en sus escritos, ha permitido que su visi\u00f3n subjetiva derive con frecuencia en visi\u00f3n literaria en m\u00faltiples grados. Estudiamos de qu\u00e9 manera sucede esto a trav\u00e9s de una clasificaci\u00f3n textual que va desde la columna de opini\u00f3n, la m\u00e1s puramente argumentativa, al texto plenamente art\u00edstico, el discurso literario en sus m\u00faltiples formas gen\u00e9ricas, recorriendo la escala de textos h\u00edbridos que media entre ambos. la tesis est\u00e1 estructurada en dos grandes bloques: en el primero, partimos de la definici\u00f3n del objeto de estudio y una breve contextualizaci\u00f3n hist\u00f3rica que explique su evoluci\u00f3n hasta nuestros d\u00edas, planteamos un modelo comunicativo de an\u00e1lisis y exponemos nuestro concepto de lo literario. En el segundo, llevamos a cabo el an\u00e1lisis textual de las columnas, estudiando con profundidad su dimensi\u00f3n sem\u00e1ntica y pragm\u00e1tica para establecer, ejemplificadamente, una tipolog\u00eda textual en funci\u00f3n de sus posibilidades art\u00edsticas.<\/p>\n<p>&nbsp;<\/p>\n<h3>Datos acad\u00e9micos de la tesis doctoral \u00ab<strong>Los valores literarios de la columna period\u00edstica espa\u00f1ola (1975-2007)<\/strong>\u00ab<\/h3>\n<ul>\n<li><strong>T\u00edtulo de la tesis:<\/strong>\u00a0 Los valores literarios de la columna period\u00edstica espa\u00f1ola (1975-2007) <\/li>\n<li><strong>Autor:<\/strong>\u00a0 Ricardo Francisco Saavedra Fernandez-combarro <\/li>\n<li><strong>Universidad:<\/strong>\u00a0 Oviedo<\/li>\n<li><strong>Fecha de lectura de la tesis:<\/strong>\u00a0 22\/07\/2010<\/li>\n<\/ul>\n<p>&nbsp;<\/p>\n<h3>Direcci\u00f3n y tribunal<\/h3>\n<ul>\n<li><strong>Director de la tesis<\/strong>\n<ul>\n<li>Rafael \u00e1ngel N\u00fa\u00f1ez Ramos<\/li>\n<\/ul>\n<\/li>\n<li><strong>Tribunal<\/strong>\n<ul>\n<li>Presidente del tribunal: Jos\u00e9 Mar\u00eda Fern\u00e1ndez cardo <\/li>\n<li>Jos\u00e9 Mar\u00eda Paz gago (vocal)<\/li>\n<li>Jos\u00e9 enrique Mart\u00ednez fern\u00e1ndez (vocal)<\/li>\n<li>Antonio Gil gonz\u00e1lez (vocal)<\/li>\n<\/ul>\n<\/li>\n<\/ul>\n<p>&nbsp;<\/p>\n","protected":false},"excerpt":{"rendered":"<p>Tesis doctoral de Ricardo Francisco Saavedra Fernandez-combarro Con esta investigaci\u00f3n pretendemos analizar la columna period\u00edstica desde el punto de vista [&hellip;]<\/p>\n","protected":false},"author":1,"featured_media":0,"comment_status":"open","ping_status":"open","sticky":false,"template":"","format":"standard","meta":{"site-sidebar-layout":"default","site-content-layout":"","ast-site-content-layout":"","site-content-style":"default","site-sidebar-style":"default","ast-global-header-display":"","ast-banner-title-visibility":"","ast-main-header-display":"","ast-hfb-above-header-display":"","ast-hfb-below-header-display":"","ast-hfb-mobile-header-display":"","site-post-title":"","ast-breadcrumbs-content":"","ast-featured-img":"","footer-sml-layout":"","theme-transparent-header-meta":"","adv-header-id-meta":"","stick-header-meta":"","header-above-stick-meta":"","header-main-stick-meta":"","header-below-stick-meta":"","astra-migrate-meta-layouts":"default","ast-page-background-enabled":"default","ast-page-background-meta":{"desktop":{"background-color":"var(--ast-global-color-4)","background-image":"","background-repeat":"repeat","background-position":"center center","background-size":"auto","background-attachment":"scroll","background-type":"","background-media":"","overlay-type":"","overlay-color":"","overlay-gradient":""},"tablet":{"background-color":"","background-image":"","background-repeat":"repeat","background-position":"center center","background-size":"auto","background-attachment":"scroll","background-type":"","background-media":"","overlay-type":"","overlay-color":"","overlay-gradient":""},"mobile":{"background-color":"","background-image":"","background-repeat":"repeat","background-position":"center center","background-size":"auto","background-attachment":"scroll","background-type":"","background-media":"","overlay-type":"","overlay-color":"","overlay-gradient":""}},"ast-content-background-meta":{"desktop":{"background-color":"var(--ast-global-color-5)","background-image":"","background-repeat":"repeat","background-position":"center center","background-size":"auto","background-attachment":"scroll","background-type":"","background-media":"","overlay-type":"","overlay-color":"","overlay-gradient":""},"tablet":{"background-color":"var(--ast-global-color-5)","background-image":"","background-repeat":"repeat","background-position":"center center","background-size":"auto","background-attachment":"scroll","background-type":"","background-media":"","overlay-type":"","overlay-color":"","overlay-gradient":""},"mobile":{"background-color":"var(--ast-global-color-5)","background-image":"","background-repeat":"repeat","background-position":"center center","background-size":"auto","background-attachment":"scroll","background-type":"","background-media":"","overlay-type":"","overlay-color":"","overlay-gradient":""}},"footnotes":""},"categories":[1867,8846],"tags":[126162,43773,119252,18990,189576,209073],"class_list":["post-103206","post","type-post","status-publish","format-standard","hentry","category-historia-de-la-literatura-espanola","category-oviedo","tag-antonio-gil-gonzalez","tag-jose-enrique-Martinez-fernandez","tag-jose-maria-fernandez-cardo","tag-jose-maria-paz-gago","tag-rafael-angel-nunez-ramos","tag-ricardo-francisco-saavedra-fernandez-combarro"],"_links":{"self":[{"href":"https:\/\/www.deberes.net\/tesis\/wp-json\/wp\/v2\/posts\/103206","targetHints":{"allow":["GET"]}}],"collection":[{"href":"https:\/\/www.deberes.net\/tesis\/wp-json\/wp\/v2\/posts"}],"about":[{"href":"https:\/\/www.deberes.net\/tesis\/wp-json\/wp\/v2\/types\/post"}],"author":[{"embeddable":true,"href":"https:\/\/www.deberes.net\/tesis\/wp-json\/wp\/v2\/users\/1"}],"replies":[{"embeddable":true,"href":"https:\/\/www.deberes.net\/tesis\/wp-json\/wp\/v2\/comments?post=103206"}],"version-history":[{"count":0,"href":"https:\/\/www.deberes.net\/tesis\/wp-json\/wp\/v2\/posts\/103206\/revisions"}],"wp:attachment":[{"href":"https:\/\/www.deberes.net\/tesis\/wp-json\/wp\/v2\/media?parent=103206"}],"wp:term":[{"taxonomy":"category","embeddable":true,"href":"https:\/\/www.deberes.net\/tesis\/wp-json\/wp\/v2\/categories?post=103206"},{"taxonomy":"post_tag","embeddable":true,"href":"https:\/\/www.deberes.net\/tesis\/wp-json\/wp\/v2\/tags?post=103206"}],"curies":[{"name":"wp","href":"https:\/\/api.w.org\/{rel}","templated":true}]}}