{"id":103232,"date":"2018-03-11T10:25:41","date_gmt":"2018-03-11T10:25:41","guid":{"rendered":"https:\/\/www.deberes.net\/tesis\/sin-categoria\/incorporacion-de-la-loga%c2%adstica-inversa-en-la-cadena-de-suministros-y-su-influencia-en-la-estructura-organizativa-de-las-empresas\/"},"modified":"2018-03-11T10:25:41","modified_gmt":"2018-03-11T10:25:41","slug":"incorporacion-de-la-loga%c2%adstica-inversa-en-la-cadena-de-suministros-y-su-influencia-en-la-estructura-organizativa-de-las-empresas","status":"publish","type":"post","link":"https:\/\/www.deberes.net\/tesis\/barcelona\/incorporacion-de-la-loga%c2%adstica-inversa-en-la-cadena-de-suministros-y-su-influencia-en-la-estructura-organizativa-de-las-empresas\/","title":{"rendered":"Incorporaci\u00f3n de la log\u00edstica inversa en la cadena de suministros y su influencia en la estructura organizativa de las empresas"},"content":{"rendered":"<h2>Tesis doctoral de <strong> Jos\u00e9 L\u00f3pez Parada <\/strong><\/h2>\n<p>El objetivo de este trabajo ha sido el de elaborar un modelo de referencia, que permita a las empresas dise\u00f1ar su propio modelo organizativo de forma que ofrezca una adecuada adaptaci\u00f3n a las necesidades derivadas de la gesti\u00f3n log\u00edstica inversa. que las empresas est\u00e9n reduciendo el retorno de productos nuevos, debido, por una parte, a la existencia de una gran flexibilidad en la adaptaci\u00f3n del proceso productivo a la demanda, y por la otra, al gran nivel de calidad de los productos fabricados los cuales son absorbidos por el mercado. la existencia de acuerdos con los canales de distribuci\u00f3n, y la inclusi\u00f3n de estas funciones como parte de las tareas a realizar por los operadores log\u00edsticos, permiten minimizar el impacto de las devoluciones en el proceso log\u00edstico. surge un nuevo concepto, la emergencia, ligado a la necesidad de asumir por parte de las empresas, la responsabilidad de que si un producto presenta alguna anomal\u00eda, el mismo sea devuelto para su rectificaci\u00f3n o sustituci\u00f3n y, que esta situaci\u00f3n de recuperaci\u00f3n implica complejos procesos log\u00edsticos. el modelo propuesto, conlleva a reducir los niveles de retornos, minimizando as\u00ed el volumen de productos en la cadena inversa sin que ello deteriore el servicio al cliente. tambi\u00e9n, se ha podido comprobar la gran involucraci\u00f3n de las empresas en la preservaci\u00f3n del medioambiente, y aunque algunas adoptan una actitud reactiva, limit\u00e1ndose a poner en pr\u00e1ctica lo que la legislaci\u00f3n exige, otras han elegido estrategias m\u00e1s proactivas, implantando, de forma voluntaria, pr\u00e1cticas enfocadas a reducir su impacto en el entorno ambiental, teniendo tambi\u00e9n su impacto en la log\u00edstica inversa o log\u00edstica verde. en el modelo organizativo, se ha tratado de integrar la estrategia de las empresas en la cadena de suministro inversa, definiendo su estructura organizativa alineada con la estrategia competitiva de la empresa y, contemplar los factores que generan la existencia de estructuras organizativas distintas seg\u00fan el sector o empresas de que se trate.<\/p>\n<p>&nbsp;<\/p>\n<h3>Datos acad\u00e9micos de la tesis doctoral \u00ab<strong>Incorporaci\u00f3n de la log\u00edstica inversa en la cadena de suministros y su influencia en la estructura organizativa de las empresas<\/strong>\u00ab<\/h3>\n<ul>\n<li><strong>T\u00edtulo de la tesis:<\/strong>\u00a0 Incorporaci\u00f3n de la log\u00edstica inversa en la cadena de suministros y su influencia en la estructura organizativa de las empresas <\/li>\n<li><strong>Autor:<\/strong>\u00a0 Jos\u00e9 L\u00f3pez Parada <\/li>\n<li><strong>Universidad:<\/strong>\u00a0 Barcelona<\/li>\n<li><strong>Fecha de lectura de la tesis:<\/strong>\u00a0 22\/07\/2010<\/li>\n<\/ul>\n<p>&nbsp;<\/p>\n<h3>Direcci\u00f3n y tribunal<\/h3>\n<ul>\n<li><strong>Director de la tesis<\/strong>\n<ul>\n<li>Jos\u00e9 Mar\u00eda Castan Farrero<\/li>\n<\/ul>\n<\/li>\n<li><strong>Tribunal<\/strong>\n<ul>\n<li>Presidente del tribunal: enrique Claver cortes <\/li>\n<li>marti Casadesus fa (vocal)<\/li>\n<li>  (vocal)<\/li>\n<li>  (vocal)<\/li>\n<\/ul>\n<\/li>\n<\/ul>\n<p>&nbsp;<\/p>\n","protected":false},"excerpt":{"rendered":"<p>Tesis doctoral de Jos\u00e9 L\u00f3pez Parada El objetivo de este trabajo ha sido el de elaborar un modelo de referencia, [&hellip;]<\/p>\n","protected":false},"author":1,"featured_media":0,"comment_status":"open","ping_status":"open","sticky":false,"template":"","format":"standard","meta":{"site-sidebar-layout":"default","site-content-layout":"","ast-site-content-layout":"","site-content-style":"default","site-sidebar-style":"default","ast-global-header-display":"","ast-banner-title-visibility":"","ast-main-header-display":"","ast-hfb-above-header-display":"","ast-hfb-below-header-display":"","ast-hfb-mobile-header-display":"","site-post-title":"","ast-breadcrumbs-content":"","ast-featured-img":"","footer-sml-layout":"","theme-transparent-header-meta":"","adv-header-id-meta":"","stick-header-meta":"","header-above-stick-meta":"","header-main-stick-meta":"","header-below-stick-meta":"","astra-migrate-meta-layouts":"default","ast-page-background-enabled":"default","ast-page-background-meta":{"desktop":{"background-color":"var(--ast-global-color-4)","background-image":"","background-repeat":"repeat","background-position":"center center","background-size":"auto","background-attachment":"scroll","background-type":"","background-media":"","overlay-type":"","overlay-color":"","overlay-gradient":""},"tablet":{"background-color":"","background-image":"","background-repeat":"repeat","background-position":"center center","background-size":"auto","background-attachment":"scroll","background-type":"","background-media":"","overlay-type":"","overlay-color":"","overlay-gradient":""},"mobile":{"background-color":"","background-image":"","background-repeat":"repeat","background-position":"center center","background-size":"auto","background-attachment":"scroll","background-type":"","background-media":"","overlay-type":"","overlay-color":"","overlay-gradient":""}},"ast-content-background-meta":{"desktop":{"background-color":"var(--ast-global-color-5)","background-image":"","background-repeat":"repeat","background-position":"center center","background-size":"auto","background-attachment":"scroll","background-type":"","background-media":"","overlay-type":"","overlay-color":"","overlay-gradient":""},"tablet":{"background-color":"var(--ast-global-color-5)","background-image":"","background-repeat":"repeat","background-position":"center center","background-size":"auto","background-attachment":"scroll","background-type":"","background-media":"","overlay-type":"","overlay-color":"","overlay-gradient":""},"mobile":{"background-color":"var(--ast-global-color-5)","background-image":"","background-repeat":"repeat","background-position":"center center","background-size":"auto","background-attachment":"scroll","background-type":"","background-media":"","overlay-type":"","overlay-color":"","overlay-gradient":""}},"footnotes":""},"categories":[951,7570,991,6525,9215],"tags":[7573,209116,19974,51113],"class_list":["post-103232","post","type-post","status-publish","format-standard","hentry","category-barcelona","category-gestion-de-recursos-humanos","category-innovacion-tecnologica","category-organizacion-de-la-produccion","category-regulacion-gubernamental-del-sector-privado","tag-enrique-claver-cortes","tag-jose-lopez-parada","tag-jose-maria-castan-farrero","tag-marti-casadesus-fa"],"_links":{"self":[{"href":"https:\/\/www.deberes.net\/tesis\/wp-json\/wp\/v2\/posts\/103232","targetHints":{"allow":["GET"]}}],"collection":[{"href":"https:\/\/www.deberes.net\/tesis\/wp-json\/wp\/v2\/posts"}],"about":[{"href":"https:\/\/www.deberes.net\/tesis\/wp-json\/wp\/v2\/types\/post"}],"author":[{"embeddable":true,"href":"https:\/\/www.deberes.net\/tesis\/wp-json\/wp\/v2\/users\/1"}],"replies":[{"embeddable":true,"href":"https:\/\/www.deberes.net\/tesis\/wp-json\/wp\/v2\/comments?post=103232"}],"version-history":[{"count":0,"href":"https:\/\/www.deberes.net\/tesis\/wp-json\/wp\/v2\/posts\/103232\/revisions"}],"wp:attachment":[{"href":"https:\/\/www.deberes.net\/tesis\/wp-json\/wp\/v2\/media?parent=103232"}],"wp:term":[{"taxonomy":"category","embeddable":true,"href":"https:\/\/www.deberes.net\/tesis\/wp-json\/wp\/v2\/categories?post=103232"},{"taxonomy":"post_tag","embeddable":true,"href":"https:\/\/www.deberes.net\/tesis\/wp-json\/wp\/v2\/tags?post=103232"}],"curies":[{"name":"wp","href":"https:\/\/api.w.org\/{rel}","templated":true}]}}