{"id":103263,"date":"2018-03-11T10:25:46","date_gmt":"2018-03-11T10:25:46","guid":{"rendered":"https:\/\/www.deberes.net\/tesis\/sin-categoria\/aplicacion-de-tecnicas-in-vitro-a-la-conservacion-de-thymus-moroderi-pau-ex-martinez\/"},"modified":"2018-03-11T10:25:46","modified_gmt":"2018-03-11T10:25:46","slug":"aplicacion-de-tecnicas-in-vitro-a-la-conservacion-de-thymus-moroderi-pau-ex-Martinez","status":"publish","type":"post","link":"https:\/\/www.deberes.net\/tesis\/fisiologia-vegetal\/aplicacion-de-tecnicas-in-vitro-a-la-conservacion-de-thymus-moroderi-pau-ex-Martinez\/","title":{"rendered":"Aplicaci\u00f3n de t\u00e9cnicas in vitro a la conservaci\u00f3n de thymus moroderi pau ex mart\u00ednez"},"content":{"rendered":"<h2>Tesis doctoral de <strong> Ana Marco Medina <\/strong><\/h2>\n<p>Thymus moroderi pau ex mart\u00ednez es un endemismo iberolevantino caracterizado por su uso tradicional como planta medicinal y como base para la aromatizaci\u00f3n de licores (cantueso). Esta especie est\u00e1 catalogada como casi amenazada (nt) en la lista roja de la flora vascular espa\u00f1ola. Hemos desarrollado de forma exitosa estrategias de conservaci\u00f3n ex situ para esta especie basadas en el cultivo in vitro que permiten tanto una conservaci\u00f3n a corto-medio plazo como a largo plazo. para la conservaci\u00f3n in vitro de thymus moroderi desarrollamos inicialmente un protocolo de micropropagaci\u00f3n a partir de segmentos nodales y apicales de material adulto. El inicio de cultivo a partir de material silvestre present\u00f3 una elevada dificultad debido a altos \u00edndices de contaminaci\u00f3n y falta de crecimiento del material no contaminado. Sin embargo, una vez establecido el cultivo in vitro el material puede multiplicarse y enraizar en medio ms con sacarosa 30 g l-1 y agar 7 g l-1 sin necesidad de a\u00f1adir reguladores del crecimiento. La aclimataci\u00f3n de las pl\u00e1ntulas enraizadas a condiciones ex vitro no presenta ninguna dificultad y es mayor del 90%. para la conservaci\u00f3n a medio plazo recurrimos a t\u00e9cnicas de crecimiento lento adicionando al medio de cultivo diferentes concentraciones de agentes osm\u00f3ticos. Finalmente seleccionamos el medio ms con sacarosa 15 g l-1 y manitol 15 g l-1 combinado con oscuridad y baja temperatura (4 \u00c2\u00bac), lo que nos permiti\u00f3 mantener los explantos durante 29 semanas sin necesidad de ser subcultivados, antes de transferirlos a condiciones est\u00e1ndar de temperatura. Durante este periodo de almacenamiento a baja temperatura pudimos constatar el papel relevante de putrescina libre y conjugada y espermidina ligada en la adaptaci\u00f3n de las plantas a la baja temperatura. para la conservaci\u00f3n a largo plazo desarrollamos tres t\u00e9cnicas de crioconservaci\u00f3n: vitrificaci\u00f3n en gota, vitrificaci\u00f3n y encapsulaci\u00f3n-desecaci\u00f3n. La vitrificaci\u00f3n y vitrificaci\u00f3n en gota produjeron los mejores resultados, as\u00ed tras 60 y 30 min de deshidrataci\u00f3n en pvs2, respectivamente, se obtuvieron los porcentajes m\u00e1s altos de supervivencia (80 y 71.4%). En material procedente de crioconservaci\u00f3n por vitrificaci\u00f3n realizamos un an\u00e1lisis de rapds con el fin de estudiar la estabilidad gen\u00e9tica del material crioconservado, obtuvimos un 0.34% de variaci\u00f3n.  finalmente, realizamos una primera aproximaci\u00f3n al estudio del perfil metab\u00f3lico y de los aceites esenciales de material procedente de micropropagaci\u00f3n y crioconservaci\u00f3n.<\/p>\n<p>&nbsp;<\/p>\n<h3>Datos acad\u00e9micos de la tesis doctoral \u00ab<strong>Aplicaci\u00f3n de t\u00e9cnicas in vitro a la conservaci\u00f3n de thymus moroderi pau ex mart\u00ednez<\/strong>\u00ab<\/h3>\n<ul>\n<li><strong>T\u00edtulo de la tesis:<\/strong>\u00a0 Aplicaci\u00f3n de t\u00e9cnicas in vitro a la conservaci\u00f3n de thymus moroderi pau ex mart\u00ednez <\/li>\n<li><strong>Autor:<\/strong>\u00a0 Ana Marco Medina <\/li>\n<li><strong>Universidad:<\/strong>\u00a0 Alicante<\/li>\n<li><strong>Fecha de lectura de la tesis:<\/strong>\u00a0 23\/07\/2010<\/li>\n<\/ul>\n<p>&nbsp;<\/p>\n<h3>Direcci\u00f3n y tribunal<\/h3>\n<ul>\n<li><strong>Director de la tesis<\/strong>\n<ul>\n<li>Jos\u00e9 Luis Casas Mart\u00ednez<\/li>\n<\/ul>\n<\/li>\n<li><strong>Tribunal<\/strong>\n<ul>\n<li>Presidente del tribunal: Jos\u00e9 Antonio  del Rio conesa <\/li>\n<li>abel Piqueras castillo (vocal)<\/li>\n<li>Mar\u00eda Elena Gonz\u00e1lez benito (vocal)<\/li>\n<li>Mar\u00eda del carmen Mart\u00edn fern\u00e1ndez (vocal)<\/li>\n<\/ul>\n<\/li>\n<\/ul>\n<p>&nbsp;<\/p>\n","protected":false},"excerpt":{"rendered":"<p>Tesis doctoral de Ana Marco Medina Thymus moroderi pau ex mart\u00ednez es un endemismo iberolevantino caracterizado por su uso tradicional [&hellip;]<\/p>\n","protected":false},"author":1,"featured_media":0,"comment_status":"open","ping_status":"open","sticky":false,"template":"","format":"standard","meta":{"site-sidebar-layout":"default","site-content-layout":"","ast-site-content-layout":"","site-content-style":"default","site-sidebar-style":"default","ast-global-header-display":"","ast-banner-title-visibility":"","ast-main-header-display":"","ast-hfb-above-header-display":"","ast-hfb-below-header-display":"","ast-hfb-mobile-header-display":"","site-post-title":"","ast-breadcrumbs-content":"","ast-featured-img":"","footer-sml-layout":"","theme-transparent-header-meta":"","adv-header-id-meta":"","stick-header-meta":"","header-above-stick-meta":"","header-main-stick-meta":"","header-below-stick-meta":"","astra-migrate-meta-layouts":"default","ast-page-background-enabled":"default","ast-page-background-meta":{"desktop":{"background-color":"var(--ast-global-color-4)","background-image":"","background-repeat":"repeat","background-position":"center center","background-size":"auto","background-attachment":"scroll","background-type":"","background-media":"","overlay-type":"","overlay-color":"","overlay-gradient":""},"tablet":{"background-color":"","background-image":"","background-repeat":"repeat","background-position":"center center","background-size":"auto","background-attachment":"scroll","background-type":"","background-media":"","overlay-type":"","overlay-color":"","overlay-gradient":""},"mobile":{"background-color":"","background-image":"","background-repeat":"repeat","background-position":"center center","background-size":"auto","background-attachment":"scroll","background-type":"","background-media":"","overlay-type":"","overlay-color":"","overlay-gradient":""}},"ast-content-background-meta":{"desktop":{"background-color":"var(--ast-global-color-5)","background-image":"","background-repeat":"repeat","background-position":"center center","background-size":"auto","background-attachment":"scroll","background-type":"","background-media":"","overlay-type":"","overlay-color":"","overlay-gradient":""},"tablet":{"background-color":"var(--ast-global-color-5)","background-image":"","background-repeat":"repeat","background-position":"center center","background-size":"auto","background-attachment":"scroll","background-type":"","background-media":"","overlay-type":"","overlay-color":"","overlay-gradient":""},"mobile":{"background-color":"var(--ast-global-color-5)","background-image":"","background-repeat":"repeat","background-position":"center center","background-size":"auto","background-attachment":"scroll","background-type":"","background-media":"","overlay-type":"","overlay-color":"","overlay-gradient":""}},"footnotes":""},"categories":[19166,479,16215],"tags":[86376,209161,16495,19386,147456,105928],"class_list":["post-103263","post","type-post","status-publish","format-standard","hentry","category-alicante","category-fisiologia-vegetal","category-propagacion-de-vegetales","tag-abel-piqueras-castillo","tag-ana-marco-medina","tag-jose-antonio-del-rio-conesa","tag-jose-luis-casas-Martinez","tag-maria-del-carmen-martin-fernandez","tag-maria-elena-gonzalez-benito"],"_links":{"self":[{"href":"https:\/\/www.deberes.net\/tesis\/wp-json\/wp\/v2\/posts\/103263","targetHints":{"allow":["GET"]}}],"collection":[{"href":"https:\/\/www.deberes.net\/tesis\/wp-json\/wp\/v2\/posts"}],"about":[{"href":"https:\/\/www.deberes.net\/tesis\/wp-json\/wp\/v2\/types\/post"}],"author":[{"embeddable":true,"href":"https:\/\/www.deberes.net\/tesis\/wp-json\/wp\/v2\/users\/1"}],"replies":[{"embeddable":true,"href":"https:\/\/www.deberes.net\/tesis\/wp-json\/wp\/v2\/comments?post=103263"}],"version-history":[{"count":0,"href":"https:\/\/www.deberes.net\/tesis\/wp-json\/wp\/v2\/posts\/103263\/revisions"}],"wp:attachment":[{"href":"https:\/\/www.deberes.net\/tesis\/wp-json\/wp\/v2\/media?parent=103263"}],"wp:term":[{"taxonomy":"category","embeddable":true,"href":"https:\/\/www.deberes.net\/tesis\/wp-json\/wp\/v2\/categories?post=103263"},{"taxonomy":"post_tag","embeddable":true,"href":"https:\/\/www.deberes.net\/tesis\/wp-json\/wp\/v2\/tags?post=103263"}],"curies":[{"name":"wp","href":"https:\/\/api.w.org\/{rel}","templated":true}]}}