{"id":103300,"date":"2018-03-11T10:25:46","date_gmt":"2018-03-11T10:25:46","guid":{"rendered":"https:\/\/www.deberes.net\/tesis\/sin-categoria\/lois-toba%c2%ado-vida-e-obra-dun-humanista-galego-e-un-galeguista-universal\/"},"modified":"2018-03-11T10:25:46","modified_gmt":"2018-03-11T10:25:46","slug":"lois-toba%c2%ado-vida-e-obra-dun-humanista-galego-e-un-galeguista-universal","status":"publish","type":"post","link":"https:\/\/www.deberes.net\/tesis\/santiago-de-compostela\/lois-toba%c2%ado-vida-e-obra-dun-humanista-galego-e-un-galeguista-universal\/","title":{"rendered":"Lois tob\u00edo: vida e obra dun humanista galego e un galeguista universal"},"content":{"rendered":"<h2>Tesis doctoral de <strong> Francisco Fidel Maseda Maseda <\/strong><\/h2>\n<p>Lois tob\u00edo: vida e obra dun humanista galego e un galeguista universal.  o prop\u00f3sito da mi\u00f1a tese e os contidos b\u00e1sicos delas, xirar\u00edan en torno a achega a figura de lois tob\u00edo, un tob\u00edo que para min e un guieiro, un faro, un prototipo de humanista e intelectual galeguista, de home interdisciplinar e de galego universal, plural e aberto. Un galego a cata cabal. Que buscou durante case un s\u00e9culo de traballo fiel e impagable o mellor para galicia, os seus homes e as s\u00faas mulleres. Xa fora mediante a participaci\u00f3n na creaci\u00f3n da primeira instituci\u00f3n de car\u00e1cter interdisciplinario, o seminario de estudios galegos, cerne de investigadores e de publicaci\u00f3ns que abarcaban t\u00f3dolos aspectos das ciencias humanas e das artes, po\u00f1endo en boga e a altura das demais culturas da pen\u00ednsula e de fora, a cultura galega. Instituci\u00f3n que co tempo chegar\u00e1 a ser a galaxia m\u00e1is importante do pequeno cosmos intelectual galego. Servindo de catalizador de ideas, arelas e sentimentos a prol do desenrolo cultural galego. Chegando a converterse na empresa intelectual e cient\u00edfica m\u00e1is notable da galicia do s\u00e9culo xx. E sendo un intento de romper barreiras e universalizar a cultura galega. Xa fora loitando a prol da autonom\u00eda galega, mediante a redacci\u00f3n do i anteproxecto de autonom\u00eda para galicia. O primeiro desas caracter\u00edsticas redactado no estado espa\u00f1ol. Ou sendo parte esencial na fundaci\u00f3n do partido galeguista que inclu\u00edu grazas a tob\u00edo entre as bases estatutarias o axioma: galicia c\u00e9lula de universalidade, antiimperialismo, federalismo internacional e pacifismo. Demostrando tob\u00edo desta maneira que o universalismo non se atopa en contradici\u00f3n co desenrolo das culturas nacionais, sen\u00f3n todo o contrario. Posto que para lois tob\u00edo a humanidade \u00e9 un organismo completo onde cada unha das naci\u00f3ns \u00e9 c\u00e9lula de universalidade. Sendo posible integrar o cami\u00f1o cara a universalidade, cara o amor e a comprensi\u00f3n de t\u00f3dolos pobos, co cami\u00f1o cara o desenvolvemento das caracter\u00edsticas nacionais, de cada un dos pobos que integramos a humanidade. Xa fora mant\u00e9ndose leal a legalidade republicana tanto dentro do territorio espa\u00f1ol como lonxe del. Xa fora nos anos do exilio sendo parte esencial da celebraci\u00f3n do i congreso da emigraci\u00f3n galega, na edici\u00f3n da i historia de galicia, na creaci\u00f3n dun estatuario xur\u00eddico para o consello de galicia, un organismo que actuou coma fideicomisario da vontade aut\u00f3noma do pobo galego. E que propiciou que este se equiparase cos gobernos aut\u00f3nomos de catalunya e euskadi. Ou levando a cabo tarefas de an\u00e1lise xornal\u00edstica sobre a realidade mundial, espa\u00f1ola e galega da \u00e9poca, ou sobre temas hist\u00f3ricos, literarios e art\u00edsticos. Sen esquecer a s\u00faa faceta de tradutor co cal procurou sempre verter no vilipendiado idioma galego, as obras de tantos e tantos escritores de sona mundial, como goethe, rilke, baudelaire, mann e outros. Facetas todas estas mencionadas que nos dan boa mostra da universal curiosidade e formaci\u00f3n interdisciplinar da figura tobiana. Co\u00f1ecedor do mundo rural galego labrego e mari\u00f1eiro, da axitada realidade urbana galega da \u00e9poca.<\/p>\n<p>&nbsp;<\/p>\n<h3>Datos acad\u00e9micos de la tesis doctoral \u00ab<strong>Lois tob\u00edo: vida e obra dun humanista galego e un galeguista universal<\/strong>\u00ab<\/h3>\n<ul>\n<li><strong>T\u00edtulo de la tesis:<\/strong>\u00a0 Lois tob\u00edo: vida e obra dun humanista galego e un galeguista universal <\/li>\n<li><strong>Autor:<\/strong>\u00a0 Francisco Fidel Maseda Maseda <\/li>\n<li><strong>Universidad:<\/strong>\u00a0 Santiago de compostela<\/li>\n<li><strong>Fecha de lectura de la tesis:<\/strong>\u00a0 23\/07\/2010<\/li>\n<\/ul>\n<p>&nbsp;<\/p>\n<h3>Direcci\u00f3n y tribunal<\/h3>\n<ul>\n<li><strong>Director de la tesis<\/strong>\n<ul>\n<li>Jes\u00fas Manuel Blanco  Echauri<\/li>\n<\/ul>\n<\/li>\n<li><strong>Tribunal<\/strong>\n<ul>\n<li>Presidente del tribunal: ramon Villares paz <\/li>\n<li>julio Prada rodr\u00edguez (vocal)<\/li>\n<li>Jes\u00fas De Juan a l\u00f3pez (vocal)<\/li>\n<li>Fernando Jes\u00fas Bouza alvarez (vocal)<\/li>\n<\/ul>\n<\/li>\n<\/ul>\n<p>&nbsp;<\/p>\n","protected":false},"excerpt":{"rendered":"<p>Tesis doctoral de Francisco Fidel Maseda Maseda Lois tob\u00edo: vida e obra dun humanista galego e un galeguista universal. o [&hellip;]<\/p>\n","protected":false},"author":1,"featured_media":0,"comment_status":"open","ping_status":"open","sticky":false,"template":"","format":"standard","meta":{"site-sidebar-layout":"default","site-content-layout":"","ast-site-content-layout":"","site-content-style":"default","site-sidebar-style":"default","ast-global-header-display":"","ast-banner-title-visibility":"","ast-main-header-display":"","ast-hfb-above-header-display":"","ast-hfb-below-header-display":"","ast-hfb-mobile-header-display":"","site-post-title":"","ast-breadcrumbs-content":"","ast-featured-img":"","footer-sml-layout":"","theme-transparent-header-meta":"","adv-header-id-meta":"","stick-header-meta":"","header-above-stick-meta":"","header-main-stick-meta":"","header-below-stick-meta":"","astra-migrate-meta-layouts":"default","ast-page-background-enabled":"default","ast-page-background-meta":{"desktop":{"background-color":"var(--ast-global-color-4)","background-image":"","background-repeat":"repeat","background-position":"center center","background-size":"auto","background-attachment":"scroll","background-type":"","background-media":"","overlay-type":"","overlay-color":"","overlay-gradient":""},"tablet":{"background-color":"","background-image":"","background-repeat":"repeat","background-position":"center center","background-size":"auto","background-attachment":"scroll","background-type":"","background-media":"","overlay-type":"","overlay-color":"","overlay-gradient":""},"mobile":{"background-color":"","background-image":"","background-repeat":"repeat","background-position":"center center","background-size":"auto","background-attachment":"scroll","background-type":"","background-media":"","overlay-type":"","overlay-color":"","overlay-gradient":""}},"ast-content-background-meta":{"desktop":{"background-color":"var(--ast-global-color-5)","background-image":"","background-repeat":"repeat","background-position":"center center","background-size":"auto","background-attachment":"scroll","background-type":"","background-media":"","overlay-type":"","overlay-color":"","overlay-gradient":""},"tablet":{"background-color":"var(--ast-global-color-5)","background-image":"","background-repeat":"repeat","background-position":"center center","background-size":"auto","background-attachment":"scroll","background-type":"","background-media":"","overlay-type":"","overlay-color":"","overlay-gradient":""},"mobile":{"background-color":"var(--ast-global-color-5)","background-image":"","background-repeat":"repeat","background-position":"center center","background-size":"auto","background-attachment":"scroll","background-type":"","background-media":"","overlay-type":"","overlay-color":"","overlay-gradient":""}},"footnotes":""},"categories":[6008,977],"tags":[36571,209228,124993,209229,81042,2911],"class_list":["post-103300","post","type-post","status-publish","format-standard","hentry","category-filosofia-politica","category-santiago-de-compostela","tag-fernando-jesus-bouza-alvarez","tag-francisco-fidel-maseda-maseda","tag-jesus-de-juan-a-lopez","tag-jesus-manuel-blanco-echauri","tag-julio-prada-rodriguez","tag-ramon-villares-paz"],"_links":{"self":[{"href":"https:\/\/www.deberes.net\/tesis\/wp-json\/wp\/v2\/posts\/103300","targetHints":{"allow":["GET"]}}],"collection":[{"href":"https:\/\/www.deberes.net\/tesis\/wp-json\/wp\/v2\/posts"}],"about":[{"href":"https:\/\/www.deberes.net\/tesis\/wp-json\/wp\/v2\/types\/post"}],"author":[{"embeddable":true,"href":"https:\/\/www.deberes.net\/tesis\/wp-json\/wp\/v2\/users\/1"}],"replies":[{"embeddable":true,"href":"https:\/\/www.deberes.net\/tesis\/wp-json\/wp\/v2\/comments?post=103300"}],"version-history":[{"count":0,"href":"https:\/\/www.deberes.net\/tesis\/wp-json\/wp\/v2\/posts\/103300\/revisions"}],"wp:attachment":[{"href":"https:\/\/www.deberes.net\/tesis\/wp-json\/wp\/v2\/media?parent=103300"}],"wp:term":[{"taxonomy":"category","embeddable":true,"href":"https:\/\/www.deberes.net\/tesis\/wp-json\/wp\/v2\/categories?post=103300"},{"taxonomy":"post_tag","embeddable":true,"href":"https:\/\/www.deberes.net\/tesis\/wp-json\/wp\/v2\/tags?post=103300"}],"curies":[{"name":"wp","href":"https:\/\/api.w.org\/{rel}","templated":true}]}}