{"id":103322,"date":"2018-03-11T10:25:51","date_gmt":"2018-03-11T10:25:51","guid":{"rendered":"https:\/\/www.deberes.net\/tesis\/sin-categoria\/consciousising-relatedness-systemic-conflict-transformation-in-political-constellations\/"},"modified":"2018-03-11T10:25:51","modified_gmt":"2018-03-11T10:25:51","slug":"consciousising-relatedness-systemic-conflict-transformation-in-political-constellations","status":"publish","type":"post","link":"https:\/\/www.deberes.net\/tesis\/sistemas-politicos\/consciousising-relatedness-systemic-conflict-transformation-in-political-constellations\/","title":{"rendered":"Consciousising relatedness. systemic conflict transformation in political constellations."},"content":{"rendered":"<h2>Tesis doctoral de <strong> Fabian Patrick Mayr <\/strong><\/h2>\n<p>Los conflictos son. En esta frase, aparentemente incompleta, residen muchos elementos importantes para el estudio de los conflictos y su transformaci\u00f3n &#8211; la pr\u00e1ctica. En una visi\u00f3n m\u00e1s reciente de los conflictos, estos no son percibidos como algo estrictamente negativo, limitados por el  tiempo y violentos, sino principalmente como relacionales, que no deben ser juzgados de antemano, considerados desde un enfoque positivo y, sobre todo, transformables.   esta es la noci\u00f3n de los conflictos que ser\u00e1 fundamental en este trabajo seg\u00fan la encontramos en el discurso contempor\u00e1neo sobre la transformaci\u00f3n de los conflictos. De esta manera, los conflictos est\u00e1n omnipresentes en por lo menos cuatro dimensiones de nuestro ser fenomenol\u00f3gico: intrapersonal, interpersonal, estructural y cultural. Los conflictos siempre tienen elementos psicol\u00f3gicos y sociol\u00f3gicos que coexisten y por lo tanto habr\u00e1 que contemplar lo psicosocial de \u00c2\u00bfqui\u00e9n y c\u00f3mo soy yo en los sistemas sociales? Nuestro ser est\u00e1 siempre vinculado a los sistemas de los cuales formamos parte. No podemos no formar parte de ciertos sistemas. Tan pronto como la vida humana comienza, tan pronto como estamos en el mundo, es la familia; son padres y ni\u00f1os. De esta manera nuestro ser sist\u00e9mico est\u00e1 m\u00e1s entre nosotros que en nosotros. Las relaciones que formamos y que naturalmente tenemos nos influyen mucho m\u00e1s de lo que yo soy como individuo.   la hip\u00f3tesis de este trabajo es: \u00abla esencia de la transformaci\u00f3n de conflictos son las relaciones dentro de, y en particular entre, las partes en conflicto. Una mayor consciencia acerca de la relacionalidad suscitada con el m\u00e9todo fenomenol\u00f3gico de las constelaciones sist\u00e9micas, permite acercarse con m\u00e1s transcendencia al ser, el cual consiste en cuatro dimensiones: translocalidad, -personalidad, -racionalidad, y -temporalidad.\u00bb   las metas y objetivos de esta tesis que se sintetizan en esta hip\u00f3tesis son por lo tanto:  \u00c2\u00bf\tdescribir las constelaciones pol\u00edticas y la transcendencia que se genera a trav\u00e9s de las percepciones representantivas.  \u00c2\u00bf\tbuscar analog\u00edas entre los campos m\u00f3rficos y la f\u00edsica cu\u00e1ntica desde un enfoque transdisciplinar con el fin de explicar la percepci\u00f3n representativa.  \u00c2\u00bf\tinvestigar y demostrar por qu\u00e9 y c\u00f3mo las constelaciones sist\u00e9micas son un m\u00e9todo fenomenol\u00f3gico para transformar fen\u00f3menos (conflictos).  \u00c2\u00bf\tmostrar c\u00f3mo el m\u00e9todo psicosocial de la constelaci\u00f3n pol\u00edtica se relaciona con otros enfoques de transformaci\u00f3n de conflictos.  \u00c2\u00bf\telaborar y probar emp\u00edricamente la aplicabilidad y utilidad de las constelaciones pol\u00edticas para la transformaci\u00f3n sist\u00e9mica de conflictos.<\/p>\n<p>&nbsp;<\/p>\n<h3>Datos acad\u00e9micos de la tesis doctoral \u00ab<strong>Consciousising relatedness. systemic conflict transformation in political constellations.<\/strong>\u00ab<\/h3>\n<ul>\n<li><strong>T\u00edtulo de la tesis:<\/strong>\u00a0 Consciousising relatedness. systemic conflict transformation in political constellations. <\/li>\n<li><strong>Autor:<\/strong>\u00a0 Fabian Patrick Mayr <\/li>\n<li><strong>Universidad:<\/strong>\u00a0 Jaume i de castell\u00f3n<\/li>\n<li><strong>Fecha de lectura de la tesis:<\/strong>\u00a0 26\/07\/2010<\/li>\n<\/ul>\n<p>&nbsp;<\/p>\n<h3>Direcci\u00f3n y tribunal<\/h3>\n<ul>\n<li><strong>Director de la tesis<\/strong>\n<ul>\n<li>Elo\u00edsa Fernanda Nos Ald\u00e1s<\/li>\n<\/ul>\n<\/li>\n<li><strong>Tribunal<\/strong>\n<ul>\n<li>Presidente del tribunal: vicente Mart\u00ednez guzm\u00e1n <\/li>\n<li>Francisco Javier Rodr\u00edguez alc\u00e1zar (vocal)<\/li>\n<li>norbert Koppensteiner (vocal)<\/li>\n<li>Jos\u00e9 \u00e1ngel Ruiz jim\u00e9nez (vocal)<\/li>\n<\/ul>\n<\/li>\n<\/ul>\n<p>&nbsp;<\/p>\n","protected":false},"excerpt":{"rendered":"<p>Tesis doctoral de Fabian Patrick Mayr Los conflictos son. En esta frase, aparentemente incompleta, residen muchos elementos importantes para el [&hellip;]<\/p>\n","protected":false},"author":1,"featured_media":0,"comment_status":"open","ping_status":"open","sticky":false,"template":"","format":"standard","meta":{"site-sidebar-layout":"default","site-content-layout":"","ast-site-content-layout":"","site-content-style":"default","site-sidebar-style":"default","ast-global-header-display":"","ast-banner-title-visibility":"","ast-main-header-display":"","ast-hfb-above-header-display":"","ast-hfb-below-header-display":"","ast-hfb-mobile-header-display":"","site-post-title":"","ast-breadcrumbs-content":"","ast-featured-img":"","footer-sml-layout":"","theme-transparent-header-meta":"","adv-header-id-meta":"","stick-header-meta":"","header-above-stick-meta":"","header-main-stick-meta":"","header-below-stick-meta":"","astra-migrate-meta-layouts":"default","ast-page-background-enabled":"default","ast-page-background-meta":{"desktop":{"background-color":"var(--ast-global-color-4)","background-image":"","background-repeat":"repeat","background-position":"center center","background-size":"auto","background-attachment":"scroll","background-type":"","background-media":"","overlay-type":"","overlay-color":"","overlay-gradient":""},"tablet":{"background-color":"","background-image":"","background-repeat":"repeat","background-position":"center center","background-size":"auto","background-attachment":"scroll","background-type":"","background-media":"","overlay-type":"","overlay-color":"","overlay-gradient":""},"mobile":{"background-color":"","background-image":"","background-repeat":"repeat","background-position":"center center","background-size":"auto","background-attachment":"scroll","background-type":"","background-media":"","overlay-type":"","overlay-color":"","overlay-gradient":""}},"ast-content-background-meta":{"desktop":{"background-color":"var(--ast-global-color-5)","background-image":"","background-repeat":"repeat","background-position":"center center","background-size":"auto","background-attachment":"scroll","background-type":"","background-media":"","overlay-type":"","overlay-color":"","overlay-gradient":""},"tablet":{"background-color":"var(--ast-global-color-5)","background-image":"","background-repeat":"repeat","background-position":"center center","background-size":"auto","background-attachment":"scroll","background-type":"","background-media":"","overlay-type":"","overlay-color":"","overlay-gradient":""},"mobile":{"background-color":"var(--ast-global-color-5)","background-image":"","background-repeat":"repeat","background-position":"center center","background-size":"auto","background-attachment":"scroll","background-type":"","background-media":"","overlay-type":"","overlay-color":"","overlay-gradient":""}},"footnotes":""},"categories":[13155,14652,18725,7374,83233],"tags":[59544,209268,191094,191093,209269,11817],"class_list":["post-103322","post","type-post","status-publish","format-standard","hentry","category-filosofia-de-la-fisica","category-guerra-y-paz","category-jaume-i-de-castellon","category-sistemas-politicos","category-solucion-de-conflictos-internacionales","tag-eloisa-fernanda-nos-aldas","tag-fabian-patrick-mayr","tag-francisco-javier-rodriguez-alcazar","tag-jose-angel-ruiz-jimenez","tag-norbert-koppensteiner","tag-vicente-Martinez-guzman"],"_links":{"self":[{"href":"https:\/\/www.deberes.net\/tesis\/wp-json\/wp\/v2\/posts\/103322","targetHints":{"allow":["GET"]}}],"collection":[{"href":"https:\/\/www.deberes.net\/tesis\/wp-json\/wp\/v2\/posts"}],"about":[{"href":"https:\/\/www.deberes.net\/tesis\/wp-json\/wp\/v2\/types\/post"}],"author":[{"embeddable":true,"href":"https:\/\/www.deberes.net\/tesis\/wp-json\/wp\/v2\/users\/1"}],"replies":[{"embeddable":true,"href":"https:\/\/www.deberes.net\/tesis\/wp-json\/wp\/v2\/comments?post=103322"}],"version-history":[{"count":0,"href":"https:\/\/www.deberes.net\/tesis\/wp-json\/wp\/v2\/posts\/103322\/revisions"}],"wp:attachment":[{"href":"https:\/\/www.deberes.net\/tesis\/wp-json\/wp\/v2\/media?parent=103322"}],"wp:term":[{"taxonomy":"category","embeddable":true,"href":"https:\/\/www.deberes.net\/tesis\/wp-json\/wp\/v2\/categories?post=103322"},{"taxonomy":"post_tag","embeddable":true,"href":"https:\/\/www.deberes.net\/tesis\/wp-json\/wp\/v2\/tags?post=103322"}],"curies":[{"name":"wp","href":"https:\/\/api.w.org\/{rel}","templated":true}]}}