{"id":103353,"date":"2018-03-11T10:25:51","date_gmt":"2018-03-11T10:25:51","guid":{"rendered":"https:\/\/www.deberes.net\/tesis\/sin-categoria\/ciudades-intermedias-y-calidad-de-vida\/"},"modified":"2018-03-11T10:25:51","modified_gmt":"2018-03-11T10:25:51","slug":"ciudades-intermedias-y-calidad-de-vida","status":"publish","type":"post","link":"https:\/\/www.deberes.net\/tesis\/santiago-de-compostela\/ciudades-intermedias-y-calidad-de-vida\/","title":{"rendered":"Ciudades intermedias y calidad de vida"},"content":{"rendered":"<h2>Tesis doctoral de <strong> Alberto M\u00edguez Iglesias <\/strong><\/h2>\n<p>El objetivo del trabajo es analizare la calidad de vida en las ciudades de europa occidental para demostrar o rechazar la hip\u00f3tesis de que las ciudades medias ofrecen mejor y mayor calidad de vida, adem\u00e1s de ver que otros factores tienen relaci\u00f3n con mayores niveles de calidad de vida.  para demostrar dicha hipotesis se analizaron 54 indicadores aplicado a 128 ciudades de la europa de los 15, polonia y suiza.<\/p>\n<p>&nbsp;<\/p>\n<h3>Datos acad\u00e9micos de la tesis doctoral \u00ab<strong>Ciudades intermedias y calidad de vida<\/strong>\u00ab<\/h3>\n<ul>\n<li><strong>T\u00edtulo de la tesis:<\/strong>\u00a0 Ciudades intermedias y calidad de vida <\/li>\n<li><strong>Autor:<\/strong>\u00a0 Alberto M\u00edguez Iglesias <\/li>\n<li><strong>Universidad:<\/strong>\u00a0 Santiago de compostela<\/li>\n<li><strong>Fecha de lectura de la tesis:<\/strong>\u00a0 27\/07\/2010<\/li>\n<\/ul>\n<p>&nbsp;<\/p>\n<h3>Direcci\u00f3n y tribunal<\/h3>\n<ul>\n<li><strong>Director de la tesis<\/strong>\n<ul>\n<li>Andr\u00e9s Jos\u00e9 Precedo Ledo<\/li>\n<\/ul>\n<\/li>\n<li><strong>Tribunal<\/strong>\n<ul>\n<li>Presidente del tribunal: vicente Bielza de  ory <\/li>\n<li>Mar\u00eda asunci\u00f3n Mart\u00edn lou (vocal)<\/li>\n<li>Jos\u00e9 Javier Orosa gonz\u00e1lez (vocal)<\/li>\n<li>jon joseba Leonardo aurteneche (vocal)<\/li>\n<\/ul>\n<\/li>\n<\/ul>\n<p>&nbsp;<\/p>\n","protected":false},"excerpt":{"rendered":"<p>Tesis doctoral de Alberto M\u00edguez Iglesias El objetivo del trabajo es analizare la calidad de vida en las ciudades de [&hellip;]<\/p>\n","protected":false},"author":1,"featured_media":0,"comment_status":"open","ping_status":"open","sticky":false,"template":"","format":"standard","meta":{"site-sidebar-layout":"default","site-content-layout":"","ast-site-content-layout":"","site-content-style":"default","site-sidebar-style":"default","ast-global-header-display":"","ast-banner-title-visibility":"","ast-main-header-display":"","ast-hfb-above-header-display":"","ast-hfb-below-header-display":"","ast-hfb-mobile-header-display":"","site-post-title":"","ast-breadcrumbs-content":"","ast-featured-img":"","footer-sml-layout":"","theme-transparent-header-meta":"","adv-header-id-meta":"","stick-header-meta":"","header-above-stick-meta":"","header-main-stick-meta":"","header-below-stick-meta":"","astra-migrate-meta-layouts":"default","ast-page-background-enabled":"default","ast-page-background-meta":{"desktop":{"background-color":"var(--ast-global-color-4)","background-image":"","background-repeat":"repeat","background-position":"center center","background-size":"auto","background-attachment":"scroll","background-type":"","background-media":"","overlay-type":"","overlay-color":"","overlay-gradient":""},"tablet":{"background-color":"","background-image":"","background-repeat":"repeat","background-position":"center center","background-size":"auto","background-attachment":"scroll","background-type":"","background-media":"","overlay-type":"","overlay-color":"","overlay-gradient":""},"mobile":{"background-color":"","background-image":"","background-repeat":"repeat","background-position":"center center","background-size":"auto","background-attachment":"scroll","background-type":"","background-media":"","overlay-type":"","overlay-color":"","overlay-gradient":""}},"ast-content-background-meta":{"desktop":{"background-color":"var(--ast-global-color-5)","background-image":"","background-repeat":"repeat","background-position":"center center","background-size":"auto","background-attachment":"scroll","background-type":"","background-media":"","overlay-type":"","overlay-color":"","overlay-gradient":""},"tablet":{"background-color":"var(--ast-global-color-5)","background-image":"","background-repeat":"repeat","background-position":"center center","background-size":"auto","background-attachment":"scroll","background-type":"","background-media":"","overlay-type":"","overlay-color":"","overlay-gradient":""},"mobile":{"background-color":"var(--ast-global-color-5)","background-image":"","background-repeat":"repeat","background-position":"center center","background-size":"auto","background-attachment":"scroll","background-type":"","background-media":"","overlay-type":"","overlay-color":"","overlay-gradient":""}},"footnotes":""},"categories":[19815,8151,977,17190],"tags":[209322,201873,201872,125935,5747,133221],"class_list":["post-103353","post","type-post","status-publish","format-standard","hentry","category-calidad-de-vida","category-geografia-urbana","category-santiago-de-compostela","category-tamano-de-la-poblacion-y-evolucion-demografica","tag-alberto-miguez-iglesias","tag-andres-jose-precedo-ledo","tag-jon-joseba-leonardo-aurteneche","tag-jose-javier-orosa-gonzalez","tag-maria-asuncion-martin-lou","tag-vicente-bielza-de-ory"],"_links":{"self":[{"href":"https:\/\/www.deberes.net\/tesis\/wp-json\/wp\/v2\/posts\/103353","targetHints":{"allow":["GET"]}}],"collection":[{"href":"https:\/\/www.deberes.net\/tesis\/wp-json\/wp\/v2\/posts"}],"about":[{"href":"https:\/\/www.deberes.net\/tesis\/wp-json\/wp\/v2\/types\/post"}],"author":[{"embeddable":true,"href":"https:\/\/www.deberes.net\/tesis\/wp-json\/wp\/v2\/users\/1"}],"replies":[{"embeddable":true,"href":"https:\/\/www.deberes.net\/tesis\/wp-json\/wp\/v2\/comments?post=103353"}],"version-history":[{"count":0,"href":"https:\/\/www.deberes.net\/tesis\/wp-json\/wp\/v2\/posts\/103353\/revisions"}],"wp:attachment":[{"href":"https:\/\/www.deberes.net\/tesis\/wp-json\/wp\/v2\/media?parent=103353"}],"wp:term":[{"taxonomy":"category","embeddable":true,"href":"https:\/\/www.deberes.net\/tesis\/wp-json\/wp\/v2\/categories?post=103353"},{"taxonomy":"post_tag","embeddable":true,"href":"https:\/\/www.deberes.net\/tesis\/wp-json\/wp\/v2\/tags?post=103353"}],"curies":[{"name":"wp","href":"https:\/\/api.w.org\/{rel}","templated":true}]}}