{"id":103357,"date":"2018-03-11T10:25:51","date_gmt":"2018-03-11T10:25:51","guid":{"rendered":"https:\/\/www.deberes.net\/tesis\/sin-categoria\/la-tuna-universitaria-en-valladolid-la-tuna-de-derecho-legado-historico-y-aportaciones-a-la-educacion-musical\/"},"modified":"2018-03-11T10:25:51","modified_gmt":"2018-03-11T10:25:51","slug":"la-tuna-universitaria-en-valladolid-la-tuna-de-derecho-legado-historico-y-aportaciones-a-la-educacion-musical","status":"publish","type":"post","link":"https:\/\/www.deberes.net\/tesis\/musica-y-musicologia\/la-tuna-universitaria-en-valladolid-la-tuna-de-derecho-legado-historico-y-aportaciones-a-la-educacion-musical\/","title":{"rendered":"La tuna universitaria en valladolid: la tuna de derecho. legado hist\u00f3rico y aportaciones a la educaci\u00f3n musical."},"content":{"rendered":"<h2>Tesis doctoral de <strong> Ver\u00f3nica Mar\u00eda Del Carmen Casta\u00f1eda Lucas <\/strong><\/h2>\n<p>Esta tesis se basa en un estudio cient\u00edfico que profundiza en los aspectos hist\u00f3ricos de un movimiento musical universitario de siglos de existencia como es la tuna, para despu\u00e9s precisar en el ambiente tunantesco relativo a la universidad de valladolid, aportando al mismo tiempo, datos relevantes sobre el tema. Este trabajo se centra a dem\u00e1s en la realizaci\u00f3n de un an\u00e1lisis de todos los aspectos musicales que rodean a este fen\u00f3meno a trav\u00e9s del contacto directo con la actual tuna de derecho de valladolid, tanto de organolog\u00eda como de composiciones, adaptaciones, labor educativo-musical, canto y repertorio entre otros, y qu\u00e9 pueden \u00e9stos aportar a la educaci\u00f3n musical. Por otra parte tambi\u00e9n es destacable el ambiente social y cultural que estas agrupaciones nos aportan a lo largo del tiempo, sus motivos y su importancia en la sociedad actual y en el arte de la m\u00fasica.<\/p>\n<p>&nbsp;<\/p>\n<h3>Datos acad\u00e9micos de la tesis doctoral \u00ab<strong>La tuna universitaria en valladolid: la tuna de derecho. legado hist\u00f3rico y aportaciones a la educaci\u00f3n musical.<\/strong>\u00ab<\/h3>\n<ul>\n<li><strong>T\u00edtulo de la tesis:<\/strong>\u00a0 La tuna universitaria en valladolid: la tuna de derecho. legado hist\u00f3rico y aportaciones a la educaci\u00f3n musical. <\/li>\n<li><strong>Autor:<\/strong>\u00a0 Ver\u00f3nica Mar\u00eda Del Carmen Casta\u00f1eda Lucas <\/li>\n<li><strong>Universidad:<\/strong>\u00a0 Valladolid<\/li>\n<li><strong>Fecha de lectura de la tesis:<\/strong>\u00a0 27\/07\/2010<\/li>\n<\/ul>\n<p>&nbsp;<\/p>\n<h3>Direcci\u00f3n y tribunal<\/h3>\n<ul>\n<li><strong>Director de la tesis<\/strong>\n<ul>\n<li>Jos\u00e9 Ignacio Palacios Sanz<\/li>\n<\/ul>\n<\/li>\n<li><strong>Tribunal<\/strong>\n<ul>\n<li>Presidente del tribunal: Jos\u00e9 Mar\u00eda Roman sanchez <\/li>\n<li>Jos\u00e9 Hernando delgado (vocal)<\/li>\n<li>Mar\u00eda  de los angeles Subirats bayego (vocal)<\/li>\n<li>adalberto Mart\u00ednez solaesa (vocal)<\/li>\n<\/ul>\n<\/li>\n<\/ul>\n<p>&nbsp;<\/p>\n","protected":false},"excerpt":{"rendered":"<p>Tesis doctoral de Ver\u00f3nica Mar\u00eda Del Carmen Casta\u00f1eda Lucas Esta tesis se basa en un estudio cient\u00edfico que profundiza en [&hellip;]<\/p>\n","protected":false},"author":1,"featured_media":0,"comment_status":"open","ping_status":"open","sticky":false,"template":"","format":"standard","meta":{"site-sidebar-layout":"default","site-content-layout":"","ast-site-content-layout":"","site-content-style":"default","site-sidebar-style":"default","ast-global-header-display":"","ast-banner-title-visibility":"","ast-main-header-display":"","ast-hfb-above-header-display":"","ast-hfb-below-header-display":"","ast-hfb-mobile-header-display":"","site-post-title":"","ast-breadcrumbs-content":"","ast-featured-img":"","footer-sml-layout":"","theme-transparent-header-meta":"","adv-header-id-meta":"","stick-header-meta":"","header-above-stick-meta":"","header-main-stick-meta":"","header-below-stick-meta":"","astra-migrate-meta-layouts":"default","ast-page-background-enabled":"default","ast-page-background-meta":{"desktop":{"background-color":"var(--ast-global-color-4)","background-image":"","background-repeat":"repeat","background-position":"center center","background-size":"auto","background-attachment":"scroll","background-type":"","background-media":"","overlay-type":"","overlay-color":"","overlay-gradient":""},"tablet":{"background-color":"","background-image":"","background-repeat":"repeat","background-position":"center center","background-size":"auto","background-attachment":"scroll","background-type":"","background-media":"","overlay-type":"","overlay-color":"","overlay-gradient":""},"mobile":{"background-color":"","background-image":"","background-repeat":"repeat","background-position":"center center","background-size":"auto","background-attachment":"scroll","background-type":"","background-media":"","overlay-type":"","overlay-color":"","overlay-gradient":""}},"ast-content-background-meta":{"desktop":{"background-color":"var(--ast-global-color-5)","background-image":"","background-repeat":"repeat","background-position":"center center","background-size":"auto","background-attachment":"scroll","background-type":"","background-media":"","overlay-type":"","overlay-color":"","overlay-gradient":""},"tablet":{"background-color":"var(--ast-global-color-5)","background-image":"","background-repeat":"repeat","background-position":"center center","background-size":"auto","background-attachment":"scroll","background-type":"","background-media":"","overlay-type":"","overlay-color":"","overlay-gradient":""},"mobile":{"background-color":"var(--ast-global-color-5)","background-image":"","background-repeat":"repeat","background-position":"center center","background-size":"auto","background-attachment":"scroll","background-type":"","background-media":"","overlay-type":"","overlay-color":"","overlay-gradient":""}},"footnotes":""},"categories":[9132,12451],"tags":[42682,19880,49182,5139,72032,209328],"class_list":["post-103357","post","type-post","status-publish","format-standard","hentry","category-musica-y-musicologia","category-valladolid","tag-adalberto-Martinez-solaesa","tag-jose-hernando-delgado","tag-jose-ignacio-palacios-sanz","tag-jose-maria-roman-sanchez","tag-maria-de-los-angeles-subirats-bayego","tag-veronica-maria-del-carmen-castaneda-lucas"],"_links":{"self":[{"href":"https:\/\/www.deberes.net\/tesis\/wp-json\/wp\/v2\/posts\/103357","targetHints":{"allow":["GET"]}}],"collection":[{"href":"https:\/\/www.deberes.net\/tesis\/wp-json\/wp\/v2\/posts"}],"about":[{"href":"https:\/\/www.deberes.net\/tesis\/wp-json\/wp\/v2\/types\/post"}],"author":[{"embeddable":true,"href":"https:\/\/www.deberes.net\/tesis\/wp-json\/wp\/v2\/users\/1"}],"replies":[{"embeddable":true,"href":"https:\/\/www.deberes.net\/tesis\/wp-json\/wp\/v2\/comments?post=103357"}],"version-history":[{"count":0,"href":"https:\/\/www.deberes.net\/tesis\/wp-json\/wp\/v2\/posts\/103357\/revisions"}],"wp:attachment":[{"href":"https:\/\/www.deberes.net\/tesis\/wp-json\/wp\/v2\/media?parent=103357"}],"wp:term":[{"taxonomy":"category","embeddable":true,"href":"https:\/\/www.deberes.net\/tesis\/wp-json\/wp\/v2\/categories?post=103357"},{"taxonomy":"post_tag","embeddable":true,"href":"https:\/\/www.deberes.net\/tesis\/wp-json\/wp\/v2\/tags?post=103357"}],"curies":[{"name":"wp","href":"https:\/\/api.w.org\/{rel}","templated":true}]}}