{"id":103365,"date":"2018-03-11T10:25:56","date_gmt":"2018-03-11T10:25:56","guid":{"rendered":"https:\/\/www.deberes.net\/tesis\/sin-categoria\/contribucion-de-la-electronica-de-potencia-al-desarrollo-sostenible-reduccion-de-emisiones-para-el-escenario-espanol-en-los-anos-2006-2010-y-2020\/"},"modified":"2018-03-11T10:25:56","modified_gmt":"2018-03-11T10:25:56","slug":"contribucion-de-la-electronica-de-potencia-al-desarrollo-sostenible-reduccion-de-emisiones-para-el-escenario-espanol-en-los-anos-2006-2010-y-2020","status":"publish","type":"post","link":"https:\/\/www.deberes.net\/tesis\/tecnologia-energetica\/contribucion-de-la-electronica-de-potencia-al-desarrollo-sostenible-reduccion-de-emisiones-para-el-escenario-espanol-en-los-anos-2006-2010-y-2020\/","title":{"rendered":"Contribuci\u00f3n de la electr\u00f3nica de potencia al desarrollo sostenible. reducci\u00f3n de emisiones para el escenario espa\u00f1ol en los a\u00f1os  2006, 2010 y 2020"},"content":{"rendered":"<h2>Tesis doctoral de <strong> Francisco Javier Hurtado Albir <\/strong><\/h2>\n<p>La tesis persigue la evaluaci\u00f3n del impacto de la electr\u00f3nica de potencia en el escenario espa\u00f1ol tomando como indicador de referencia la reducci\u00f3n de gases de efecto invernadero. De forma global, se determinan unos sectores o \u00e1reas tecnol\u00f3gicas con penetraci\u00f3n de la electr\u00f3nica de potencia y con incidencia en la emisi\u00f3n de gases de efecto invernadero para su posterior an\u00e1lisis individualizado. Para cada uno de estos aspectos se procede a la cuantificaci\u00f3n sistem\u00e1tica de la reducci\u00f3n de emisiones para una situaci\u00f3n espacio-temporal concreta. Tambi\u00e9n se incluye en esta cuantificaci\u00f3n los efectos negativos (emisiones generadas) de la fabricaci\u00f3n de los equipos de potencia, como modo de valorar la verdadera contribuci\u00f3n de la electr\u00f3nica de potencia a la reducci\u00f3n de emisiones.  la aportaci\u00f3n de la electr\u00f3nica de potencia al desarrollo sostenible se estructura en torno a estas \u00e1reas tecnol\u00f3gicas:  a) generaci\u00f3n de energ\u00eda el\u00e9ctrica: la electr\u00f3nica de potencia como herramienta para el acondicionamiento de potencia en las energ\u00edas renovables y pilas de combustible  b) transmisi\u00f3n y distribuci\u00f3n de energ\u00eda el\u00e9ctrica. Mejora de la calidad del producto el\u00e9ctrico, a trav\u00e9s de los sistemas facts (\u00abflexible ac transmission systems\u00bb)  c) consumo de energ\u00eda el\u00e9ctrica. Aplicaciones de la electr\u00f3nica de potencia en el uso racional de la energ\u00eda en los sectores industrial y terciario, as\u00ed como el sector residencial: &#8211; iluminaci\u00f3n: l\u00e1mparas electr\u00f3nicas, balastos electr\u00f3nicos, regulaci\u00f3n, otros tipos de iluminaci\u00f3n eficiente &#8211; aire acondicionado, ventilaci\u00f3n y refrigeraci\u00f3n \/ caldeo por ciclo t\u00e9rmico combinados con accionamientos de velocidad variable) &#8211; mejora de rendimiento en fuentes de alimentaci\u00f3n de implantaci\u00f3n masiva: televisi\u00f3n, ordenadores y equipos de telecomunicaciones &#8211; fuentes de alimentaci\u00f3n con factor de potencia unitario &#8211; correcci\u00f3n activa localizada del factor de potencia &#8211; filtrado activo localizado &#8211; aplicaci\u00f3n de la electr\u00f3nica de potencia a los electrodom\u00e9sticos  d) transporte. Veh\u00edculos h\u00edbridos y veh\u00edculos de emisi\u00f3n cero.  e) ciclo de vida de un convertidor de electr\u00f3nica de potencia. La fabricaci\u00f3n de un equipo de potencia y la generaci\u00f3n de residuos. Cuantificaci\u00f3n de la energ\u00eda consumida en su manufactura.  en cuanto al escenario temporal analizado se toman las siguientes referencias:  &#8211; el pasado reciente, a\u00f1o 2006, empleando datos correspondientes a ese a\u00f1o, &#8211; el presente y futuro inmediato, a\u00f1o 2010, en el que se efectuar\u00e1n hip\u00f3tesis un tanto arriesgadas con el fin de evaluar cual podr\u00eda ser una contribuci\u00f3n razonable de la electr\u00f3nica de potencia si las pol\u00edticas contra el cambio clim\u00e1tico fueran m\u00e1s agresivas, combinado con extrapolaciones en base a los a\u00f1os recientes &#8211; el futuro a medio plazo, a\u00f1o 2020, en base a prognosis, compromisos e intenciones con visos de plausibilidad.  a partir del estado del arte y de documentaci\u00f3n relativa a pol\u00edticas energ\u00e9ticas y medioambientales (provenientes en muchos casos de organismos nacionales y supranacionales, como pueden ser, por ejemplo la comisi\u00f3n europea y la unfccc, convenio marco de las naciones unidas para el cambio clim\u00e1tico) se formula, para cada \u00e1rea tecnol\u00f3gica, una hip\u00f3tesis de penetraci\u00f3n para la electr\u00f3nica de potencia a lo largo de los a\u00f1os del estudio y se contrasta su plausibilidad. Posteriormente se analiza la contribuci\u00f3n en t\u00e9rminos de ahorro de energ\u00eda y de reducci\u00f3n de emisiones como indicadores del impacto sobre el escenario energ\u00e9tico y de emisiones espa\u00f1ol. Se eval\u00faa el impacto para cada una de las \u00e1reas definidas, evaluando tambi\u00e9n la cantidad de equipos de potencia necesarios, y delimitando escenarios, situaciones y supuestos energ\u00e9ticos en cada caso.  para cada \u00e1rea analizada se determina un m\u00e9todo para distinguir una contribuci\u00f3n directamente achacable a la electr\u00f3nica de potencia, en contraposici\u00f3n a una contribuci\u00f3n global posibilitada por ella en su relaci\u00f3n sin\u00e9rgica con el resto de elementos tecnol\u00f3gicos involucrados en la conversi\u00f3n energ\u00e9tica en el \u00e1rea en cuesti\u00f3n. En el caso del uso racional de la energ\u00eda, adem\u00e1s, se procede al desarrollo de modelos matem\u00e1ticos simplificados del ahorro de energ\u00eda para cada una de las tecnolog\u00edas estudiadas en torno al uso racional de la energ\u00eda. Con estos modelos se ha implementado una herramienta de c\u00e1lculo en excel, ruepower, que permite evaluar el ahorro de energ\u00eda mediante la implantaci\u00f3n de equipos con contenido en electr\u00f3nica de potencia en una instalaci\u00f3n industrial y terciaria.   en cuanto al an\u00e1lisis del impacto del ciclo de vida, el doctorando analiza las implicaciones energ\u00e9ticas y medioambientales asociadas para posteriormente centrar el an\u00e1lisis cuantitativo en los aspectos energ\u00e9ticos y evaluar la energ\u00eda necesaria para, en cada uno de los a\u00f1os del estudio, fabricar los equipos de potencia necesarios para mantener el interfaz de potencia activo (equipos que reponen a los que se retiran y equipos que cubren nuevas necesidades). Para ello, a lo largo del estudio y de forma paralela se ha ido evaluando la magnitud de lo que el doctorando llama \u00abinterfaz de potencia\u00bb, que es  la potencia nominal total de los equipos a emplear para cada uno de los a\u00f1os de estudio (2006, 2010, 2020) seg\u00fan las hip\u00f3tesis de penetraci\u00f3n de la electr\u00f3nica de potencia. En base a est\u00e1 energ\u00eda empleada en fabricar los equipos, se calcula las emisiones generadas.  finalmente, se procede a la integraci\u00f3n de los resultados y a la estimaci\u00f3n de las emisiones de gases de efecto invernadero (gases por separado y emisiones equivalentes de co2) y de otros indicadores medioambientales, energ\u00e9ticos y sociales. Para ello se suman las reducciones estimadas en cada una de las \u00e1reas y se les resta las generadas por la fabricaci\u00f3n. Los resultados son puestos en contexto y discutidos.<\/p>\n<p>&nbsp;<\/p>\n<h3>Datos acad\u00e9micos de la tesis doctoral \u00ab<strong>Contribuci\u00f3n de la electr\u00f3nica de potencia al desarrollo sostenible. reducci\u00f3n de emisiones para el escenario espa\u00f1ol en los a\u00f1os  2006, 2010 y 2020<\/strong>\u00ab<\/h3>\n<ul>\n<li><strong>T\u00edtulo de la tesis:<\/strong>\u00a0 Contribuci\u00f3n de la electr\u00f3nica de potencia al desarrollo sostenible. reducci\u00f3n de emisiones para el escenario espa\u00f1ol en los a\u00f1os  2006, 2010 y 2020 <\/li>\n<li><strong>Autor:<\/strong>\u00a0 Francisco Javier Hurtado Albir <\/li>\n<li><strong>Universidad:<\/strong>\u00a0 Miguel hern\u00e1ndez de elche<\/li>\n<li><strong>Fecha de lectura de la tesis:<\/strong>\u00a0 27\/07\/2010<\/li>\n<\/ul>\n<p>&nbsp;<\/p>\n<h3>Direcci\u00f3n y tribunal<\/h3>\n<ul>\n<li><strong>Director de la tesis<\/strong>\n<ul>\n<li>Jos\u00e9 Antonio Carrasco Hern\u00e1ndez<\/li>\n<\/ul>\n<\/li>\n<li><strong>Tribunal<\/strong>\n<ul>\n<li>Presidente del tribunal: pedro jose Fernandez de cordoba castella <\/li>\n<li>Emilio Figueres amor\u00f3s (vocal)<\/li>\n<li>xavier Jord? i sanuy (vocal)<\/li>\n<li>Carlos Vila pastor (vocal)<\/li>\n<\/ul>\n<\/li>\n<\/ul>\n<p>&nbsp;<\/p>\n","protected":false},"excerpt":{"rendered":"<p>Tesis doctoral de Francisco Javier Hurtado Albir La tesis persigue la evaluaci\u00f3n del impacto de la electr\u00f3nica de potencia en [&hellip;]<\/p>\n","protected":false},"author":1,"featured_media":0,"comment_status":"open","ping_status":"open","sticky":false,"template":"","format":"standard","meta":{"site-sidebar-layout":"default","site-content-layout":"","ast-site-content-layout":"","site-content-style":"default","site-sidebar-style":"default","ast-global-header-display":"","ast-banner-title-visibility":"","ast-main-header-display":"","ast-hfb-above-header-display":"","ast-hfb-below-header-display":"","ast-hfb-mobile-header-display":"","site-post-title":"","ast-breadcrumbs-content":"","ast-featured-img":"","footer-sml-layout":"","theme-transparent-header-meta":"","adv-header-id-meta":"","stick-header-meta":"","header-above-stick-meta":"","header-main-stick-meta":"","header-below-stick-meta":"","astra-migrate-meta-layouts":"default","ast-page-background-enabled":"default","ast-page-background-meta":{"desktop":{"background-color":"var(--ast-global-color-4)","background-image":"","background-repeat":"repeat","background-position":"center center","background-size":"auto","background-attachment":"scroll","background-type":"","background-media":"","overlay-type":"","overlay-color":"","overlay-gradient":""},"tablet":{"background-color":"","background-image":"","background-repeat":"repeat","background-position":"center center","background-size":"auto","background-attachment":"scroll","background-type":"","background-media":"","overlay-type":"","overlay-color":"","overlay-gradient":""},"mobile":{"background-color":"","background-image":"","background-repeat":"repeat","background-position":"center center","background-size":"auto","background-attachment":"scroll","background-type":"","background-media":"","overlay-type":"","overlay-color":"","overlay-gradient":""}},"ast-content-background-meta":{"desktop":{"background-color":"var(--ast-global-color-5)","background-image":"","background-repeat":"repeat","background-position":"center center","background-size":"auto","background-attachment":"scroll","background-type":"","background-media":"","overlay-type":"","overlay-color":"","overlay-gradient":""},"tablet":{"background-color":"var(--ast-global-color-5)","background-image":"","background-repeat":"repeat","background-position":"center center","background-size":"auto","background-attachment":"scroll","background-type":"","background-media":"","overlay-type":"","overlay-color":"","overlay-gradient":""},"mobile":{"background-color":"var(--ast-global-color-5)","background-image":"","background-repeat":"repeat","background-position":"center center","background-size":"auto","background-attachment":"scroll","background-type":"","background-media":"","overlay-type":"","overlay-color":"","overlay-gradient":""}},"footnotes":""},"categories":[20341,8096,37169,3706,2206],"tags":[72947,76592,209340,209341,78276,209342],"class_list":["post-103365","post","type-post","status-publish","format-standard","hentry","category-cambio-climatico","category-ingenieria-y-tecnologia-electricas","category-miguel-hernandez-de-elche","category-tecnologia-electronica","category-tecnologia-energetica","tag-carlos-vila-pastor","tag-emilio-figueres-amoros","tag-francisco-javier-hurtado-albir","tag-jose-antonio-carrasco-hernandez","tag-pedro-jose-fernandez-de-cordoba-castella","tag-xavier-jord-i-sanuy"],"_links":{"self":[{"href":"https:\/\/www.deberes.net\/tesis\/wp-json\/wp\/v2\/posts\/103365","targetHints":{"allow":["GET"]}}],"collection":[{"href":"https:\/\/www.deberes.net\/tesis\/wp-json\/wp\/v2\/posts"}],"about":[{"href":"https:\/\/www.deberes.net\/tesis\/wp-json\/wp\/v2\/types\/post"}],"author":[{"embeddable":true,"href":"https:\/\/www.deberes.net\/tesis\/wp-json\/wp\/v2\/users\/1"}],"replies":[{"embeddable":true,"href":"https:\/\/www.deberes.net\/tesis\/wp-json\/wp\/v2\/comments?post=103365"}],"version-history":[{"count":0,"href":"https:\/\/www.deberes.net\/tesis\/wp-json\/wp\/v2\/posts\/103365\/revisions"}],"wp:attachment":[{"href":"https:\/\/www.deberes.net\/tesis\/wp-json\/wp\/v2\/media?parent=103365"}],"wp:term":[{"taxonomy":"category","embeddable":true,"href":"https:\/\/www.deberes.net\/tesis\/wp-json\/wp\/v2\/categories?post=103365"},{"taxonomy":"post_tag","embeddable":true,"href":"https:\/\/www.deberes.net\/tesis\/wp-json\/wp\/v2\/tags?post=103365"}],"curies":[{"name":"wp","href":"https:\/\/api.w.org\/{rel}","templated":true}]}}